{"id":73885,"date":"2024-02-28T15:15:57","date_gmt":"2024-02-28T15:15:57","guid":{"rendered":"https:\/\/www.ole.com.ar\/futbol-internacional\/colo-colo-preocupacion-cesped-previa-revancha-godoy-cruz_0_QpQBKxU9j8.html"},"modified":"2024-02-28T15:15:57","modified_gmt":"2024-02-28T15:15:57","slug":"godoy-cruz-preocupacion-por-el-cesped-de-colo-colo-en-la-previa-de-la-revancha","status":"publish","type":"post","link":"http:\/\/hoycordobaweb.com\/index.php\/2024\/02\/28\/godoy-cruz-preocupacion-por-el-cesped-de-colo-colo-en-la-previa-de-la-revancha\/","title":{"rendered":"Godoy Cruz: preocupaci\u00f3n por el c\u00e9sped de Colo-Colo en la previa de la revancha"},"content":{"rendered":"<p><img src=\"http:\/\/hoycordobaweb.com\/wp-content\/uploads\/2024\/02\/godoy-cruz-preocupacion-por-el-cesped-de-colo-colo-en-la-previa-de-la-revancha.jpg\"><\/p>\n<p><time class=\"createDate\" datetime=\"2024-02-28T12:15:57-03:00\">28\/02\/2024 12:15hs.<\/time><\/p>\n<div id=\"storyBody\">\n<div class=\"custom-text \" readability=\"40\">\n<p>El pr\u00f3ximo jueves 29, a las 21:30 horas, <strong>Godoy Cruz visitar\u00e1 a Colo Colo con el objetivo de definir qui\u00e9n avanzar\u00e1 a la \u00faltima ronda preclasificatoria de la Copa Libertadores<\/strong>. El equipo chileno cuenta con una ventaja m\u00ednima tras su victoria en Mendoza, donde Marcos Bolados fue el \u00fanico jugador capaz de marcarle al Tomba en lo que va del a\u00f1o. Ahora, en este encuentro decisivo, Godoy Cruz buscar\u00e1 revertir la situaci\u00f3n y lograr el pase a la siguiente fase del torneo continental.<\/p>\n<\/div>\n<div class=\"custom-text \" readability=\"28.338983050847\">\n<p>El encuentro de ida estuvo marcado por cuestiones extradeportivas, <strong><a href=\"https:\/\/www.ole.com.ar\/futbol-internacional\/libertadores\/godoy-cruz-colo-colo-jorge-almiron-daniel-oldra-copa-libertadores_0_LLtrQZ02mG.html\" target=\"_blank\" title=\"debido a las agresiones de barras del Cacique contra habitantes de la ciudad de Godoy Cruz\" alt=\"debido a las agresiones de barras del Cacique contra habitantes de la ciudad de Godoy Cruz\" rel=\"noopener noreferrer\">debido a las agresiones de barras del Cacique contra habitantes de la ciudad de Godoy Cruz<\/a><\/strong>. Y la previa de la revancha empieza con la misma t\u00f3nica: por los incidentes, el Monumental de Chile tendr\u00e1 aforo reducido de 30 mil personas, casi dos tercios de la capacidad total de la cancha.<\/p>\n<\/div>\n<div class=\"custom-text \" readability=\"37\">\n<p><strong>Adem\u00e1s del p\u00fablico, el campo de juego del albo tiene sus dificultades propias<\/strong>: el estado del terreno de juego deja dudas en el club trasandino, que tuvo que emparchar las dos \u00e1reas y trabaja contrarreloj junto a la empresa encargada de las reparaciones del c\u00e9sped para lograr que la cancha llegue al encuentro en las mejores condiciones posibles.<\/p>\n<\/div>\n<div class=\"custom-text \" readability=\"31.53807106599\">\n<p>Uno de los puntos m\u00e1s llamativos es que <strong>Colo Colo no juega en su estadio de local hace m\u00e1s de dos meses, siendo la derrota 2-0 contra Uni\u00f3n Espa\u00f1ola la \u00faltima vez que el Cacique recibi\u00f3 a un rival en el Estadio David Arellano<\/strong>. Desde entonces, particip\u00f3 en nueve encuentros de los que hizo de local en 1, <strong><a href=\"https:\/\/www.ole.com.ar\/futbol-internacional\/central-amistoso-colo-colo-rio-plata_0_wzdv0p9ExY.html\" target=\"_blank\" title=\"cuando se enfrent\u00f3 a Rosario Central por la Serie R\u00edo de la Plata\" alt=\"cuando se enfrent\u00f3 a Rosario Central por la Serie R\u00edo de la Plata\" rel=\"noopener noreferrer\">cuando se enfrent\u00f3 a Rosario Central por la Serie R\u00edo de la Plata<\/a><\/strong> en Montevideo.}<\/p>\n<\/div>\n<div class=\"sc-e7b891c4-0 jPbnQF\"><img alt=\"En el duelo cordillerano, los de Santiago se fueron con la cabeza en alto.\" src=\"http:\/\/hoycordobaweb.com\/wp-content\/uploads\/2024\/02\/godoy-cruz-preocupacion-por-el-cesped-de-colo-colo-en-la-previa-de-la-revancha-2.jpg\" width=\"720\" height=\"100\" decoding=\"async\" data-nimg=\"future\" loading=\"lazy\"><span class=\"epigraphe\">En el duelo cordillerano, los de Santiago se fueron con la cabeza en alto.<\/span><\/div>\n<p><h2>La palabra de Almir\u00f3n sobre el aforo<\/h2>\n<\/p>\n<div class=\"custom-text \" readability=\"41\">\n<p><strong>Jorge Almir\u00f3n<\/strong>, el entrenador del equipo chileno, quien tuvo su \u00faltimo paso por Boca, expres\u00f3 su molestia en una conferencia de prensa previa al partido con Godoy Cruz. El DT se mostr\u00f3 frustrado por la decisi\u00f3n de la Delegaci\u00f3n Presidencial, mencionando:<strong> \u00abEs una l\u00e1stima que no se pueda asegurar la capacidad del estadio, que no se pueda llenar, que sea una fiesta\u00bb<\/strong>.<\/p>\n<\/div>\n<div class=\"custom-text \" readability=\"36.842639593909\">\n<p>Adem\u00e1s, agreg\u00f3 que \u201cla gente se iba a comportar bien. Estoy seguro que la gente no quiere perjudicar al club. <strong>Es una desagradable sorpresa para m\u00ed<\/strong> [&#8230;] Ojal\u00e1 que no siga pasando porque la gente no tendr\u00e1 f\u00fatbol. <strong>Me pone triste, como DT estoy representando a un buen club y siento que se le privan muchas cosas<\/strong>\u201d, agregando tambi\u00e9n lo especial de la vuelta de <a href=\"https:\/\/www.ole.com.ar\/tema\/arturo-vidal.html\" title=\"arturo vidal\" alt=\"arturo vidal\" class=\"slug\">Arturo Vidal<\/a> al Cacique.<\/p>\n<\/div>\n<div class=\"sc-e7b891c4-0 jPbnQF\"><img alt=\"Almir\u00f3n asumi\u00f3 en Colo Colo luego de su renuncia tras la final perdida con Boca.\" src=\"http:\/\/hoycordobaweb.com\/wp-content\/uploads\/2024\/02\/godoy-cruz-preocupacion-por-el-cesped-de-colo-colo-en-la-previa-de-la-revancha-3.jpg\" width=\"720\" height=\"100\" decoding=\"async\" data-nimg=\"future\" loading=\"lazy\"><span class=\"epigraphe\">Almir\u00f3n asumi\u00f3 en Colo Colo luego de su renuncia tras la final perdida con Boca.<\/span><\/div>\n<p><h2>Chile, un pa\u00eds en problemas con las canchas<\/h2>\n<\/p>\n<div class=\"custom-text \" readability=\"35\">\n<p>El estadio Monumental de Colo Colo no es el \u00fanico campo chileno que gener\u00f3 revuelo debido a su estado en los \u00faltimos d\u00edas, <strong>siendo esta vez el deporte de la raqueta en donde hubo una serie de reclamos sobre una cancha<\/strong>.<\/p>\n<\/div>\n<div class=\"custom-text \" readability=\"34.302702702703\">\n<p>El ATP de Santiago, que cuenta con la presencia de argentinos como <a href=\"https:\/\/www.ole.com.ar\/tema\/sebastian-baez.html\" title=\"Sebasti\u00e1n Ba\u00e9z\" alt=\"Sebasti\u00e1n Ba\u00e9z\" class=\"slug\">Sebasti\u00e1n B\u00e1ez<\/a> y <a href=\"https:\/\/www.ole.com.ar\/tema\/facundo-diaz-acosta.html\" title=\"Facundo D\u00edaz Acosta\" alt=\"Facundo D\u00edaz Acosta\" class=\"slug\">Facundo D\u00edaz Acosta<\/a>, estuvo en el ojo de la tormenta en los \u00faltimos d\u00edas por el estado de su canchas de tierra batida, <strong>que mostraron una condici\u00f3n muy mala y hasta generaron complicaciones en el desarrollo de los partidos<\/strong> por el casi nulo pique de la pelota en varias situaciones.<\/p>\n<\/div>\n<div class=\"sc-a7166897-0 exHLBh\" readability=\"6.5\">\n<section readability=\"3\"><picture><img alt=\"Almir\u00f3n antes de la revancha contra Godoy Cruz: &quot;Enfrentamos al mejor equipo de la Argentina&quot;\" src=\"http:\/\/hoycordobaweb.com\/wp-content\/uploads\/2024\/02\/godoy-cruz-preocupacion-por-el-cesped-de-colo-colo-en-la-previa-de-la-revancha-4.jpg\" width=\"290\" height=\"290\" decoding=\"async\" data-nimg=\"future\" loading=\"lazy\"><\/picture>\n<p><span>Mir\u00e1 tambi\u00e9n<\/span><\/p>\n<hr>\n<h3>Almir\u00f3n antes de la revancha contra Godoy Cruz: \u00abEnfrentamos al mejor equipo de la Argentina\u00bb<\/h3>\n<\/p>\n<\/section>\n<\/div>\n<div class=\"sc-a7166897-0 exHLBh\" readability=\"6.5\">\n<section readability=\"3\"><picture><img alt=\"Barras de Colo Colo: hincha noqueado, uno detenido y periodistas agredidos\" src=\"http:\/\/hoycordobaweb.com\/wp-content\/uploads\/2024\/02\/godoy-cruz-preocupacion-por-el-cesped-de-colo-colo-en-la-previa-de-la-revancha-5.jpg\" width=\"290\" height=\"290\" decoding=\"async\" data-nimg=\"future\" loading=\"lazy\"><\/picture>\n<p><span>Mir\u00e1 tambi\u00e9n<\/span><\/p>\n<hr>\n<h3>Barras de Colo Colo: hincha noqueado, uno detenido y periodistas agredidos<\/h3>\n<\/p>\n<\/section>\n<\/div>\n<div class=\"sc-a7166897-0 exHLBh\" readability=\"6\">\n<section readability=\"2\"><picture><img alt=\"Libertadores: ya hay tres clasificados a la \u00faltima fase previa a los grupos\" src=\"http:\/\/hoycordobaweb.com\/wp-content\/uploads\/2024\/02\/godoy-cruz-preocupacion-por-el-cesped-de-colo-colo-en-la-previa-de-la-revancha-6.jpg\" width=\"290\" height=\"290\" decoding=\"async\" data-nimg=\"future\" loading=\"lazy\"><\/picture>\n<p><span>Mir\u00e1 tambi\u00e9n<\/span><\/p>\n<hr>\n<h3>Libertadores: ya hay tres clasificados a la \u00faltima fase previa a los grupos<\/h3>\n<\/p>\n<\/section>\n<\/div>\n<\/div>\n","protected":false},"excerpt":{"rendered":"<p>28\/02\/2024 12:15hs. El pr\u00f3ximo jueves 29, a las 21:30 horas, Godoy Cruz visitar\u00e1 a Colo Colo con el objetivo de definir qui\u00e9n avanzar\u00e1 a la \u00faltima ronda preclasificatoria de la Copa Libertadores. El equipo chileno cuenta con una ventaja m\u00ednima tras su victoria en Mendoza, donde Marcos Bolados fue el \u00fanico jugador capaz de marcarle [&hellip;]<\/p>\n","protected":false},"author":1,"featured_media":73886,"comment_status":"open","ping_status":"closed","sticky":false,"template":"","format":"standard","meta":[],"categories":[16],"tags":[],"_links":{"self":[{"href":"http:\/\/hoycordobaweb.com\/index.php\/wp-json\/wp\/v2\/posts\/73885"}],"collection":[{"href":"http:\/\/hoycordobaweb.com\/index.php\/wp-json\/wp\/v2\/posts"}],"about":[{"href":"http:\/\/hoycordobaweb.com\/index.php\/wp-json\/wp\/v2\/types\/post"}],"author":[{"embeddable":true,"href":"http:\/\/hoycordobaweb.com\/index.php\/wp-json\/wp\/v2\/users\/1"}],"replies":[{"embeddable":true,"href":"http:\/\/hoycordobaweb.com\/index.php\/wp-json\/wp\/v2\/comments?post=73885"}],"version-history":[{"count":0,"href":"http:\/\/hoycordobaweb.com\/index.php\/wp-json\/wp\/v2\/posts\/73885\/revisions"}],"wp:featuredmedia":[{"embeddable":true,"href":"http:\/\/hoycordobaweb.com\/index.php\/wp-json\/wp\/v2\/media\/73886"}],"wp:attachment":[{"href":"http:\/\/hoycordobaweb.com\/index.php\/wp-json\/wp\/v2\/media?parent=73885"}],"wp:term":[{"taxonomy":"category","embeddable":true,"href":"http:\/\/hoycordobaweb.com\/index.php\/wp-json\/wp\/v2\/categories?post=73885"},{"taxonomy":"post_tag","embeddable":true,"href":"http:\/\/hoycordobaweb.com\/index.php\/wp-json\/wp\/v2\/tags?post=73885"}],"curies":[{"name":"wp","href":"https:\/\/api.w.org\/{rel}","templated":true}]}}