{"id":73883,"date":"2024-02-28T16:01:33","date_gmt":"2024-02-28T16:01:33","guid":{"rendered":"https:\/\/www.ole.com.ar\/futbol-internacional\/kylian-mbappe-ethan-paris-saint-germain-santiago-bernabeu-real-madrid_0_fH1lI4nIAI.html"},"modified":"2024-02-28T16:01:33","modified_gmt":"2024-02-28T16:01:33","slug":"el-insolito-pedido-de-mbappe-para-firmar-con-el-real-madrid","status":"publish","type":"post","link":"http:\/\/hoycordobaweb.com\/index.php\/2024\/02\/28\/el-insolito-pedido-de-mbappe-para-firmar-con-el-real-madrid\/","title":{"rendered":"El ins\u00f3lito pedido de Mbapp\u00e9 para firmar con el Real Madrid"},"content":{"rendered":"<p><img src=\"http:\/\/hoycordobaweb.com\/wp-content\/uploads\/2024\/02\/el-insolito-pedido-de-mbappe-para-firmar-con-el-real-madrid.jpg\"><\/p>\n<p><time class=\"createDate\" datetime=\"2024-02-28T13:01:33-03:00\">28\/02\/2024 13:01hs.<\/time><\/p>\n<div id=\"storyBody\">\n<div class=\"custom-text \" readability=\"41\">\n<p>El contrato de <strong>Kylian Mbapp\u00e9 <\/strong>con el Par\u00eds Saint-Germain est\u00e1 llegando a su fin, y el jugador franc\u00e9s ha tomado la decisi\u00f3n de no renovarlo, optando por marcharse en condici\u00f3n de libre. El <strong>Real Madrid<\/strong> ha surgido como el principal candidato para hacerse con sus servicios, y las negociaciones entre ambas partes est\u00e1n en marcha. Sin embargo, <strong>lo que har\u00eda \u00fanica esta transferencia es la inclusi\u00f3n del hermano menor de Mbapp\u00e9, Ethan, en el acuerdo.<\/strong><\/p>\n<\/div>\n<p><h2><strong><em>Ethan, el hermano de Kylian, podr\u00eda llegar al Real Madrid<\/em><\/strong><\/h2>\n<\/p>\n<div class=\"custom-text \" readability=\"40\">\n<p>El tema principal que rond\u00f3 las negociaciones con Mbapp\u00e9 fue el aspecto econ\u00f3mico. Seg\u00fan los medios espa\u00f1oles, el <strong>Real Madrid le ofreci\u00f3 un contrato que incluye una prima de 150 millones de euros<\/strong>, distribuidos en cinco pagos, para adquirir su pase, considerando que llega al club libre de compromisos con otros equipos. Adem\u00e1s, s<strong>e acord\u00f3 un salario de 15.000.000 de euros por a\u00f1o durante las cinco temporadas que firmar\u00e1 con el club<\/strong>.<\/p>\n<\/div>\n<div class=\"custom-text \" readability=\"38\">\n<p>A esto<strong> se sumar\u00eda un porcentaje de los derechos de imagen <\/strong>por los acuerdos comerciales que el Real Madrid cierre, lo que podr\u00eda totalizar aproximadamente <strong>50.000.000 de euros al a\u00f1o<\/strong>. Sin embargo, una de las condiciones adicionales para su inminente llegada al Santiago Bernab\u00e9u ser\u00eda que<strong> el Merengue tambi\u00e9n contrate a Ethan<\/strong>, el hermano menor de Kylian Mbapp\u00e9.<\/p>\n<\/div>\n<div class=\"custom-text \" readability=\"41\">\n<p><strong>Ethan Mbapp\u00e9<\/strong>, de 17 a\u00f1os de edad y jugador del PSG, habr\u00eda sido parte de las conversaciones entre Kylian y el Real Madrid. La solicitud de la familia Mbapp\u00e9 fue clara:<strong> si Kylian se une al club blanco, tambi\u00e9n quieren que Ethan sea fichado por el Madrid<\/strong>. Esta condici\u00f3n, aunque inusual, habr\u00eda sido aceptada por el Real Madrid, demostrando su compromiso con el jugador y su deseo de complacer sus demandas.<\/p>\n<\/div>\n<div class=\"sc-e7b891c4-0 jPbnQF\"><img alt=\"Kylian e Ethan ya han compartido el terreno de juego en el PSG. (REUTER)\" src=\"http:\/\/hoycordobaweb.com\/wp-content\/uploads\/2024\/02\/el-insolito-pedido-de-mbappe-para-firmar-con-el-real-madrid-2.jpg\" width=\"720\" height=\"100\" decoding=\"async\" data-nimg=\"future\" loading=\"lazy\"><span class=\"epigraphe\">Kylian e Ethan ya han compartido el terreno de juego en el PSG. (REUTER)<\/span><\/div>\n<div class=\"custom-text \" readability=\"37\">\n<p>Ethan, <strong>un talentoso centrocampista zurdo, ha dejado una impresi\u00f3n positiva en el Parque de los Pr\u00edncipe<\/strong>s desde su debut en diciembre. Su estilo de juego se complementa con el de su hermano. Y la decisi\u00f3n del Merengue de acoger a Ethan demuestra su confianza en el potencial del joven jugador y su deseo de construir un equipo competitivo para el futuro.<\/p>\n<\/div>\n<div class=\"custom-text \" readability=\"39\">\n<p>Si todo sigue seg\u00fan lo planeado, Ethan Mbapp\u00e9 <strong>se unir\u00e1 al Real Madrid de manera libre una vez que finalice su contrato<\/strong> con el PSG en junio, tal como su hermano Kylian. Se espera que tenga un papel tanto en el conjunto de Carlo Ancelotti como en el <strong>Real Madrid Castilla<\/strong>, el equipo filial de la Casa Blanca, el lo que le permitir\u00e1 seguir desarroll\u00e1ndose como jugador mientras se adapta al f\u00fatbol espa\u00f1ol.<\/p>\n<\/div>\n<div class=\"sc-e7b891c4-0 jPbnQF\"><img alt=\"En junio de 2022, Ethan hab\u00eda renovado contrato con el PSG hasta 2024. Foto: Prensa Paris Saint Germain.\" src=\"http:\/\/hoycordobaweb.com\/wp-content\/uploads\/2024\/02\/el-insolito-pedido-de-mbappe-para-firmar-con-el-real-madrid-3.jpg\" width=\"720\" height=\"100\" decoding=\"async\" data-nimg=\"future\" loading=\"lazy\"><span class=\"epigraphe\">En junio de 2022, Ethan hab\u00eda renovado contrato con el PSG hasta 2024. Foto: Prensa Paris Saint Germain.<\/span><\/div>\n<div class=\"sc-a7166897-0 exHLBh\" readability=\"6\">\n<section readability=\"2\"><picture><img alt=\"La fiesta de 15 de Benjam\u00edn Ag\u00fcero Maradona\" src=\"http:\/\/hoycordobaweb.com\/wp-content\/uploads\/2024\/02\/el-insolito-pedido-de-mbappe-para-firmar-con-el-real-madrid-4.jpg\" width=\"290\" height=\"290\" decoding=\"async\" data-nimg=\"future\" loading=\"lazy\"><\/picture>\n<p><span>Mir\u00e1 tambi\u00e9n<\/span><\/p>\n<hr>\n<h3>La fiesta de 15 de Benjam\u00edn Ag\u00fcero Maradona<\/h3>\n<\/p>\n<\/section>\n<\/div>\n<div class=\"sc-a7166897-0 exHLBh\" readability=\"6.5\">\n<section readability=\"3\"><picture><img alt=\"Varela, en el radar del Liverpool: \u00bfqu\u00e9 le corresponde a Boca si Porto lo vende?\" src=\"http:\/\/hoycordobaweb.com\/wp-content\/uploads\/2024\/02\/el-insolito-pedido-de-mbappe-para-firmar-con-el-real-madrid-5.jpg\" width=\"290\" height=\"290\" decoding=\"async\" data-nimg=\"future\" loading=\"lazy\"><\/picture>\n<p><span>Mir\u00e1 tambi\u00e9n<\/span><\/p>\n<hr>\n<h3>Varela, en el radar del Liverpool: \u00bfqu\u00e9 le corresponde a Boca si Porto lo vende?<\/h3>\n<\/p>\n<\/section>\n<\/div>\n<div class=\"sc-a7166897-0 exHLBh\" readability=\"6.5\">\n<section readability=\"3\"><picture><img alt=\"Partidos de hoy, mi\u00e9rcoles 28 de febrero: agenda de f\u00fatbol y por d\u00f3nde ver en vivo\" src=\"http:\/\/hoycordobaweb.com\/wp-content\/uploads\/2024\/02\/el-insolito-pedido-de-mbappe-para-firmar-con-el-real-madrid-6.jpg\" width=\"290\" height=\"290\" decoding=\"async\" data-nimg=\"future\" loading=\"lazy\"><\/picture>\n<p><span>Mir\u00e1 tambi\u00e9n<\/span><\/p>\n<hr>\n<h3>Partidos de hoy, mi\u00e9rcoles 28 de febrero: agenda de f\u00fatbol y por d\u00f3nde ver en vivo<\/h3>\n<\/p>\n<\/section>\n<\/div>\n<\/div>\n","protected":false},"excerpt":{"rendered":"<p>28\/02\/2024 13:01hs. El contrato de Kylian Mbapp\u00e9 con el Par\u00eds Saint-Germain est\u00e1 llegando a su fin, y el jugador franc\u00e9s ha tomado la decisi\u00f3n de no renovarlo, optando por marcharse en condici\u00f3n de libre. El Real Madrid ha surgido como el principal candidato para hacerse con sus servicios, y las negociaciones entre ambas partes est\u00e1n [&hellip;]<\/p>\n","protected":false},"author":1,"featured_media":73884,"comment_status":"open","ping_status":"closed","sticky":false,"template":"","format":"standard","meta":[],"categories":[16],"tags":[],"_links":{"self":[{"href":"http:\/\/hoycordobaweb.com\/index.php\/wp-json\/wp\/v2\/posts\/73883"}],"collection":[{"href":"http:\/\/hoycordobaweb.com\/index.php\/wp-json\/wp\/v2\/posts"}],"about":[{"href":"http:\/\/hoycordobaweb.com\/index.php\/wp-json\/wp\/v2\/types\/post"}],"author":[{"embeddable":true,"href":"http:\/\/hoycordobaweb.com\/index.php\/wp-json\/wp\/v2\/users\/1"}],"replies":[{"embeddable":true,"href":"http:\/\/hoycordobaweb.com\/index.php\/wp-json\/wp\/v2\/comments?post=73883"}],"version-history":[{"count":0,"href":"http:\/\/hoycordobaweb.com\/index.php\/wp-json\/wp\/v2\/posts\/73883\/revisions"}],"wp:featuredmedia":[{"embeddable":true,"href":"http:\/\/hoycordobaweb.com\/index.php\/wp-json\/wp\/v2\/media\/73884"}],"wp:attachment":[{"href":"http:\/\/hoycordobaweb.com\/index.php\/wp-json\/wp\/v2\/media?parent=73883"}],"wp:term":[{"taxonomy":"category","embeddable":true,"href":"http:\/\/hoycordobaweb.com\/index.php\/wp-json\/wp\/v2\/categories?post=73883"},{"taxonomy":"post_tag","embeddable":true,"href":"http:\/\/hoycordobaweb.com\/index.php\/wp-json\/wp\/v2\/tags?post=73883"}],"curies":[{"name":"wp","href":"https:\/\/api.w.org\/{rel}","templated":true}]}}