{"id":73853,"date":"2024-02-27T16:25:00","date_gmt":"2024-02-27T16:25:00","guid":{"rendered":"http:\/\/hoycordobaweb.com\/index.php\/2024\/02\/27\/kicillof-milei-nos-invita-a-una-sociedad-espantosa-un-pais-en-estado-de-disolucion\/"},"modified":"2024-02-27T16:25:00","modified_gmt":"2024-02-27T16:25:00","slug":"kicillof-milei-nos-invita-a-una-sociedad-espantosa-un-pais-en-estado-de-disolucion","status":"publish","type":"post","link":"http:\/\/hoycordobaweb.com\/index.php\/2024\/02\/27\/kicillof-milei-nos-invita-a-una-sociedad-espantosa-un-pais-en-estado-de-disolucion\/","title":{"rendered":"Kicillof: \u00abMilei nos invita a una sociedad espantosa, un pa\u00eds en estado de disoluci\u00f3n\u00bb"},"content":{"rendered":"<p><img src=\"http:\/\/hoycordobaweb.com\/wp-content\/uploads\/2024\/02\/kicillof-milei-nos-invita-a-una-sociedad-espantosa-un-pais-en-estado-de-disolucion.jpg\"><\/p>\n<div><img src=\"http:\/\/hoycordobaweb.com\/wp-content\/uploads\/2024\/02\/kicillof-milei-nos-invita-a-una-sociedad-espantosa-un-pais-en-estado-de-disolucion-2.jpg\" class=\"ff-og-image-inserted\"><\/div>\n<h3>\u00abNo qued\u00f3 otra\u00bb opci\u00f3n que ir a la Corte por recorte del Fondo<\/h3>\n<p>Cuatro ministros que integran el gabinete del gobernador bonaerense, Axel Kicillof, criticaron <strong>la decisi\u00f3n tomada por el Gobierno nacional de eliminar el Fondo de Fortalecimiento Fiscal <\/strong>para la provincia y aseguraron que al mandatario \u00abno le qued\u00f3 otra\u00bb opci\u00f3n que recurrir con una presentaci\u00f3n ante la Corte Suprema de Justicia de la Naci\u00f3n para reclamar su restituci\u00f3n.<\/p>\n<p>\u00abAntes de tomar esta medida, (el gobernador) nos hab\u00eda instruido que hagamos todos los reclamos de car\u00e1cter administrativos que correspondieran por este Fondo\u00bb, pero <strong>al no haber \u00abdi\u00e1logo ni interlocuci\u00f3n posible\u00bb con la Naci\u00f3n<\/strong>, \u00abno le qued\u00f3 otra que defender los recursos de la provincia\u00bb ante el m\u00e1ximo tribunal de Justicia del pa\u00eds, afirm\u00f3 el<strong> ministro de Gobierno de Buenos Aires, Carlos Bianco.<\/strong><\/p>\n<p>En declaraciones a Radio Provincia, el funcionario destac\u00f3 que la Naci\u00f3n mantiene \u00abuna deuda acumulada\u00bb con el distrito, correspondiente al eliminado Fondo de Fortalecimiento Fiscal, \u00abde 88.800 millones de pesos\u00bb entre diciembre \u00faltimo y este mes.<\/p>\n<p>Adem\u00e1s, Bianco record\u00f3 que la herramienta fiscal, creada por el expresidente Alberto Fern\u00e1ndez en 2020 tras una protesta policial contra el gobierno de Kicillof, fue incluida en el Presupuesto 2023, que fue prorrogado para este ejercicio por el presidente Javier Milei.<\/p>\n<p>Por lo tanto, Bianco indic\u00f3 que \u00abel propio Gobierno (nacional) estaba sosteniendo que esos fondos le corresponden durante todo 2024 a la provincia, aunque ahora de manera intempestiva y sin ning\u00fan tipo de aviso o discusi\u00f3n lo recortan\u00bb.<\/p>\n<p>Bianco destac\u00f3 que antes de eliminar el Fondo de Fortalecimiento, una decisi\u00f3n que fue publicada en el Bolet\u00edn Oficial, la administraci\u00f3n bonaerense hab\u00eda sufrido otros recortes de recursos financieros en las \u00faltimas semanas, entre ellas en \u00e1reas de educaci\u00f3n, salud, viviendas y obras de infraestructura, que \u00abten\u00edan financiamiento o ejecuci\u00f3n del Gobierno nacional\u00bb, detall\u00f3.<\/p>\n<p>Por su parte, <strong>el ministro de Infraestructura bonaerense, Gabriel Katopodis<\/strong>, opin\u00f3 que el presidente <strong>Milei \u00abse alegra cuando ve que hay provincias que se van asfixiando\u00bb financieramente, \u00abcomo es el caso de la de Buenos Aires\u00bb.<\/strong><\/p>\n<p>\u00abSi quiere ajustar con el Presupuesto Nacional, es decisi\u00f3n de \u00e9l (en referencia a Milei), pero no puede quedarse con recursos de las provincias\u00bb, plante\u00f3 Katopodis en declaraciones a la radio online Futurock.<\/p>\n<p>Y agreg\u00f3: \u00abLa mayor\u00eda de los gobernadores coincide en que Milei toma decisiones todos los d\u00edas para quebrar a las provincias. El Presidente disfruta de que jubilados y docentes tengan salarios por debajo de la inflaci\u00f3n\u00bb.<\/p>\n<p>\u00abLo que estamos viendo es una situaci\u00f3n sin precedentes. No creo que el Presidente no sepa lo que est\u00e1 haciendo. Es totalmente consciente de lo que est\u00e1 llevando adelante\u00bb, evalu\u00f3, en tanto, el ministro de Desarrollo de la Comunidad bonaerense, Andr\u00e9s Larroque, en declaraciones a Radio 10.<\/p>\n<p>Larroque opin\u00f3 que el Gobierno nacional lleva adelante \u00abun ajuste brutal\u00bb que \u00abpuso a la Argentina patas para arriba\u00bb, por lo que consider\u00f3 que es momento de \u00abponer cordura\u00bb ante una situaci\u00f3n, dijo, \u00abde tanto desconcierto\u00bb.<\/p>\n<p>\u00abMilei est\u00e1 en una carrera contra el tiempo; necesita destruir el poder pol\u00edtico que tiene enfrente en dos o tres meses. Seguir atacando a la pol\u00edtica es dejar al pueblo argentino sin salida\u00bb, evalu\u00f3 Larroque.<\/p>\n<p>En tanto, <strong>el ministro de Justicia y Derechos Humanos bonaerense, Juan Mart\u00edn Mena, <\/strong>afirm\u00f3 que<strong> los recortes de fondos impulsadas por el Gobierno nacional \u00abaltera la vida, la educaci\u00f3n, la seguridad y la tranquilidad\u00bb de los argentinos.<\/strong><\/p>\n<p>\u00abCon estas medidas que est\u00e1 tomando el gobierno federal ni mas ni menos se afecta directamente la vida cotidiana de ciudadanos y ciudadanas. Parece que bajo la bandera de la libertad, la \u00fanica libertad que estamos asistiendo es la de manotearle los derechos a los argentinos, en este caso la de los bonaerenses\u00bb, dijo en declaraciones a Radio La Br\u00fajula, de la ciudad de Bah\u00eda Blanca.<\/p>\n","protected":false},"excerpt":{"rendered":"<p>\u00abNo qued\u00f3 otra\u00bb opci\u00f3n que ir a la Corte por recorte del Fondo Cuatro ministros que integran el gabinete del gobernador bonaerense, Axel Kicillof, criticaron la decisi\u00f3n tomada por el Gobierno nacional de eliminar el Fondo de Fortalecimiento Fiscal para la provincia y aseguraron que al mandatario \u00abno le qued\u00f3 otra\u00bb opci\u00f3n que recurrir con [&hellip;]<\/p>\n","protected":false},"author":1,"featured_media":73854,"comment_status":"open","ping_status":"closed","sticky":false,"template":"","format":"standard","meta":[],"categories":[19],"tags":[],"_links":{"self":[{"href":"http:\/\/hoycordobaweb.com\/index.php\/wp-json\/wp\/v2\/posts\/73853"}],"collection":[{"href":"http:\/\/hoycordobaweb.com\/index.php\/wp-json\/wp\/v2\/posts"}],"about":[{"href":"http:\/\/hoycordobaweb.com\/index.php\/wp-json\/wp\/v2\/types\/post"}],"author":[{"embeddable":true,"href":"http:\/\/hoycordobaweb.com\/index.php\/wp-json\/wp\/v2\/users\/1"}],"replies":[{"embeddable":true,"href":"http:\/\/hoycordobaweb.com\/index.php\/wp-json\/wp\/v2\/comments?post=73853"}],"version-history":[{"count":0,"href":"http:\/\/hoycordobaweb.com\/index.php\/wp-json\/wp\/v2\/posts\/73853\/revisions"}],"wp:featuredmedia":[{"embeddable":true,"href":"http:\/\/hoycordobaweb.com\/index.php\/wp-json\/wp\/v2\/media\/73854"}],"wp:attachment":[{"href":"http:\/\/hoycordobaweb.com\/index.php\/wp-json\/wp\/v2\/media?parent=73853"}],"wp:term":[{"taxonomy":"category","embeddable":true,"href":"http:\/\/hoycordobaweb.com\/index.php\/wp-json\/wp\/v2\/categories?post=73853"},{"taxonomy":"post_tag","embeddable":true,"href":"http:\/\/hoycordobaweb.com\/index.php\/wp-json\/wp\/v2\/tags?post=73853"}],"curies":[{"name":"wp","href":"https:\/\/api.w.org\/{rel}","templated":true}]}}