{"id":73851,"date":"2024-02-27T16:28:00","date_gmt":"2024-02-27T16:28:00","guid":{"rendered":"http:\/\/hoycordobaweb.com\/index.php\/2024\/02\/27\/gremios-aeronauticos-confirmaron-el-paro-del-miercoles-y-los-vuelos-se-verian-afectados\/"},"modified":"2024-02-27T16:28:00","modified_gmt":"2024-02-27T16:28:00","slug":"gremios-aeronauticos-confirmaron-el-paro-del-miercoles-y-los-vuelos-se-verian-afectados","status":"publish","type":"post","link":"http:\/\/hoycordobaweb.com\/index.php\/2024\/02\/27\/gremios-aeronauticos-confirmaron-el-paro-del-miercoles-y-los-vuelos-se-verian-afectados\/","title":{"rendered":"Gremios aeron\u00e1uticos confirmaron el paro del mi\u00e9rcoles y los vuelos se ver\u00edan afectados"},"content":{"rendered":"<p><img src=\"http:\/\/hoycordobaweb.com\/wp-content\/uploads\/2024\/02\/gremios-aeronauticos-confirmaron-el-paro-del-miercoles-y-los-vuelos-se-verian-afectados.jpg\"><\/p>\n<figure class=\"mb-3\"><img loading=\"lazy\" data-src=\"http:\/\/hoycordobaweb.com\/wp-content\/uploads\/2024\/02\/gremios-aeronauticos-confirmaron-el-paro-del-miercoles-y-los-vuelos-se-verian-afectados-2.jpg\" src=\"https:\/\/www.telam.com.ar\/assets\/img\/not_image.png\" class=\" lazy \" width=\"100%\" height=\"100%\" alt=\"El reclamo es por una recomposicin salarial superior al 12 por ciento ofrecido por las empresas del sector\"><figcaption> El reclamo es por una recomposici\u00f3n salarial superior al 12 por ciento ofrecido por las empresas del sector. <\/figcaption><\/figure>\n<p>Los sindicatos aeron\u00e1uticos Asociaci\u00f3n del Personal Aeron\u00e1utico (APA), Asociaci\u00f3n Pilotos de L\u00edneas A\u00e9reas (APLA) y la Uni\u00f3n del Personal Superior y Profesional de Empresas Aerocomerciales (UPSA) confirmaron la realizaci\u00f3n de un paro de actividades este mi\u00e9rcoles, por 24 horas, en reclamo de una recomposici\u00f3n salarial superior al 12 por ciento ofrecido por las empresas del sector.<\/p>\n<p>Los detalles de la medida de fuerza, que en principio afectar\u00e1 los vuelos durante toda la jornada, ser\u00e1n brindados este martes en una conferencia de prensa que los gremios brindar\u00e1n a partir de las 17 en la sede de APLA, ubicada en la calle Lezica 4031 del barrio porte\u00f1o de Almagro.<\/p>\n<p>\u00abDada la intransigencia adoptada por Aerol\u00edneas Argentinas e Intercargo, los sindicatos aeron\u00e1uticos APA, APLA y UPSA comunicamos que, por causas ajenas a nuestra voluntad, nos vemos obligados a declarar paro total de actividades por 24 horas\u00bb, manifestaron los gremios en un comunicado conjunto.<\/p>\n<p><strong>La medida de fuerza fue anunciada luego de que las empresas Aerol\u00edneas Argentinas e Intercargo ofrecieran a los trabajadores una recomposici\u00f3n salarial del 12 por ciento para los haberes de marzo.<\/strong><\/p>\n<p>\u00abLa pauta ofrecida solo profundiza la p\u00e9rdida de poder adquisitivo registrada en el actual periodo paritario\u00bb, plantearon los gremios del sector, que a la vez indicaron que ese porcentaje llevar\u00eda \u00aba un desfasaje salarial insostenible del 70% respecto a la inflaci\u00f3n registrada\u00bb.<\/p>\n<p>Los trabajadores se\u00f1alaron que el anuncio de la medida de fuerza fue realizado con antelaci\u00f3n para permitir a las empresas<strong> \u00abtomar los recaudos necesarios\u00bb para no afectar a los usuarios.<\/strong><\/p>\n<p>En ese sentido, trasladaron a las autoridades la responsabilidad por \u00ablos inconvenientes que pudieran surgir\u00bb.<\/p>\n<blockquote class=\"twitter-tweet\" readability=\"5.0062893081761\">\n<p lang=\"es\" dir=\"ltr\">Conferencia de Prensa de los Sindicatos Aeron\u00e1uticos<a href=\"https:\/\/twitter.com\/APAERONAUTICOS?ref_src=twsrc%5Etfw\">@APAERONAUTICOS<\/a>, <a href=\"https:\/\/twitter.com\/aplapilotos?ref_src=twsrc%5Etfw\">@aplapilotos<\/a> y <a href=\"https:\/\/twitter.com\/UPSA_Oficial?ref_src=twsrc%5Etfw\">@UPSA_Oficial<\/a><br \/>el martes 27-feb ante el Paro anunciado en Aerol\u00edneas Argentinas e Intercargo para el mi\u00e9rcoles 28 de febrero<a href=\"https:\/\/twitter.com\/hashtag\/somosapa?src=hash&amp;ref_src=twsrc%5Etfw\">#somosapa<\/a> <a href=\"https:\/\/twitter.com\/hashtag\/paro?src=hash&amp;ref_src=twsrc%5Etfw\">#paro<\/a> <a href=\"https:\/\/twitter.com\/hashtag\/aerolineas?src=hash&amp;ref_src=twsrc%5Etfw\">#aerolineas<\/a> <a href=\"https:\/\/twitter.com\/hashtag\/intercargo?src=hash&amp;ref_src=twsrc%5Etfw\">#intercargo<\/a> <a href=\"https:\/\/t.co\/15H5xw2daJ\">pic.twitter.com\/15H5xw2daJ<\/a><\/p>\n<p>\u2014 APA (@APAERONAUTICOS) <a href=\"https:\/\/twitter.com\/APAERONAUTICOS\/status\/1762205793640685849?ref_src=twsrc%5Etfw\">February 26, 2024<\/a><\/p><\/blockquote>\n<p><\/p>\n<h2 class>La postura de las compa\u00f1\u00edas a\u00e9reas<\/h2>\n<p>Hasta la ma\u00f1ana del martes, las compa\u00f1\u00edas a\u00e9reas no hab\u00edan informado sobre cancelaciones o reprogramaciones de sus vuelos para ma\u00f1ana.<\/p>\n<p>En<strong> Jetsmart <\/strong>advirtieron mediante un comunicado sobre la posibilidad de que los vuelos se vean afectados y ofrecen a los pasajeros la alternativa de cambios de fecha sin costo.<\/p>\n<p>En <strong>Aerol\u00edneas Argentinas<\/strong>, fuentes de la compa\u00f1\u00eda indicaron a T\u00e9lam que no hay una decisi\u00f3n tomada al respecto y a\u00fan esperan que el di\u00e1logo entre las partes pueda desactivar la medida.<\/p>\n<p><strong>Flybondi,<\/strong> por su parte, inform\u00f3 que trasladar\u00e1 toda su operaci\u00f3n del 28 de febrero al aeropuerto internacional de Ezeiza debido al paro anunciado por algunos gremios aeron\u00e1uticos que, entre otros servicios, afectar\u00e1n la prestaci\u00f3n de servicio de asistencia en tierra a los aviones y a los pasajeros.<\/p>\n<p>Dado que la low cost cuenta con su propio servicio en el 80% de los aeropuertos en los que opera, podr\u00e1 mantener la actividad durante el d\u00eda del paro. Sin embargo, en otros aeropuertos como Aeroparque esta actividad es provista por la compa\u00f1\u00eda Intercargo.<\/p>\n<p>En tanto, Flybondi realiz\u00f3 ajustes operativos para ma\u00f1ana como cambios de aeropuertos, reprogramaciones y la cancelaci\u00f3n de 6 vuelos. Los pasajeros afectados por estas modificaciones, cuyos vuelos hayan sido cancelados o reprogramados con m\u00e1s de 4 horas de diferencia respecto a su horario original, podr\u00e1n cambiar la fecha de su vuelo&#8211;sin costo adicional a trav\u00e9s del 0810-555\u20133592. de lunes a domingos de 7 a 23.<\/p>\n<p>Desde <strong>Latam<\/strong>, en tanto, informaron a trav\u00e9s de un comunicado sobre probables complicaciones en sus vuelos internacionales, y pusieron a disposici\u00f3n la posibilidad de realizar cambios de fecha sin cargo.<\/p>\n<p>Todas las compa\u00f1\u00edas piden que los pasajeros consulten sobre sus vuelos en las p\u00e1ginas web de las empresas. <\/p>\n","protected":false},"excerpt":{"rendered":"<p>El reclamo es por una recomposici\u00f3n salarial superior al 12 por ciento ofrecido por las empresas del sector. Los sindicatos aeron\u00e1uticos Asociaci\u00f3n del Personal Aeron\u00e1utico (APA), Asociaci\u00f3n Pilotos de L\u00edneas A\u00e9reas (APLA) y la Uni\u00f3n del Personal Superior y Profesional de Empresas Aerocomerciales (UPSA) confirmaron la realizaci\u00f3n de un paro de actividades este mi\u00e9rcoles, por [&hellip;]<\/p>\n","protected":false},"author":1,"featured_media":73852,"comment_status":"open","ping_status":"closed","sticky":false,"template":"","format":"standard","meta":[],"categories":[19],"tags":[],"_links":{"self":[{"href":"http:\/\/hoycordobaweb.com\/index.php\/wp-json\/wp\/v2\/posts\/73851"}],"collection":[{"href":"http:\/\/hoycordobaweb.com\/index.php\/wp-json\/wp\/v2\/posts"}],"about":[{"href":"http:\/\/hoycordobaweb.com\/index.php\/wp-json\/wp\/v2\/types\/post"}],"author":[{"embeddable":true,"href":"http:\/\/hoycordobaweb.com\/index.php\/wp-json\/wp\/v2\/users\/1"}],"replies":[{"embeddable":true,"href":"http:\/\/hoycordobaweb.com\/index.php\/wp-json\/wp\/v2\/comments?post=73851"}],"version-history":[{"count":0,"href":"http:\/\/hoycordobaweb.com\/index.php\/wp-json\/wp\/v2\/posts\/73851\/revisions"}],"wp:featuredmedia":[{"embeddable":true,"href":"http:\/\/hoycordobaweb.com\/index.php\/wp-json\/wp\/v2\/media\/73852"}],"wp:attachment":[{"href":"http:\/\/hoycordobaweb.com\/index.php\/wp-json\/wp\/v2\/media?parent=73851"}],"wp:term":[{"taxonomy":"category","embeddable":true,"href":"http:\/\/hoycordobaweb.com\/index.php\/wp-json\/wp\/v2\/categories?post=73851"},{"taxonomy":"post_tag","embeddable":true,"href":"http:\/\/hoycordobaweb.com\/index.php\/wp-json\/wp\/v2\/tags?post=73851"}],"curies":[{"name":"wp","href":"https:\/\/api.w.org\/{rel}","templated":true}]}}