{"id":73841,"date":"2024-02-27T13:03:26","date_gmt":"2024-02-27T13:03:26","guid":{"rendered":"https:\/\/www.mujerhoy.com\/moda\/no-te-pierdas\/reina-letizia-look-lujo-silencioso-misa-homenaje-constantino-de-grecia-vestido-azul-elegante-20240227123816-nt.html"},"modified":"2024-02-27T13:03:26","modified_gmt":"2024-02-27T13:03:26","slug":"la-reina-letizia-vuelve-a-windsor-con-un-look-de-lujo-silencioso-que-la-convierte-en-la-invitada-mas-elegante-de-la-misa-de-constantino-de-grecia","status":"publish","type":"post","link":"http:\/\/hoycordobaweb.com\/index.php\/2024\/02\/27\/la-reina-letizia-vuelve-a-windsor-con-un-look-de-lujo-silencioso-que-la-convierte-en-la-invitada-mas-elegante-de-la-misa-de-constantino-de-grecia\/","title":{"rendered":"La reina Letizia vuelve a Windsor con un look de lujo silencioso que la convierte en la invitada m\u00e1s elegante de la misa de Constantino de Grecia"},"content":{"rendered":"<p><!-- AUTHOR --> <\/p>\n<div class=\"voc-author-timesocial \"> <!-- AUTHOR --> <\/p>\n<div class=\"voc-author-timesocial__signature\"> <!-- IMAGE AUTHOR --> <picture class=\"voc-image-signature\"> <img class=\"voc-image-signature__img\" src=\"http:\/\/hoycordobaweb.com\/wp-content\/uploads\/2024\/02\/la-reina-letizia-vuelve-a-windsor-con-un-look-de-lujo-silencioso-que-la-convierte-en-la-invitada-mas-elegante-de-la-misa-de-constantino-de-grecia.jpg\" alt=\"Raquel Rodr\u00edguez\"> <\/picture> <!-- INFO AUTHOR --> <\/div><\/div>\n<p> <!-- COMPONENTS --> <\/p>\n<p class=\"voc-paragraph\">Semana intenta para los reyes de Espa\u00f1a. A pesar de que la agenda real indicaba tan solo un par de actos oficiales que tienen como protagonista la visita del Presidente de la Rep\u00fablica de Paraguay, lo cierto es los monarcas han tenido que adaptarse a hechos inesperado que les han hecho<br \/>\n<strong> viajar mucho en pocas horas<\/strong>.\n<\/p>\n<p class=\"voc-paragraph\">Ayer, despu\u00e9s de que don Felipe estuviera en Barcelona en el Mobile World Congress, tanto \u00e9l como la do\u00f1a Letizia se trasladdaron a Valencia para conocer de cerca lo sucedido con el<br \/>\n<strong> incendio de Valencia<\/strong> &#8211;<br \/>\n<a data-voc-vtm-id=\"in-text-traffic\" href=\"https:\/\/www.mujerhoy.com\/actualidad\/letizia-incendio-valencia-abrazo-victimas-empatia-horror-segundo-plano-20240227225604-nt.html\" title=\"www.mujerhoy.com\">esto es lo que no se vio de la visita<\/a>-. All\u00ed, la reina consorte sac\u00f3 su versi\u00f3n m\u00e1s sencilla y sobria con <a data-voc-vtm-id=\"in-text-traffic\" href=\"https:\/\/www.mujerhoy.com\/moda\/no-te-pierdas\/reina-letizia-visita-victimas-tragico-incendio-valencia-look-sobrio-traje-raya-diplomatica-20240226191701-nt.html\" title=\"www.mujerhoy.com\">este traje de rayas<\/a>.\n<\/p>\n<p class=\"voc-paragraph\">Horas despu\u00e9s, viajaron a Londres para asitir hoy la<br \/>\n<strong> misa en memoria de Constantino de Grecia<\/strong>, fallecido hace un a\u00f1o en Atenas. Una cita que supone el regreso de la <a data-voc-vtm-id=\"in-text-traffic\" href=\"https:\/\/www.mujerhoy.com\/temas\/personajes\/reina-dona-letizia.html\" title=\"www.mujerhoy.com\">reina Letizia<\/a> a Londres y que nos ha dejado el<br \/>\n<a data-voc-vtm-id=\"in-text-traffic\" href=\"https:\/\/www.mujerhoy.com\/celebrities\/realeza\/reina-letizia-perdona-borbones-triunfo-camilla-misa-constantino-grecia-en-windsor-20240226071254-nt.html\" title=\"www.mujerhoy.com\"> reencuentro de los monarcas con los em\u00e9ritos<\/a> Juan Carlos y Sof\u00eda.\n<\/p>\n<p class=\"voc-paragraph\">La<br \/>\n<strong> capilla de San Jorge del castillo de Windsor <\/strong>ha acogido este homenaje que se ha hecho en memoria del \u00faltimo rey de los Helenos y que ha coincidido en la ceremonia de Acci\u00f3n de Gracias que la casa real brit\u00e1nica y la griega convocan el 27 de febrero. Un evento royal que ha reunido a diferentes miembros de las casas reales europeas y en el que la reina Letizia se ha lucido, una vez m\u00e1s.\n<\/p>\n<p class=\"voc-paragraph\">Siempre que viaja, do\u00f1a Letizia aprovecha para sacar su mejor versi\u00f3n y confirmar por que es considerada una de las mujeres m\u00e1s elegantes y con m\u00e1s estilo del mundo. Es plenamente consciente de la <strong>repercusi\u00f3n internacional<\/strong> que tiene este tipo de salidas y no da puntada sin hilo en cuanto a looks se refiere.\n<\/p>\n<div class=\"voc-detail-photo-zoom\"> <picture data-toggle=\"modal\" data-target=\"#photoZoomModal-331\" target=\"modal\">\n<div class=\"voc-img-icon-link\"> <img loading=\"lazy\" data-original=\"\/\/static3.mujerhoy.com\/www\/multimedia\/202402\/27\/media\/cortadas\/reina-letizia-look-azul-k6HC--650x900@MujerHoy.jpg\" width=\"650\" height=\"900\" class=\"lazy\" alt=\"Felipe y Letizia en Windsor. \/ GTRES\"> <noscript> <img src=\"http:\/\/hoycordobaweb.com\/wp-content\/uploads\/2024\/02\/la-reina-letizia-vuelve-a-windsor-con-un-look-de-lujo-silencioso-que-la-convierte-en-la-invitada-mas-elegante-de-la-misa-de-constantino-de-grecia.webp\" alt=\"Felipe y Letizia en Windsor. \/ GTRES\"> <\/noscript> <i class=\"voc-icons zoom voc-multimedia-box voc-ico-l\"><\/i> <\/div><figcaption class=\"figure-caption\">Felipe y Letizia en Windsor. \/ GTRES<\/figcaption><\/picture>\n<\/div>\n<div id=\"photoZoomModal-331\" class=\"voc-lightbox modal fade voc-lightbox--photo-zoom\" role=\"dialog\" data-voc-photozoom-lightbox>\n<div class=\"voc-lightbox__dialog\" role=\"document\">\n<div class=\"voc-lightbox__content\"> <!-- Modal header --> <!-- Modal content --> <\/p>\n<div class=\"voc-lightbox__photo-container\"> <picture class> <img loading=\"lazy\" data-original=\"\/\/static3.mujerhoy.com\/www\/multimedia\/202402\/27\/media\/cortadas\/reina-letizia-look-azul-k6HC--650x900@MujerHoy.jpg\" alt=\"Felipe y Letizia en Windsor. \/ GTRES\" class=\"lazy\"> <noscript> <img src=\"http:\/\/hoycordobaweb.com\/wp-content\/uploads\/2024\/02\/la-reina-letizia-vuelve-a-windsor-con-un-look-de-lujo-silencioso-que-la-convierte-en-la-invitada-mas-elegante-de-la-misa-de-constantino-de-grecia.webp\" alt=\"Felipe y Letizia en Windsor. \/ GTRES\"> <\/noscript> <\/picture> <\/div><\/div><\/div>\n<\/div>\n<p class=\"voc-paragraph\">Y es que, todas las miradas estaban puestas en ella, y no solo por ver su reacci\u00f3n al estar junto a Sof\u00eda y Juan Carlos -este es su tercer encuentro fuera de Europa tras estar en el funeral de Isabel II y en el de Constantino de Grecia el enero del a\u00f1o pasado-, sino tambi\u00e9n por su look. Su propuesta de estilo promet\u00eda competir con el de otras mujeres como <strong>Marie Chantal<\/strong> y no, no ha defraudado.\n<\/p>\n<p class=\"voc-paragraph\">La reina Letizia se llev\u00f3 el premio a la invitada m\u00e1s elegante de la cita gracias a un total look de color azul oscuro que firma <strong>Carolina Herrera<\/strong>. A pesar de que estaba formado por un vestido midi de manga larga y corte sencillo, la monarca marc\u00f3 la diferencia al acompa\u00f1arlo de su prenda de abrigo favorita para las citas especiales: la capa.\n<\/p>\n<div class=\"voc-detail-photo-zoom\"> <picture data-toggle=\"modal\" data-target=\"#photoZoomModal-653\" target=\"modal\">\n<div class=\"voc-img-icon-link\"> <img loading=\"lazy\" data-original=\"\/\/static2.mujerhoy.com\/www\/multimedia\/202402\/27\/media\/cortadas\/letizia-vestido-azul-k5FE--650x900@MujerHoy.jpg\" width=\"650\" height=\"900\" class=\"lazy\" alt=\"La reina Letizia y su look azul. \/ GTRES\"> <noscript> <img src=\"http:\/\/hoycordobaweb.com\/wp-content\/uploads\/2024\/02\/la-reina-letizia-vuelve-a-windsor-con-un-look-de-lujo-silencioso-que-la-convierte-en-la-invitada-mas-elegante-de-la-misa-de-constantino-de-grecia-1.webp\" alt=\"La reina Letizia y su look azul. \/ GTRES\"> <\/noscript> <i class=\"voc-icons zoom voc-multimedia-box voc-ico-l\"><\/i> <\/div><figcaption class=\"figure-caption\">La reina Letizia y su look azul. \/ GTRES<\/figcaption><\/picture>\n<\/div>\n<div id=\"photoZoomModal-653\" class=\"voc-lightbox modal fade voc-lightbox--photo-zoom\" role=\"dialog\" data-voc-photozoom-lightbox>\n<div class=\"voc-lightbox__dialog\" role=\"document\">\n<div class=\"voc-lightbox__content\"> <!-- Modal header --> <!-- Modal content --> <\/p>\n<div class=\"voc-lightbox__photo-container\"> <picture class> <img loading=\"lazy\" data-original=\"\/\/static2.mujerhoy.com\/www\/multimedia\/202402\/27\/media\/cortadas\/letizia-vestido-azul-k5FE--650x900@MujerHoy.jpg\" alt=\"La reina Letizia y su look azul. \/ GTRES\" class=\"lazy\"> <noscript> <img src=\"http:\/\/hoycordobaweb.com\/wp-content\/uploads\/2024\/02\/la-reina-letizia-vuelve-a-windsor-con-un-look-de-lujo-silencioso-que-la-convierte-en-la-invitada-mas-elegante-de-la-misa-de-constantino-de-grecia-1.webp\" alt=\"La reina Letizia y su look azul. \/ GTRES\"> <\/noscript> <\/picture> <\/div><\/div><\/div>\n<\/div>\n<p class=\"voc-paragraph\">Es su truco de estilo para <strong>ir abrigada sin perder la elegancia <\/strong>y es una prenda que le hemos visto un sinf\u00edn de ocasiones. Caracterizada por un cuello de pelo, acompa\u00f1\u00f3 a un vestido de un azul m\u00e1s claro y unos salones bajos y un bolso de mano de Magrit, todo en el mismo color.\n<\/p>\n<p class=\"voc-paragraph\">Unos pendientes de perlas y diamantes aportaban luz a este look oscuro y un peinado con ondas suaves era el toque final. Y s\u00ed, aunque no se trata de un outfit sorpresa y son prendas repetidas que le hemos visto en otras ocasiones, una vez m\u00e1s do\u00f1a Letizia consigui\u00f3 ser<br \/>\n<strong> la mejor vestida<\/strong>.\n<\/p>\n<p> <!-- TOPICS --> <\/p>\n","protected":false},"excerpt":{"rendered":"<p>Semana intenta para los reyes de Espa\u00f1a. A pesar de que la agenda real indicaba tan solo un par de actos oficiales que tienen como protagonista la visita del Presidente de la Rep\u00fablica de Paraguay, lo cierto es los monarcas han tenido que adaptarse a hechos inesperado que les han hecho viajar mucho en pocas [&hellip;]<\/p>\n","protected":false},"author":1,"featured_media":73842,"comment_status":"closed","ping_status":"closed","sticky":false,"template":"","format":"standard","meta":[],"categories":[1],"tags":[],"_links":{"self":[{"href":"http:\/\/hoycordobaweb.com\/index.php\/wp-json\/wp\/v2\/posts\/73841"}],"collection":[{"href":"http:\/\/hoycordobaweb.com\/index.php\/wp-json\/wp\/v2\/posts"}],"about":[{"href":"http:\/\/hoycordobaweb.com\/index.php\/wp-json\/wp\/v2\/types\/post"}],"author":[{"embeddable":true,"href":"http:\/\/hoycordobaweb.com\/index.php\/wp-json\/wp\/v2\/users\/1"}],"replies":[{"embeddable":true,"href":"http:\/\/hoycordobaweb.com\/index.php\/wp-json\/wp\/v2\/comments?post=73841"}],"version-history":[{"count":0,"href":"http:\/\/hoycordobaweb.com\/index.php\/wp-json\/wp\/v2\/posts\/73841\/revisions"}],"wp:featuredmedia":[{"embeddable":true,"href":"http:\/\/hoycordobaweb.com\/index.php\/wp-json\/wp\/v2\/media\/73842"}],"wp:attachment":[{"href":"http:\/\/hoycordobaweb.com\/index.php\/wp-json\/wp\/v2\/media?parent=73841"}],"wp:term":[{"taxonomy":"category","embeddable":true,"href":"http:\/\/hoycordobaweb.com\/index.php\/wp-json\/wp\/v2\/categories?post=73841"},{"taxonomy":"post_tag","embeddable":true,"href":"http:\/\/hoycordobaweb.com\/index.php\/wp-json\/wp\/v2\/tags?post=73841"}],"curies":[{"name":"wp","href":"https:\/\/api.w.org\/{rel}","templated":true}]}}