{"id":73774,"date":"2024-02-26T15:45:01","date_gmt":"2024-02-26T15:45:01","guid":{"rendered":"https:\/\/www.ole.com.ar\/independiente\/kunaguero-clasico-independienteracing-avellaneda_0_wTqlmhEYIT.html"},"modified":"2024-02-26T15:45:01","modified_gmt":"2024-02-26T15:45:01","slug":"la-acida-respuesta-del-kun-aguero-a-un-hincha-que-lo-trato-de-mufa","status":"publish","type":"post","link":"http:\/\/hoycordobaweb.com\/index.php\/2024\/02\/26\/la-acida-respuesta-del-kun-aguero-a-un-hincha-que-lo-trato-de-mufa\/","title":{"rendered":"La \u00e1cida respuesta del Kun Ag\u00fcero a un hincha que lo trat\u00f3 de mufa"},"content":{"rendered":"<p><img src=\"http:\/\/hoycordobaweb.com\/wp-content\/uploads\/2024\/02\/la-acida-respuesta-del-kun-aguero-a-un-hincha-que-lo-trato-de-mufa.jpg\"><\/p>\n<div><img src=\"http:\/\/hoycordobaweb.com\/wp-content\/uploads\/2024\/02\/la-acida-respuesta-del-kun-aguero-a-un-hincha-que-lo-trato-de-mufa.jpg\" class=\"ff-og-image-inserted\"><\/div>\n<p><time class=\"createDate\" datetime=\"2024-02-26T12:45:01-03:00\">26\/02\/2024 12:45hs.<\/time><\/p>\n<div id=\"storyBody\">\n<div class=\"custom-text \" readability=\"36\">\n<p>Con la presencia de <strong>Sergio Ag\u00fcero<\/strong> en uno de los palcos, <strong>Independiente <\/strong>perdi\u00f3 1 a 0 el cl\u00e1sico ante <strong>Racing <\/strong>por la s\u00e9ptima fecha de la Copa de la Liga. En este contexto, un seguidor tild\u00f3 al ex delantero de mufa y recibi\u00f3 una \u00e1cida respuesta.<\/p>\n<\/div>\n<div class=\"custom-text \" readability=\"38\">\n<p>\u00ab<strong>Kun no vayas mas a la cancha del Rojo si no es para jugar. Por favor, nunca m\u00e1s<\/strong>\u00ab, lanz\u00f3 un usuario de Twitter. Acto seguido, fue sorprendido por el ex futbolista, quien utiliz\u00f3 una estad\u00edstica para derribar la idea de que trajo mala suerte.<\/p>\n<\/div>\n<div class=\"custom-text \" readability=\"34\">\n<p>\u00ab<strong>Fui con Central y ganamos<\/strong>\u00ab, record\u00f3 el ex delantero de la <strong>Selecci\u00f3n Argentina<\/strong>. Y remat\u00f3: \u00ab<strong>De los \u00faltimos nueve cl\u00e1sicos se ganaron dos<\/strong>\u00ab.<\/p>\n<\/div>\n<p><h2>Independiente en la Copa de la Liga: posici\u00f3n y pr\u00f3ximos partidos<\/h2>\n<\/p>\n<div class=\"custom-text \" readability=\"35\">\n<p>Con siete fechas disputadas, <strong>Independiente <\/strong>est\u00e1 <strong>segundo <\/strong>en la tabla de posiciones del Grupo A de la Copa de la Liga con 13 puntos en su haber. Aunque tiene la misma cantidad de unidades que <strong>River <\/strong>(que est\u00e1 puntero) el Rojo qued\u00f3 debajo por diferencia de gol.<\/p>\n<\/div>\n<div class=\"custom-text \" readability=\"38\">\n<p>Hasta el momento, los dirigidos por <strong>Carlos Tevez<\/strong> ganaron cuatro, empataron uno y perdieron dos. Por lo tanto, de mantenerse entre los primeros puestos hasta la fecha 14, clasificar\u00e1n a la pr\u00f3xima instancia de la competencia.<\/p>\n<\/div>\n<div class=\"custom-text \" readability=\"39\">\n<p>Con este panorama en puerta, sus pr\u00f3ximos rivales ser\u00e1n <strong>Argentinos Juniors<\/strong>, <strong>Barracas Central<\/strong>, <strong>River<\/strong>, <strong>Deportivo Riestra<\/strong>, <strong>Atl\u00e9tico Tucum\u00e1n<\/strong>, <strong>Banfield <\/strong>y <strong>Talleres<\/strong>.<\/p>\n<\/div>\n<p><h2>El an\u00e1lisis de Carlos Tevez luego del cl\u00e1sico<\/h2>\n<\/p>\n<div class=\"custom-text \" readability=\"35\">\n<p>\u00ab<strong>Me deja muchas ense\u00f1anzas este partido<\/strong>. <strong>No soy ning\u00fan fen\u00f3meno como t\u00e9cnico<\/strong>. Llevo ocho meses dirigiendo. Obvio que no nos gusta perder un cl\u00e1sico\u00bb, reconoci\u00f3 el entrenador luego de la derrota. <\/p>\n<\/div>\n<div class=\"custom-text \" readability=\"35\">\n<p>Siguiendo la misma l\u00ednea, analiz\u00f3: \u00ab<strong>Estamos dolidos<\/strong>. De mitad de cancha hacia adelante estamos buscando mucho pelotazo a \u00c1valos. No encontr\u00e1bamos el espacio. <strong>No nos animamos a jugar de abajo y de ah\u00ed empez\u00f3 la desconfianza<\/strong>\u00ab. <\/p>\n<\/div>\n<div class=\"custom-text \" readability=\"36\">\n<p>Y finaliz\u00f3: \u00ab<strong>No jugamos bien, de eso me hago cargo<\/strong>. Los cambios podemos debatir si es uno u otro. Quedamos con un equipo largo, no hab\u00eda presi\u00f3n y por eso pareci\u00f3 que est\u00e1bamos mal f\u00edsicamente\u00bb.<\/p>\n<\/div>\n<div type=\"embed\" class=\"sc-7ce6049-0 dwIKul\">\n<div class=\"sc-7ce6049-1 bdcBBS videoText\" id=\"contentTitleembedovjxitEh\" type=\"embed\"><svg fill=\"#ffffff\"><symbol id=\"play\" viewBox=\"0 0 512 512\"><path d=\"M512 256C512 397.4 397.4 512 256 512C114.6 512 0 397.4 0 256C0 114.6 114.6 0 256 0C397.4 0 512 114.6 512 256zM176 168V344C176 352.7 180.7 360.7 188.3 364.9C195.8 369.2 205.1 369 212.5 364.5L356.5 276.5C363.6 272.1 368 264.4 368 256C368 247.6 363.6 239.9 356.5 235.5L212.5 147.5C205.1 142.1 195.8 142.8 188.3 147.1C180.7 151.3 176 159.3 176 168V168z\" \/><\/symbol><use xlink:href=\"#play\" \/><\/svg><\/p>\n<div class=\"right\">\n<p>Racing<!-- --> &#8211;<!-- --> <span>26-2-2024<\/span><\/p>\n<h2 class=\"title-vid\">El resumen de la victoria de Racing ante Independiente<\/h2>\n<\/div>\n<\/div>\n<p><span class=\"back\" id=\"spanBackembedovjxitEh\"><\/span><\/div>\n<div type=\"embed\" class=\"sc-7ce6049-0 dwIKul\">\n<div class=\"sc-7ce6049-1 bdcBBS videoText\" id=\"contentTitleembed91dtexzn\" type=\"embed\" readability=\"56\"><svg fill=\"#ffffff\"><symbol id=\"play\" viewBox=\"0 0 512 512\"><path d=\"M512 256C512 397.4 397.4 512 256 512C114.6 512 0 397.4 0 256C0 114.6 114.6 0 256 0C397.4 0 512 114.6 512 256zM176 168V344C176 352.7 180.7 360.7 188.3 364.9C195.8 369.2 205.1 369 212.5 364.5L356.5 276.5C363.6 272.1 368 264.4 368 256C368 247.6 363.6 239.9 356.5 235.5L212.5 147.5C205.1 142.1 195.8 142.8 188.3 147.1C180.7 151.3 176 159.3 176 168V168z\" \/><\/symbol><use xlink:href=\"#play\" \/><\/svg><\/p>\n<div class=\"right\" readability=\"7\">\n<p>Club Atl\u00e9tico Independiente<!-- --> &#8211;<!-- --> <span>26-2-2024<\/span><\/p>\n<h2 class=\"title-vid\">El penal que reclam\u00f3 Independiente sobre el final del partido<\/h2>\n<\/div>\n<\/div>\n<p><span class=\"back\" id=\"spanBackembed91dtexzn\"><\/span><\/div>\n<\/div>\n","protected":false},"excerpt":{"rendered":"<p>26\/02\/2024 12:45hs. Con la presencia de Sergio Ag\u00fcero en uno de los palcos, Independiente perdi\u00f3 1 a 0 el cl\u00e1sico ante Racing por la s\u00e9ptima fecha de la Copa de la Liga. En este contexto, un seguidor tild\u00f3 al ex delantero de mufa y recibi\u00f3 una \u00e1cida respuesta. \u00abKun no vayas mas a la cancha [&hellip;]<\/p>\n","protected":false},"author":1,"featured_media":73775,"comment_status":"open","ping_status":"closed","sticky":false,"template":"","format":"standard","meta":[],"categories":[16],"tags":[],"_links":{"self":[{"href":"http:\/\/hoycordobaweb.com\/index.php\/wp-json\/wp\/v2\/posts\/73774"}],"collection":[{"href":"http:\/\/hoycordobaweb.com\/index.php\/wp-json\/wp\/v2\/posts"}],"about":[{"href":"http:\/\/hoycordobaweb.com\/index.php\/wp-json\/wp\/v2\/types\/post"}],"author":[{"embeddable":true,"href":"http:\/\/hoycordobaweb.com\/index.php\/wp-json\/wp\/v2\/users\/1"}],"replies":[{"embeddable":true,"href":"http:\/\/hoycordobaweb.com\/index.php\/wp-json\/wp\/v2\/comments?post=73774"}],"version-history":[{"count":0,"href":"http:\/\/hoycordobaweb.com\/index.php\/wp-json\/wp\/v2\/posts\/73774\/revisions"}],"wp:featuredmedia":[{"embeddable":true,"href":"http:\/\/hoycordobaweb.com\/index.php\/wp-json\/wp\/v2\/media\/73775"}],"wp:attachment":[{"href":"http:\/\/hoycordobaweb.com\/index.php\/wp-json\/wp\/v2\/media?parent=73774"}],"wp:term":[{"taxonomy":"category","embeddable":true,"href":"http:\/\/hoycordobaweb.com\/index.php\/wp-json\/wp\/v2\/categories?post=73774"},{"taxonomy":"post_tag","embeddable":true,"href":"http:\/\/hoycordobaweb.com\/index.php\/wp-json\/wp\/v2\/tags?post=73774"}],"curies":[{"name":"wp","href":"https:\/\/api.w.org\/{rel}","templated":true}]}}