{"id":73768,"date":"2024-02-21T03:30:34","date_gmt":"2024-02-21T03:30:34","guid":{"rendered":"https:\/\/manoamanocba.com.ar\/?p=6610"},"modified":"2024-02-21T03:30:34","modified_gmt":"2024-02-21T03:30:34","slug":"entre-un-sueno-y-un-homenaje-entrevista-a-santiago-vaca-narvaja-actor-de-la-sociedad-de-la-nieve","status":"publish","type":"post","link":"http:\/\/hoycordobaweb.com\/index.php\/2024\/02\/21\/entre-un-sueno-y-un-homenaje-entrevista-a-santiago-vaca-narvaja-actor-de-la-sociedad-de-la-nieve\/","title":{"rendered":"Entre un sue\u00f1o y un homenaje: entrevista a Santiago Vaca Narvaja, actor de \u201cLa sociedad de la nieve\u201d"},"content":{"rendered":"<p><span><strong>Santiago Vaca Narvaja<\/strong> admite que a\u00fan no toma dimensi\u00f3n de haber protagonizado <em>\u201cLa sociedad de la nieve\u201d<\/em>, la pel\u00edcula producida por <strong>Netflix<\/strong> y dirigida por <strong>Juan Antonio Bayona<\/strong> sobre la tragedia de los Andes.<\/span><\/p>\n<p><span>De entrada, remarca una fecha clave:<strong> 23 de diciembre<\/strong>. Ese d\u00eda de 1972 fueron rescatados los \u00faltimos sobrevivientes del accidente ocurrido el 13 de octubre de ese a\u00f1o, cuando el Vuelo 571 de la Fuerza A\u00e9rea Uruguaya se estrell\u00f3 contra una monta\u00f1a de la cordillera.<\/span><\/p>\n<p><span>Ese d\u00eda, pero de 2020,<strong> el actor cordob\u00e9s<\/strong> envi\u00f3 el primer mail para participar del casting del rodaje de la reconstrucci\u00f3n de este episodio \u00e9pico sobre la supervivencia del equipo uruguayo de Rugby Old Christians en medio de la monta\u00f1a, la nieve y el fr\u00edo.<\/span><\/p>\n<p><span>En di\u00e1logo con <\/span><i><span>Mano a Mano<\/span><\/i><span>, Vaca Narvaja recuerda que se enter\u00f3 de la convocatoria por un amigo, que le comparti\u00f3 un flyer de <em>Twitter<\/em> en el que solo dec\u00eda que buscaban actores de 18 a 25 a\u00f1os, que alguna vez hayan jugado al rugby.<\/span><\/p>\n<p><a href=\"http:\/\/manoamanocba.com.ar\/wp-content\/uploads\/2024\/02\/4.jpg\"><img loading=\"lazy\" class=\"size-medium wp-image-6612 aligncenter\" src=\"http:\/\/hoycordobaweb.com\/wp-content\/uploads\/2024\/02\/entre-un-sueno-y-un-homenaje-entrevista-a-santiago-vaca-narvaja-actor-de-la-sociedad-de-la-nieve.jpg\" alt width=\"300\" height=\"300\" srcset=\"http:\/\/hoycordobaweb.com\/wp-content\/uploads\/2024\/02\/entre-un-sueno-y-un-homenaje-entrevista-a-santiago-vaca-narvaja-actor-de-la-sociedad-de-la-nieve.jpg 300w, http:\/\/hoycordobaweb.com\/wp-content\/uploads\/2024\/02\/entre-un-sueno-y-un-homenaje-entrevista-a-santiago-vaca-narvaja-actor-de-la-sociedad-de-la-nieve-13.jpg 1024w, http:\/\/hoycordobaweb.com\/wp-content\/uploads\/2024\/02\/entre-un-sueno-y-un-homenaje-entrevista-a-santiago-vaca-narvaja-actor-de-la-sociedad-de-la-nieve-14.jpg 150w, http:\/\/hoycordobaweb.com\/wp-content\/uploads\/2024\/02\/entre-un-sueno-y-un-homenaje-entrevista-a-santiago-vaca-narvaja-actor-de-la-sociedad-de-la-nieve-15.jpg 768w, http:\/\/hoycordobaweb.com\/wp-content\/uploads\/2024\/02\/entre-un-sueno-y-un-homenaje-entrevista-a-santiago-vaca-narvaja-actor-de-la-sociedad-de-la-nieve-16.jpg 1080w\" sizes=\"(max-width: 300px) 100vw, 300px\"><\/a><\/p>\n<p><span>\u201cYo tuve un paso por el<strong> Tala Rugby Club<\/strong> y jugu\u00e9 en la Asociaci\u00f3n Cordobesa de Volantes, en Mendiolaza, porque soy de <strong>Unquillo<\/strong>. Ese 23 de diciembre de 2020, mand\u00e9 mi primer mail con el CV, fotos y un v\u00eddeo de presentaci\u00f3n\u201d, cuenta.<\/span><\/p>\n<p><span>Destaca la fecha porque asegura que es \u201cun loco de los n\u00fameros\u201d. Sin embargo, reci\u00e9n le responder\u00edan en febrero del 2021, solicitando m\u00e1s material pero a\u00fan sin sospechar de qu\u00e9 se trataba esta producci\u00f3n audiovisual.<\/span><\/p>\n<p><span>\u201cLlegaban las primeras escenas con los nombres cambiados. Pero hab\u00eda palabras clave, como <strong>fuselaje, nieve y rugby<\/strong>, y era algo inevitable. Hasta que encontr\u00e9 un art\u00edculo en ingl\u00e9s que anunciaba que Juan Antonio Bayona preparaba la pel\u00edcula \u2018La sociedad de la nieve\u201d, revela.<\/span><\/p>\n<p><span>En ese momento, Vaca Narvaja era estudiante de <strong>Cine de la Universidad Nacional de C\u00f3rdoba<\/strong>, trabajaba en el Polo Audiovisual de la Provincia y participaba de la grabaci\u00f3n \u201cCiudad Universitaria\u201d, una producci\u00f3n local del director Rosendo Ruiz.<\/span><\/p>\n<p><span>\u201cCuando me confirmaron que la pel\u00edcula iba a ser producida por Netflix y dirigida por Juan Antonio Bayona, estaba viviendo un viaje de locura. Me conoc\u00eda toda la filmograf\u00eda de \u2018Jota\u2019: desde \u2018El Orfanato\u2019, pasando por \u2018Lo imposible\u2019 hasta lo hecho en \u2018Jurassic World\u2019 y la serie del \u2018Se\u00f1or de los Anillos\u2019\u201d, expresa.<\/span><\/p>\n<p><span>Avanz\u00f3 en el proceso de selecci\u00f3n del elenco, viaj\u00f3 a Uruguay para someterse a una prueba de interpretaci\u00f3n de distintos personajes y volvi\u00f3 a C\u00f3rdoba a\u00fan con la incertidumbre. <\/span><span>Luego de un proceso de nueve meses de casting, qued\u00f3 seleccionado: \u201cMe citan en una videollamada, me consultan si me hab\u00eda llegado la \u00faltima y se trataba todo de un juego. Fue todo un grito de gloria y fiesta en medio de la oficina\u201d, recuerda.<\/span><\/p>\n<p><a href=\"http:\/\/manoamanocba.com.ar\/wp-content\/uploads\/2024\/02\/2.jpg\"><img loading=\"lazy\" class=\"size-medium wp-image-6613 aligncenter\" src=\"http:\/\/hoycordobaweb.com\/wp-content\/uploads\/2024\/02\/entre-un-sueno-y-un-homenaje-entrevista-a-santiago-vaca-narvaja-actor-de-la-sociedad-de-la-nieve-11.jpg\" alt width=\"300\" height=\"226\" srcset=\"http:\/\/hoycordobaweb.com\/wp-content\/uploads\/2024\/02\/entre-un-sueno-y-un-homenaje-entrevista-a-santiago-vaca-narvaja-actor-de-la-sociedad-de-la-nieve-17.jpg 300w, http:\/\/hoycordobaweb.com\/wp-content\/uploads\/2024\/02\/entre-un-sueno-y-un-homenaje-entrevista-a-santiago-vaca-narvaja-actor-de-la-sociedad-de-la-nieve-18.jpg 1024w, http:\/\/hoycordobaweb.com\/wp-content\/uploads\/2024\/02\/entre-un-sueno-y-un-homenaje-entrevista-a-santiago-vaca-narvaja-actor-de-la-sociedad-de-la-nieve-19.jpg 768w, http:\/\/hoycordobaweb.com\/wp-content\/uploads\/2024\/02\/entre-un-sueno-y-un-homenaje-entrevista-a-santiago-vaca-narvaja-actor-de-la-sociedad-de-la-nieve-20.jpg 1080w\" sizes=\"(max-width: 300px) 100vw, 300px\"><\/a><\/p>\n<p><b>\u00bfC\u00f3mo fue sumergirte en el papel de Daniel Maspons y ese encuentro con los sobrevivientes y los familiares de las v\u00edctimas?<\/b><\/p>\n<p><i><span>Tuvimos un primer encuentro en un asado junto con los sobrevivientes y fue maravilloso, de repente est\u00e1bamos como actores. \u201cYo soy Santiago Vaca Narvaja e interpreto a tal\u201d, y era alucinante porque nos hac\u00edan comentarios: \u201cTe va a costar este\u201d, y otros chistes internos.&nbsp; Y ellos como instituci\u00f3n, porque son gente que ha sobrevivido a esta tragedia, han aprendido y tienen una mirada de la vida muy diferente, muy admirable. Ellos tambi\u00e9n han perdido todo en la monta\u00f1a y a\u00fan as\u00ed est\u00e1n hoy celebrando la vida, celebrando sobre todo la memoria de esta historia, en ese sentido es maravilloso. Para m\u00ed fue muy esclarecedor estar con ellos, te permit\u00edan contar ciertas internas, porque nosotros nunca dejamos de construir un personaje que existi\u00f3 en la vida real, pero m\u00e1s all\u00e1 que existi\u00f3 en la vida real, las familias, los amigos, te pueden decir c\u00f3mo era antes de la monta\u00f1a: \u201cS\u00ed, Daniel era una persona muy alegre, muy positiva, un sost\u00e9n de familia. Un gran bailar\u00edn de twist, trabajaba muchos desde el silencio\u201d, pero al mismo tiempo era el mejor amigo que pod\u00edas tener, el mejor amigo de Roberto Canessa y muchas caracter\u00edsticas que en la cotidianidad de antes de la monta\u00f1a eran m\u00e1s claras, pero que es muy abstracto de poder construir en lo que se convirti\u00f3 y se transform\u00f3 en la monta\u00f1a.<\/span><\/i><\/p>\n<p><i><span>Siempre estoy muy agradecido porque el encuentro con la familia de Daniel Maspons fue s\u00faper maravillosa, fue muy ameno y siempre le dije a Rosario, la hermana m\u00e1s grande de Daniel, que yo no ven\u00eda a hacer otra cosa m\u00e1s que rendirle un homenaje a Daniel desde un lugar del respeto, de cari\u00f1o y eso comprendiendo de que no le voy a llegar ni los talones a lo que fue Daniel, ni lo que representa para ellos. Ellos fueron muy generosos conmigo, me permitieron hacerlo, que no es poca cosa, me dieron su permiso y eso fue de las cosas m\u00e1s inolvidables de esta pel\u00edcula. Despu\u00e9s de verla todos juntos, lo primero que me dijeron fue \u201cGracias, Santi, yo despu\u00e9s de esta pel\u00edcula entend\u00ed lo que le pas\u00f3 a mi hermano y lo abrazo\u201d.<\/span><\/i><\/p>\n<p><span>El cordob\u00e9s relata que la l\u00ednea narrativa de la pel\u00edcula plantea que <strong>Daniel Maspons<\/strong> era una persona f\u00edsicamente apta y que, en caso de haber sobrevivido a la avalancha, era uno de los candidatos a buscar ayuda. Por eso en una escena se recrea una de las dos expediciones de los pasajeros a la inmensidad de la monta\u00f1a.<\/span><\/p>\n<blockquote class=\"instagram-media\" data-instgrm-permalink=\"https:\/\/www.instagram.com\/reel\/C0KPxmSS4ez\/?utm_source=ig_embed&amp;utm_campaign=loading\" data-instgrm-version=\"14\" readability=\"-7.7567567567568\"><\/blockquote>\n<p><b>\u00bfC\u00f3mo fue grabar ese momento?<\/b><\/p>\n<p><i><span>Maspons, junto a Numa Turcatti (personaje desde donde se centra esta historia) y Gustavo Cervino, salen a caminar. El aprendizaje de esa expedici\u00f3n es que descubren el miedo, la inseguridad y lo terrible de pasar una noche en la intemperie. En la escena, hay un plano que parecen una piedra de nieve y de repente sale un pie, y realmente fue as\u00ed, pasaron una noche, quedaron atrapados en la nieve, congelados. En esa grabaci\u00f3n, Enzo, Tom\u00e1s y yo empezamos en\u00e9rgicamente a golpearnos para darnos calor, pero a medida que pasaba el tiempo, no s\u00e9 cu\u00e1nto, porque a Bayona le gusta filmar y filmar, no pod\u00edamos m\u00e1s, no ten\u00edamos fuerzas, y ese fr\u00edo, ese congelamiento, que se ve en los planos de las caras, termina siendo real. Est\u00e1bamos muertos, est\u00e1bamos cansados y terminamos rendidos. \u201cQue caiga la nieve encima\u201d, dec\u00edamos. Fue terrible. Y de esas escenas, hay miles.<\/span><\/i><\/p>\n<p><span>\u201cLa sociedad de la nieve\u201d fue grabada en distintas partes: cinco meses en <strong>Sierra Nevada<\/strong>, un centro de esqu\u00ed en Cerro Nevado de Granada, Espa\u00f1a; luego pasaron a <strong>Montevideo<\/strong>, Uruguay; una semana en <strong>Chile<\/strong>; y un mes en <strong>Madrid<\/strong>, Espa\u00f1a, para recrear el momento del accidente.<\/span><\/p>\n<p><span>\u201cCreo que <strong>en ning\u00fan momento termin\u00e1s de aterrizar en la idea de estar en esta superproducci\u00f3n.<\/strong> Ven\u00eda de algo muy chiquito y pasas a un lugar de ensayo en Barcelona de una magnitud que antes no me pod\u00eda imaginar, con gente de detr\u00e1s de c\u00e1mara de primer nivel, ganadores de premios, era todo muy loco. Y aun no te da tiempo de caer\u201d, afirma.<\/span><\/p>\n<p><a href=\"http:\/\/manoamanocba.com.ar\/wp-content\/uploads\/2024\/02\/3.jpg\"><img loading=\"lazy\" class=\"size-medium wp-image-6615 aligncenter\" src=\"http:\/\/hoycordobaweb.com\/wp-content\/uploads\/2024\/02\/entre-un-sueno-y-un-homenaje-entrevista-a-santiago-vaca-narvaja-actor-de-la-sociedad-de-la-nieve-12.jpg\" alt width=\"300\" height=\"226\" srcset=\"http:\/\/hoycordobaweb.com\/wp-content\/uploads\/2024\/02\/entre-un-sueno-y-un-homenaje-entrevista-a-santiago-vaca-narvaja-actor-de-la-sociedad-de-la-nieve-21.jpg 300w, http:\/\/hoycordobaweb.com\/wp-content\/uploads\/2024\/02\/entre-un-sueno-y-un-homenaje-entrevista-a-santiago-vaca-narvaja-actor-de-la-sociedad-de-la-nieve-22.jpg 1024w, http:\/\/hoycordobaweb.com\/wp-content\/uploads\/2024\/02\/entre-un-sueno-y-un-homenaje-entrevista-a-santiago-vaca-narvaja-actor-de-la-sociedad-de-la-nieve-23.jpg 768w, http:\/\/hoycordobaweb.com\/wp-content\/uploads\/2024\/02\/entre-un-sueno-y-un-homenaje-entrevista-a-santiago-vaca-narvaja-actor-de-la-sociedad-de-la-nieve-24.jpg 1080w\" sizes=\"(max-width: 300px) 100vw, 300px\"><\/a><\/p>\n<p><b>\u00bfC\u00f3mo fue compartir el estreno con los sobrevivientes y los familiares de las v\u00edctimas?<\/b><\/p>\n<p><i><span>La historia es muy sensible. No solamente es una historia que marc\u00f3 a una generaci\u00f3n y que sigue marcando a d\u00eda de hoy, pero a\u00fan es m\u00e1s fuerte y significa mucho m\u00e1s para el pueblo uruguayo, sobre todo para las familias implicadas. Entonces es normal que haya duelos no cerrados o duelos que se est\u00e1n trabajando, porque es muy loco decir: \u201cYo sobreviv\u00eda a costa de mis amigos\u201d, que es lo que intenta manejar el mensaje esta pel\u00edcula, que es que gracias al otro sobrevivo, que no hay 16 h\u00e9roes, sino que son 45 pasajeros. Y hay una dificultad: imaginate que de repente te tocan la puerta, se presenta un actor que va a representar a un familiar que no est\u00e1 y que no has podido velar. Es muy fuerte, y lo que tiene esta pel\u00edcula de interesante y maravilloso, a diferencia de las anteriores, es que re\u00fane a la familia de los chicos que no volvieron con los sobrevivientes en una sala de cine a ver esta pel\u00edcula y terminan todos abrazados. M\u00e1s all\u00e1 de los cinematogr\u00e1fico, m\u00e1s all\u00e1 de los premios, m\u00e1s all\u00e1 de los logros, es lo m\u00e1s lindo, es lo m\u00e1s incre\u00edble e inesperado que nos trajo.<\/span><\/i><\/p>\n<p><span>En el cierre, Santiago Vaca Narvaja cuenta que por ahora no tiene proyectos confirmados en su carrera art\u00edstica. Mientras tanto, sigue de recorrida por distintos pa\u00edses recolectando elogios y reconocimientos por el \u00e9xito de la pel\u00edcula.&nbsp;<\/span><\/p>\n<p><span>Y reflexiona: \u201cLa cultura es lo m\u00e1s maravilloso que tiene nuestro pa\u00eds, de hecho en los Premios Goya no dejaron de alabar el cine argentino. Es maravilloso que eso suceda, que se acerque gente y diga que es de lo mejor que hay en el mundo. Ojal\u00e1 que se filme mucho este a\u00f1o y en el que viene. <strong>Siempre salen cosas maravillosas en los momentos m\u00e1s oscuros<\/strong>\u201d.<\/span><\/p>\n","protected":false},"excerpt":{"rendered":"<p>Santiago Vaca Narvaja admite que a\u00fan no toma dimensi\u00f3n de haber protagonizado \u201cLa sociedad de la nieve\u201d, la pel\u00edcula producida por Netflix y dirigida por Juan Antonio Bayona sobre la tragedia de los Andes. De entrada, remarca una fecha clave: 23 de diciembre. Ese d\u00eda de 1972 fueron rescatados los \u00faltimos sobrevivientes del accidente ocurrido [&hellip;]<\/p>\n","protected":false},"author":1,"featured_media":73769,"comment_status":"closed","ping_status":"closed","sticky":false,"template":"","format":"standard","meta":[],"categories":[19],"tags":[],"_links":{"self":[{"href":"http:\/\/hoycordobaweb.com\/index.php\/wp-json\/wp\/v2\/posts\/73768"}],"collection":[{"href":"http:\/\/hoycordobaweb.com\/index.php\/wp-json\/wp\/v2\/posts"}],"about":[{"href":"http:\/\/hoycordobaweb.com\/index.php\/wp-json\/wp\/v2\/types\/post"}],"author":[{"embeddable":true,"href":"http:\/\/hoycordobaweb.com\/index.php\/wp-json\/wp\/v2\/users\/1"}],"replies":[{"embeddable":true,"href":"http:\/\/hoycordobaweb.com\/index.php\/wp-json\/wp\/v2\/comments?post=73768"}],"version-history":[{"count":0,"href":"http:\/\/hoycordobaweb.com\/index.php\/wp-json\/wp\/v2\/posts\/73768\/revisions"}],"wp:featuredmedia":[{"embeddable":true,"href":"http:\/\/hoycordobaweb.com\/index.php\/wp-json\/wp\/v2\/media\/73769"}],"wp:attachment":[{"href":"http:\/\/hoycordobaweb.com\/index.php\/wp-json\/wp\/v2\/media?parent=73768"}],"wp:term":[{"taxonomy":"category","embeddable":true,"href":"http:\/\/hoycordobaweb.com\/index.php\/wp-json\/wp\/v2\/categories?post=73768"},{"taxonomy":"post_tag","embeddable":true,"href":"http:\/\/hoycordobaweb.com\/index.php\/wp-json\/wp\/v2\/tags?post=73768"}],"curies":[{"name":"wp","href":"https:\/\/api.w.org\/{rel}","templated":true}]}}