{"id":73730,"date":"2024-02-25T16:04:59","date_gmt":"2024-02-25T16:04:59","guid":{"rendered":"https:\/\/www.mujerhoy.com\/moda\/tendencias\/conjunto-traje-minimalista-tendencias-moda-2024-20240225170426-nt.html"},"modified":"2024-02-25T16:04:59","modified_gmt":"2024-02-25T16:04:59","slug":"el-conjunto-de-traje-minimalista-de-los-90-vuelve-a-ser-tendencia-en-2024","status":"publish","type":"post","link":"http:\/\/hoycordobaweb.com\/index.php\/2024\/02\/25\/el-conjunto-de-traje-minimalista-de-los-90-vuelve-a-ser-tendencia-en-2024\/","title":{"rendered":"El conjunto de traje minimalista de los 90 vuelve a ser tendencia en 2024"},"content":{"rendered":"<p><!-- AUTHOR --> <\/p>\n<div class=\"voc-author-timesocial \"> <!-- AUTHOR --> <\/p>\n<div class=\"voc-author-timesocial__signature\"> <!-- IMAGE AUTHOR --> <picture class=\"voc-image-signature\"> <img class=\"voc-image-signature__img\" src=\"http:\/\/hoycordobaweb.com\/wp-content\/uploads\/2024\/02\/el-conjunto-de-traje-minimalista-de-los-90-vuelve-a-ser-tendencia-en-2024.jpg\" alt=\"Claudia P\u00e9rez\"> <\/picture> <!-- INFO AUTHOR --> <\/div><\/div>\n<p> <!-- COMPONENTS --> <\/p>\n<p class=\"voc-paragraph\">Hay muchas tendencias que tener en el radar este a\u00f1o. Por un lado, los estilos coquette y college se imponen, siendo<br \/>\n<strong> toda una fiebre en el Street style<\/strong>. Por otro, el color block se vuelve a renovar de cara a la <a data-voc-vtm-id=\"in-text-traffic\" href=\"https:\/\/www.mujerhoy.com\/moda\/no-te-pierdas\/invierno-primavera-looks-entretiempo-moda-20240106115207-nt.html\">primavera<\/a>, y el lema de \u00abm\u00e1s es mejor\u00bb se asienta entre las expertas. <\/p>\n<p class=\"voc-paragraph\">Pero, entre toda esta explosi\u00f3n de tonos llamativos, accesorios y prendas ornamentados, surge el lujo silencioso, que vuelve a poner de moda el minimalismo de los a\u00f1os 90. Ese que estuvo <strong>marcado por Giorgio Armani<\/strong>, y que ahora toman el relevo marcas tan potentes como The Row y celebrities como Sofia Richie y <a data-voc-vtm-id=\"in-text-traffic\" href=\"https:\/\/www.mujerhoy.com\/moda\/no-te-pierdas\/kelly-rutherford-look-rejuvenecedor-a-los-50-paris-20240126115646-nt.html\">Kelly Rutherford<\/a>. <\/p>\n<div class=\"voc-detail__cmp\">\n<div class=\"voc-article-container\">\n<article class=\"voc-article voc-article--cmp-photo-text\" readability=\"26\">\n<div class=\"voc-img-container\" readability=\"7\"> <picture>\n<div class=\"voc-horizontal voc-img-icon-link\"> <img class=\"lazy\" loading=\"lazy\" data-original=\"\/\/static3.mujerhoy.com\/www\/multimedia\/202402\/08\/media\/cortadas\/sofiarichie-kDBC--624x624@MujerHoy.jpg\" alt=\"Sofia Richie con conjunto de traje\" width=\"624\" height=\"624\"> <\/div>\n<\/picture>\n<p class=\"figure-caption \"> Sofia Richie con conjunto de traje \/ <span class=\"voc-photo-author\"> @sofiarichiegrainge <\/span> <\/p>\n<\/p><\/div>\n<\/article><\/div>\n<\/div>\n<p class=\"voc-paragraph\">Esta est\u00e9tica se caracterizada por una l\u00ednea depurada de las prendas, donde la sencillez <strong>rezuma elegancia y sofisticaci\u00f3n<\/strong> en cada costura. La gama crom\u00e1tica se centra en colores <a data-voc-vtm-id=\"in-text-traffic\" href=\"https:\/\/www.mujerhoy.com\/moda\/tendencias\/basicos-obsesion-nueva-coleccion-mas-vendidos-compras-febrero-20240202123718-nt.html\">b\u00e1sicos<\/a>, muy vers\u00e1tiles, y que hacen que se alargue el tiempo de vida de las prendas, tambi\u00e9n debido a la calidad con la que se confeccionan. <\/p>\n<p class=\"voc-paragraph\">Es la nueva filosof\u00eda a la hora de construir un fondo de armario de \u00e9xito, compuesto por camisas de algod\u00f3n, jers\u00e9is de chashmere o <a data-voc-vtm-id=\"in-text-traffic\" href=\"https:\/\/www.mujerhoy.com\/moda\/tendencias\/chaquetas-efecto-cuero-superventas-lowcost-sfera-stradivarius-zara-20231113080136-nt.html\">chaquetas de piel<\/a>. Pero, sin duda, lo que marc\u00f3 ese minimalismo noventero fueron los conjuntos de traje, confeccionados para <strong>la mujer moderna trabajadora<\/strong> y que representaban todo lo que se concibe a d\u00eda de hoy. Un uniforme c\u00f3modo y lleno de posibilidades, que es todo un infalible a la hora de armar tus looks. <\/p>\n<div class=\"voc-detail-photo-zoom\"> <picture data-toggle=\"modal\" data-target=\"#photoZoomModal-796\" target=\"modal\">\n<div class=\"voc-img-icon-link\"> <img loading=\"lazy\" data-original=\"\/\/static3.mujerhoy.com\/www\/multimedia\/202402\/08\/media\/cortadas\/pull-kDBC--650x900@MujerHoy.jpg\" width=\"650\" height=\"900\" class=\"lazy\" alt=\"El traje de raya diplom\u00e1tica de Pull &amp; Bear\"> <noscript> <img src=\"http:\/\/hoycordobaweb.com\/wp-content\/uploads\/2024\/02\/el-conjunto-de-traje-minimalista-de-los-90-vuelve-a-ser-tendencia-en-2024.webp\" alt=\"El traje de raya diplom\u00e1tica de Pull &amp; Bear\"> <\/noscript> <i class=\"voc-icons zoom voc-multimedia-box voc-ico-l\"><\/i> <\/div><figcaption class=\"figure-caption\">El traje de raya diplom\u00e1tica de Pull &amp; Bear<\/figcaption><\/picture>\n<\/div>\n<div id=\"photoZoomModal-796\" class=\"voc-lightbox modal fade voc-lightbox--photo-zoom\" role=\"dialog\" data-voc-photozoom-lightbox>\n<div class=\"voc-lightbox__dialog\" role=\"document\">\n<div class=\"voc-lightbox__content\"> <!-- Modal header --> <!-- Modal content --> <\/p>\n<div class=\"voc-lightbox__photo-container\"> <picture class> <img loading=\"lazy\" data-original=\"\/\/static3.mujerhoy.com\/www\/multimedia\/202402\/08\/media\/cortadas\/pull-kDBC--650x900@MujerHoy.jpg\" alt=\"El traje de raya diplom\u00e1tica de Pull &amp; Bear\" class=\"lazy\"> <noscript> <img src=\"http:\/\/hoycordobaweb.com\/wp-content\/uploads\/2024\/02\/el-conjunto-de-traje-minimalista-de-los-90-vuelve-a-ser-tendencia-en-2024.webp\" alt=\"El traje de raya diplom\u00e1tica de Pull &amp; Bear\"> <\/noscript> <\/picture> <\/div><\/div><\/div>\n<\/div>\n<p><h3 class=\"voc-detail__title\"> El traje de raya diplom\u00e1tica de Pull &amp; Bear<br \/>\n<\/h3>\n<\/p>\n<p class=\"voc-paragraph\">La raya diplom\u00e1tica es todo un cl\u00e1sico en esta categor\u00eda. Le aporta ese toque de profesionalidad, pero que al mismo tiempo <strong>tiene una elegancia a\u00f1adida<\/strong>. Este dise\u00f1o en color azul marino, es ideal para lucir de manera casual, con unos mocasines o incluso unas sneakers. Americana (39,99 euros); Pantal\u00f3n (25,99 euros). <\/p>\n<div class=\"voc-detail-photo-zoom\"> <picture data-toggle=\"modal\" data-target=\"#photoZoomModal-155\" target=\"modal\">\n<div class=\"voc-img-icon-link\"> <img loading=\"lazy\" data-original=\"\/\/static1.mujerhoy.com\/www\/multimedia\/202402\/08\/media\/cortadas\/mango-kDBC--650x900@MujerHoy.jpg\" width=\"650\" height=\"900\" class=\"lazy\" alt=\"El traje vers\u00e1til en color beige de Mango\"> <noscript> <img src=\"http:\/\/hoycordobaweb.com\/wp-content\/uploads\/2024\/02\/el-conjunto-de-traje-minimalista-de-los-90-vuelve-a-ser-tendencia-en-2024-1.webp\" alt=\"El traje vers\u00e1til en color beige de Mango\"> <\/noscript> <i class=\"voc-icons zoom voc-multimedia-box voc-ico-l\"><\/i> <\/div><figcaption class=\"figure-caption\">El traje vers\u00e1til en color beige de Mango<\/figcaption><\/picture>\n<\/div>\n<div id=\"photoZoomModal-155\" class=\"voc-lightbox modal fade voc-lightbox--photo-zoom\" role=\"dialog\" data-voc-photozoom-lightbox>\n<div class=\"voc-lightbox__dialog\" role=\"document\">\n<div class=\"voc-lightbox__content\"> <!-- Modal header --> <!-- Modal content --> <\/p>\n<div class=\"voc-lightbox__photo-container\"> <picture class> <img loading=\"lazy\" data-original=\"\/\/static1.mujerhoy.com\/www\/multimedia\/202402\/08\/media\/cortadas\/mango-kDBC--650x900@MujerHoy.jpg\" alt=\"El traje vers\u00e1til en color beige de Mango\" class=\"lazy\"> <noscript> <img src=\"http:\/\/hoycordobaweb.com\/wp-content\/uploads\/2024\/02\/el-conjunto-de-traje-minimalista-de-los-90-vuelve-a-ser-tendencia-en-2024-1.webp\" alt=\"El traje vers\u00e1til en color beige de Mango\"> <\/noscript> <\/picture> <\/div><\/div><\/div>\n<\/div>\n<p><h3 class=\"voc-detail__title\"> El traje vers\u00e1til en color beige de Mango<br \/>\n<\/h3>\n<\/p>\n<p class=\"voc-paragraph\">Con un corte masculino y un color muy vers\u00e1til, encontramos esta otra opci\u00f3n de Mango que es todo un acierto. Puedes optar solo por la americana y el pantal\u00f3n, o si quieres sumarte a <strong>la tendencia del conjunto de tres piezas<\/strong>, no dudes en hacerte tambi\u00e9n con el chaleco. Americana (69,99 euros); Pantal\u00f3n (39,99 euros). <\/p>\n<div class=\"voc-detail-photo-zoom\"> <picture data-toggle=\"modal\" data-target=\"#photoZoomModal-516\" target=\"modal\">\n<div class=\"voc-img-icon-link\"> <img loading=\"lazy\" data-original=\"\/\/static1.mujerhoy.com\/www\/multimedia\/202402\/08\/media\/cortadas\/nakd-kDBC--650x900@MujerHoy.jpg\" width=\"650\" height=\"900\" class=\"lazy\" alt=\"El traje en un tono de temporada de NA-KD \"> <noscript> <img src=\"http:\/\/hoycordobaweb.com\/wp-content\/uploads\/2024\/02\/el-conjunto-de-traje-minimalista-de-los-90-vuelve-a-ser-tendencia-en-2024-2.webp\" alt=\"El traje en un tono de temporada de NA-KD \"> <\/noscript> <i class=\"voc-icons zoom voc-multimedia-box voc-ico-l\"><\/i> <\/div><figcaption class=\"figure-caption\">El traje en un tono de temporada de NA-KD <\/figcaption><\/picture>\n<\/div>\n<div id=\"photoZoomModal-516\" class=\"voc-lightbox modal fade voc-lightbox--photo-zoom\" role=\"dialog\" data-voc-photozoom-lightbox>\n<div class=\"voc-lightbox__dialog\" role=\"document\">\n<div class=\"voc-lightbox__content\"> <!-- Modal header --> <!-- Modal content --> <\/p>\n<div class=\"voc-lightbox__photo-container\"> <picture class> <img loading=\"lazy\" data-original=\"\/\/static1.mujerhoy.com\/www\/multimedia\/202402\/08\/media\/cortadas\/nakd-kDBC--650x900@MujerHoy.jpg\" alt=\"El traje en un tono de temporada de NA-KD \" class=\"lazy\"> <noscript> <img src=\"http:\/\/hoycordobaweb.com\/wp-content\/uploads\/2024\/02\/el-conjunto-de-traje-minimalista-de-los-90-vuelve-a-ser-tendencia-en-2024-2.webp\" alt=\"El traje en un tono de temporada de NA-KD \"> <\/noscript> <\/picture> <\/div><\/div><\/div>\n<\/div>\n<p><h3 class=\"voc-detail__title\"> El traje en un tono de temporada de NA-KD <\/h3>\n<\/p>\n<p class=\"voc-paragraph\">La paleta de colores durante la temporada de invierno suele estar muy <strong>marcada por esos tonos fr\u00edos<\/strong>, como el negro o el gris, que pueden llegar a aburrirnos. Es entonces cuando entran en juego otras opciones que tienen las mismas ventajas estil\u00edsticas a la hora de conjuntarlos, pero que van un poco m\u00e1s all\u00e1, como el verde caqui. Americana (86,95 euros); Pantal\u00f3n (74,95 euros). <\/p>\n<div class=\"voc-detail-photo-zoom\"> <picture data-toggle=\"modal\" data-target=\"#photoZoomModal-17\" target=\"modal\">\n<div class=\"voc-img-icon-link\"> <img loading=\"lazy\" data-original=\"\/\/static3.mujerhoy.com\/www\/multimedia\/202402\/08\/media\/cortadas\/hm-kDBC--650x900@MujerHoy.JPG\" width=\"650\" height=\"900\" class=\"lazy\" alt=\"El cl\u00e1sico traje negro de H&amp;M\"> <noscript> <img src=\"http:\/\/hoycordobaweb.com\/wp-content\/uploads\/2024\/02\/el-conjunto-de-traje-minimalista-de-los-90-vuelve-a-ser-tendencia-en-2024-3.webp\" alt=\"El cl\u00e1sico traje negro de H&amp;M\"> <\/noscript> <i class=\"voc-icons zoom voc-multimedia-box voc-ico-l\"><\/i> <\/div><figcaption class=\"figure-caption\">El cl\u00e1sico traje negro de H&amp;M<\/figcaption><\/picture>\n<\/div>\n<div id=\"photoZoomModal-17\" class=\"voc-lightbox modal fade voc-lightbox--photo-zoom\" role=\"dialog\" data-voc-photozoom-lightbox>\n<div class=\"voc-lightbox__dialog\" role=\"document\">\n<div class=\"voc-lightbox__content\"> <!-- Modal header --> <!-- Modal content --> <\/p>\n<div class=\"voc-lightbox__photo-container\"> <picture class> <img loading=\"lazy\" data-original=\"\/\/static3.mujerhoy.com\/www\/multimedia\/202402\/08\/media\/cortadas\/hm-kDBC--650x900@MujerHoy.JPG\" alt=\"El cl\u00e1sico traje negro de H&amp;M\" class=\"lazy\"> <noscript> <img src=\"http:\/\/hoycordobaweb.com\/wp-content\/uploads\/2024\/02\/el-conjunto-de-traje-minimalista-de-los-90-vuelve-a-ser-tendencia-en-2024-3.webp\" alt=\"El cl\u00e1sico traje negro de H&amp;M\"> <\/noscript> <\/picture> <\/div><\/div><\/div>\n<\/div>\n<p><h3 class=\"voc-detail__title\"> El cl\u00e1sico traje negro de H&amp;M<br \/>\n<\/h3>\n<\/p>\n<p class=\"voc-paragraph\">Hay una regla no escrita que dice que nuestro armario deber\u00eda de estar <strong>compuesto por un 70% de b\u00e1sicos<\/strong>, y lo cierto es que estamos de acuerdo. En esta categor\u00eda entrar\u00edan prendas como esos vaqueros que sientan como un guante, una gabardina y por supuesto, un conjunto de traje negro (y si es en clave oversize, mejor que mejor). Americana (25,99 euros); Pantal\u00f3n (19,99 euros). <\/p>\n<div class=\"voc-detail-photo-zoom\"> <picture data-toggle=\"modal\" data-target=\"#photoZoomModal-280\" target=\"modal\">\n<div class=\"voc-img-icon-link\"> <img loading=\"lazy\" data-original=\"\/\/static1.mujerhoy.com\/www\/multimedia\/202402\/08\/media\/cortadas\/bimba-kDBC--650x900@MujerHoy.jpg\" width=\"650\" height=\"900\" class=\"lazy\" alt=\"El traje con cintur\u00f3n de Bimba y Lola\"> <noscript> <img src=\"http:\/\/hoycordobaweb.com\/wp-content\/uploads\/2024\/02\/el-conjunto-de-traje-minimalista-de-los-90-vuelve-a-ser-tendencia-en-2024-4.webp\" alt=\"El traje con cintur\u00f3n de Bimba y Lola\"> <\/noscript> <i class=\"voc-icons zoom voc-multimedia-box voc-ico-l\"><\/i> <\/div><figcaption class=\"figure-caption\">El traje con cintur\u00f3n de Bimba y Lola<\/figcaption><\/picture>\n<\/div>\n<div id=\"photoZoomModal-280\" class=\"voc-lightbox modal fade voc-lightbox--photo-zoom\" role=\"dialog\" data-voc-photozoom-lightbox>\n<div class=\"voc-lightbox__dialog\" role=\"document\">\n<div class=\"voc-lightbox__content\"> <!-- Modal header --> <!-- Modal content --> <\/p>\n<div class=\"voc-lightbox__photo-container\"> <picture class> <img loading=\"lazy\" data-original=\"\/\/static1.mujerhoy.com\/www\/multimedia\/202402\/08\/media\/cortadas\/bimba-kDBC--650x900@MujerHoy.jpg\" alt=\"El traje con cintur\u00f3n de Bimba y Lola\" class=\"lazy\"> <noscript> <img src=\"http:\/\/hoycordobaweb.com\/wp-content\/uploads\/2024\/02\/el-conjunto-de-traje-minimalista-de-los-90-vuelve-a-ser-tendencia-en-2024-4.webp\" alt=\"El traje con cintur\u00f3n de Bimba y Lola\"> <\/noscript> <\/picture> <\/div><\/div><\/div>\n<\/div>\n<p><h3 class=\"voc-detail__title\"> El traje con cintur\u00f3n de Bimba y Lola<br \/>\n<\/h3>\n<\/p>\n<p class=\"voc-paragraph\">En el momento de escoger el traje, lo preferible es que el pantal\u00f3n siempre sea de corte recto o estilo pallazo (nada de pitillo). Pero, en el terreno de las chaquetas encontramos varias opciones. La cl\u00e1sica de doble abotonadura, la sencilla con solo un cierre o la que cuenta con cintur\u00f3n, que es ideal para aquellas que buscan<br \/>\n<strong> marcar un poco m\u00e1s la silueta<\/strong>. Americana (79,50 antes 265 euros); Pantal\u00f3n (49,50 antes 165 euros). <\/p>\n<p> <!-- TOPICS --> <\/p>\n","protected":false},"excerpt":{"rendered":"<p>Hay muchas tendencias que tener en el radar este a\u00f1o. Por un lado, los estilos coquette y college se imponen, siendo toda una fiebre en el Street style. Por otro, el color block se vuelve a renovar de cara a la primavera, y el lema de \u00abm\u00e1s es mejor\u00bb se asienta entre las expertas. Pero, [&hellip;]<\/p>\n","protected":false},"author":1,"featured_media":73731,"comment_status":"closed","ping_status":"closed","sticky":false,"template":"","format":"standard","meta":[],"categories":[1],"tags":[],"_links":{"self":[{"href":"http:\/\/hoycordobaweb.com\/index.php\/wp-json\/wp\/v2\/posts\/73730"}],"collection":[{"href":"http:\/\/hoycordobaweb.com\/index.php\/wp-json\/wp\/v2\/posts"}],"about":[{"href":"http:\/\/hoycordobaweb.com\/index.php\/wp-json\/wp\/v2\/types\/post"}],"author":[{"embeddable":true,"href":"http:\/\/hoycordobaweb.com\/index.php\/wp-json\/wp\/v2\/users\/1"}],"replies":[{"embeddable":true,"href":"http:\/\/hoycordobaweb.com\/index.php\/wp-json\/wp\/v2\/comments?post=73730"}],"version-history":[{"count":0,"href":"http:\/\/hoycordobaweb.com\/index.php\/wp-json\/wp\/v2\/posts\/73730\/revisions"}],"wp:featuredmedia":[{"embeddable":true,"href":"http:\/\/hoycordobaweb.com\/index.php\/wp-json\/wp\/v2\/media\/73731"}],"wp:attachment":[{"href":"http:\/\/hoycordobaweb.com\/index.php\/wp-json\/wp\/v2\/media?parent=73730"}],"wp:term":[{"taxonomy":"category","embeddable":true,"href":"http:\/\/hoycordobaweb.com\/index.php\/wp-json\/wp\/v2\/categories?post=73730"},{"taxonomy":"post_tag","embeddable":true,"href":"http:\/\/hoycordobaweb.com\/index.php\/wp-json\/wp\/v2\/tags?post=73730"}],"curies":[{"name":"wp","href":"https:\/\/api.w.org\/{rel}","templated":true}]}}