{"id":73695,"date":"2024-02-23T10:46:00","date_gmt":"2024-02-23T10:46:00","guid":{"rendered":"https:\/\/fm-comunicar.com.ar\/contenido\/21268\/colonia-caroya-estan-abiertas-las-inscripciones-para-la-escuela-de-musica"},"modified":"2024-02-23T10:46:00","modified_gmt":"2024-02-23T10:46:00","slug":"colonia-caroya-estan-abiertas-las-inscripciones-para-la-escuela-de-musica","status":"publish","type":"post","link":"http:\/\/hoycordobaweb.com\/index.php\/2024\/02\/23\/colonia-caroya-estan-abiertas-las-inscripciones-para-la-escuela-de-musica\/","title":{"rendered":"Colonia Caroya: est\u00e1n abiertas las inscripciones para la Escuela de M\u00fasica"},"content":{"rendered":"<p>La instituci\u00f3n ofrece carreras terciarias de cuatro a\u00f1os con t\u00edtulo oficial, ciclo b\u00e1sico para j\u00f3venes y adultos e Iniciaci\u00f3n musical para ni\u00f1os.<img src=\"http:\/\/hoycordobaweb.com\/wp-content\/uploads\/2024\/02\/colonia-caroya-estan-abiertas-las-inscripciones-para-la-escuela-de-musica.jpg\"><\/p>\n","protected":false},"excerpt":{"rendered":"<p>La instituci\u00f3n ofrece carreras terciarias de cuatro a\u00f1os con t\u00edtulo oficial, ciclo b\u00e1sico para j\u00f3venes y adultos e Iniciaci\u00f3n musical para ni\u00f1os.<\/p>\n","protected":false},"author":1,"featured_media":73696,"comment_status":"closed","ping_status":"closed","sticky":false,"template":"","format":"standard","meta":[],"categories":[18],"tags":[],"_links":{"self":[{"href":"http:\/\/hoycordobaweb.com\/index.php\/wp-json\/wp\/v2\/posts\/73695"}],"collection":[{"href":"http:\/\/hoycordobaweb.com\/index.php\/wp-json\/wp\/v2\/posts"}],"about":[{"href":"http:\/\/hoycordobaweb.com\/index.php\/wp-json\/wp\/v2\/types\/post"}],"author":[{"embeddable":true,"href":"http:\/\/hoycordobaweb.com\/index.php\/wp-json\/wp\/v2\/users\/1"}],"replies":[{"embeddable":true,"href":"http:\/\/hoycordobaweb.com\/index.php\/wp-json\/wp\/v2\/comments?post=73695"}],"version-history":[{"count":0,"href":"http:\/\/hoycordobaweb.com\/index.php\/wp-json\/wp\/v2\/posts\/73695\/revisions"}],"wp:featuredmedia":[{"embeddable":true,"href":"http:\/\/hoycordobaweb.com\/index.php\/wp-json\/wp\/v2\/media\/73696"}],"wp:attachment":[{"href":"http:\/\/hoycordobaweb.com\/index.php\/wp-json\/wp\/v2\/media?parent=73695"}],"wp:term":[{"taxonomy":"category","embeddable":true,"href":"http:\/\/hoycordobaweb.com\/index.php\/wp-json\/wp\/v2\/categories?post=73695"},{"taxonomy":"post_tag","embeddable":true,"href":"http:\/\/hoycordobaweb.com\/index.php\/wp-json\/wp\/v2\/tags?post=73695"}],"curies":[{"name":"wp","href":"https:\/\/api.w.org\/{rel}","templated":true}]}}