{"id":73687,"date":"2024-02-22T16:09:40","date_gmt":"2024-02-22T16:09:40","guid":{"rendered":"https:\/\/enfermeria.fcm.unc.edu.ar\/?p=4449"},"modified":"2024-02-22T16:09:40","modified_gmt":"2024-02-22T16:09:40","slug":"comenzo-el-5-de-febrero-la-primera-asignatura-de-la-carrera-licenciatura-en-enfermeria-ano-2024","status":"publish","type":"post","link":"http:\/\/hoycordobaweb.com\/index.php\/2024\/02\/22\/comenzo-el-5-de-febrero-la-primera-asignatura-de-la-carrera-licenciatura-en-enfermeria-ano-2024\/","title":{"rendered":"Comenz\u00f3 el 5 de Febrero la primera asignatura de la carrera Licenciatura en Enfermer\u00eda. A\u00f1o 2024"},"content":{"rendered":"<div class=\"post-content\" readability=\"29.579158316633\">\n<p>La Escuela de Enfermer\u00eda de la Facultad de Ciencias M\u00e9dicas dio inicio a un nuevo a\u00f1o lectivo de la carrera Licenciatura en Enfermer\u00eda. El 5 de febrero comenz\u00f3 Introducci\u00f3n a los Estudios Universitarios en Enfermer\u00eda, la primera asignatura de la carrera. Acompa\u00f1ados por las autoridades de la Escuela Mgter Juana Sigampa y Esp. Estela D\u00edaz quienes le dieron la bienvenida a los nuevos ingresantes.<\/p>\n<\/p><\/div>\n","protected":false},"excerpt":{"rendered":"<p>La Escuela de Enfermer\u00eda de la Facultad de Ciencias M\u00e9dicas dio inicio a un nuevo a\u00f1o lectivo de la carrera Licenciatura en Enfermer\u00eda. El 5 de febrero comenz\u00f3 Introducci\u00f3n a los Estudios Universitarios en Enfermer\u00eda, la primera asignatura de la carrera. Acompa\u00f1ados por las autoridades de la Escuela Mgter Juana Sigampa y Esp. Estela D\u00edaz [&hellip;]<\/p>\n","protected":false},"author":1,"featured_media":0,"comment_status":"closed","ping_status":"closed","sticky":false,"template":"","format":"standard","meta":[],"categories":[17],"tags":[],"_links":{"self":[{"href":"http:\/\/hoycordobaweb.com\/index.php\/wp-json\/wp\/v2\/posts\/73687"}],"collection":[{"href":"http:\/\/hoycordobaweb.com\/index.php\/wp-json\/wp\/v2\/posts"}],"about":[{"href":"http:\/\/hoycordobaweb.com\/index.php\/wp-json\/wp\/v2\/types\/post"}],"author":[{"embeddable":true,"href":"http:\/\/hoycordobaweb.com\/index.php\/wp-json\/wp\/v2\/users\/1"}],"replies":[{"embeddable":true,"href":"http:\/\/hoycordobaweb.com\/index.php\/wp-json\/wp\/v2\/comments?post=73687"}],"version-history":[{"count":0,"href":"http:\/\/hoycordobaweb.com\/index.php\/wp-json\/wp\/v2\/posts\/73687\/revisions"}],"wp:attachment":[{"href":"http:\/\/hoycordobaweb.com\/index.php\/wp-json\/wp\/v2\/media?parent=73687"}],"wp:term":[{"taxonomy":"category","embeddable":true,"href":"http:\/\/hoycordobaweb.com\/index.php\/wp-json\/wp\/v2\/categories?post=73687"},{"taxonomy":"post_tag","embeddable":true,"href":"http:\/\/hoycordobaweb.com\/index.php\/wp-json\/wp\/v2\/tags?post=73687"}],"curies":[{"name":"wp","href":"https:\/\/api.w.org\/{rel}","templated":true}]}}