{"id":73677,"date":"2024-02-19T14:26:00","date_gmt":"2024-02-19T14:26:00","guid":{"rendered":"http:\/\/hoycordobaweb.com\/index.php\/2024\/02\/19\/adorni-confirmo-que-los-trabajadores-podran-elegir-la-obra-social-que-prefieran\/"},"modified":"2024-02-19T14:26:00","modified_gmt":"2024-02-19T14:26:00","slug":"adorni-confirmo-que-los-trabajadores-podran-elegir-la-obra-social-que-prefieran","status":"publish","type":"post","link":"http:\/\/hoycordobaweb.com\/index.php\/2024\/02\/19\/adorni-confirmo-que-los-trabajadores-podran-elegir-la-obra-social-que-prefieran\/","title":{"rendered":"Adorni confirm\u00f3 que los trabajadores podr\u00e1n elegir la obra social que prefieran"},"content":{"rendered":"<p><img src=\"http:\/\/hoycordobaweb.com\/wp-content\/uploads\/2024\/02\/adorni-confirmo-que-los-trabajadores-podran-elegir-la-obra-social-que-prefieran.jpg\"><\/p>\n<figure class=\"mb-3\"><img loading=\"lazy\" data-src=\"http:\/\/hoycordobaweb.com\/wp-content\/uploads\/2024\/02\/adorni-confirmo-que-los-trabajadores-podran-elegir-la-obra-social-que-prefieran-2.jpg\" src=\"https:\/\/www.telam.com.ar\/assets\/img\/not_image.png\" class=\" lazy \" width=\"100%\" height=\"100%\" alt=\"Foto Captura TV\"><figcaption> Foto: Captura TV <\/figcaption><\/figure>\n<p>El vocero presidencial, Manuel Adorni, confirm\u00f3 este lunes que en las pr\u00f3ximas horas el Gobierno reglamentar\u00e1 el decreto que establece la libertad de elecci\u00f3n de obras sociales desde el comienzo de una relaci\u00f3n laboral.<\/p>\n<p><strong>\u00abLos trabajadores tendr\u00e1n la libertad de derivar sus aportes a la obra social que elijan desde el inicio de la contrataci\u00f3n\u00bb<\/strong>, dijo Adorni en su habitual conferencia en Casa Rosada.<\/p>\n<p>En otro orden, consider\u00f3 que la expresidenta Cristina Fern\u00e1ndez de Kirchner, a quien salud\u00f3 por su cumplea\u00f1os 71, es <strong>\u00abuna de las figuras m\u00e1s relevantes en los \u00faltimos 20 a\u00f1os de la decadencia argentina\u00bb<\/strong>.<\/p>\n<p>Luego, cuestion\u00f3 a la exmandataria por su opini\u00f3n cr\u00edtica acerca de la gesti\u00f3n econ\u00f3mica del presidente Javier Milei y le recomend\u00f3, con iron\u00eda, <strong>\u00abcambiar a sus asesores\u00bb <\/strong>en la materia.<\/p>\n<p>Noticia en desarrollo <\/p>\n","protected":false},"excerpt":{"rendered":"<p>Foto: Captura TV El vocero presidencial, Manuel Adorni, confirm\u00f3 este lunes que en las pr\u00f3ximas horas el Gobierno reglamentar\u00e1 el decreto que establece la libertad de elecci\u00f3n de obras sociales desde el comienzo de una relaci\u00f3n laboral. \u00abLos trabajadores tendr\u00e1n la libertad de derivar sus aportes a la obra social que elijan desde el inicio [&hellip;]<\/p>\n","protected":false},"author":1,"featured_media":73678,"comment_status":"open","ping_status":"closed","sticky":false,"template":"","format":"standard","meta":[],"categories":[19],"tags":[],"_links":{"self":[{"href":"http:\/\/hoycordobaweb.com\/index.php\/wp-json\/wp\/v2\/posts\/73677"}],"collection":[{"href":"http:\/\/hoycordobaweb.com\/index.php\/wp-json\/wp\/v2\/posts"}],"about":[{"href":"http:\/\/hoycordobaweb.com\/index.php\/wp-json\/wp\/v2\/types\/post"}],"author":[{"embeddable":true,"href":"http:\/\/hoycordobaweb.com\/index.php\/wp-json\/wp\/v2\/users\/1"}],"replies":[{"embeddable":true,"href":"http:\/\/hoycordobaweb.com\/index.php\/wp-json\/wp\/v2\/comments?post=73677"}],"version-history":[{"count":0,"href":"http:\/\/hoycordobaweb.com\/index.php\/wp-json\/wp\/v2\/posts\/73677\/revisions"}],"wp:featuredmedia":[{"embeddable":true,"href":"http:\/\/hoycordobaweb.com\/index.php\/wp-json\/wp\/v2\/media\/73678"}],"wp:attachment":[{"href":"http:\/\/hoycordobaweb.com\/index.php\/wp-json\/wp\/v2\/media?parent=73677"}],"wp:term":[{"taxonomy":"category","embeddable":true,"href":"http:\/\/hoycordobaweb.com\/index.php\/wp-json\/wp\/v2\/categories?post=73677"},{"taxonomy":"post_tag","embeddable":true,"href":"http:\/\/hoycordobaweb.com\/index.php\/wp-json\/wp\/v2\/tags?post=73677"}],"curies":[{"name":"wp","href":"https:\/\/api.w.org\/{rel}","templated":true}]}}