{"id":73657,"date":"2024-02-19T13:33:44","date_gmt":"2024-02-19T13:33:44","guid":{"rendered":"https:\/\/www.ole.com.ar\/informacion-general\/detienen-15-integrantes-faccion-barra-andes_0_ffrlSee3cX.html"},"modified":"2024-02-19T13:33:44","modified_gmt":"2024-02-19T13:33:44","slug":"detienen-a-15-integrantes-de-una-faccion-de-la-barra-de-los-andes","status":"publish","type":"post","link":"http:\/\/hoycordobaweb.com\/index.php\/2024\/02\/19\/detienen-a-15-integrantes-de-una-faccion-de-la-barra-de-los-andes\/","title":{"rendered":"Detienen a 15 integrantes de una facci\u00f3n de la barra de Los Andes"},"content":{"rendered":"<p><img src=\"http:\/\/hoycordobaweb.com\/wp-content\/uploads\/2024\/02\/detienen-a-15-integrantes-de-una-faccion-de-la-barra-de-los-andes.jpg\"><\/p>\n<p><time class=\"createDate\" datetime=\"2024-02-19T10:33:44-03:00\">19\/02\/2024 10:33hs.<\/time><\/p>\n<div id=\"storyBody\">\n<div class=\"custom-text \" readability=\"33.032258064516\">\n<p>Al menos <strong>15 personas integrantes de una facci\u00f3n de la barra de <a href=\"https:\/\/www.ole.com.ar\/tema\/los-andes.html\" title=\"Los Andes\" alt=\"Los Andes\" class=\"slug\">Los Andes<\/a> fueron detenidas en la previa del partido con <a href=\"https:\/\/www.ole.com.ar\/tema\/fenix.html\" title=\"F\u00e9nix\" alt=\"F\u00e9nix\" class=\"slug\">F\u00e9nix<\/a> <\/strong>en Lomas de Zamora, por el torneo Apertura de la Primera B, a trav\u00e9s de la intervenci\u00f3n de personal de <strong><a href=\"https:\/\/www.ole.com.ar\/tema\/aprevide.html\" title=\"Aprevide\" alt=\"Aprevide\" class=\"slug\">Aprevide <\/a><\/strong>y de la Jefatura de Polic\u00eda AMBA Sur.<\/p>\n<\/div>\n<div class=\"custom-text \" readability=\"35\">\n<p>Aprevide inform\u00f3 que \u00aben horas previas al encuentro entre Los Andes y F\u00e9nix en el estadio Gallard\u00f3n de Lomas de Zamora, <strong>se toma conocimiento de amenazas en redes sociales por parte de una parte de la barra de Los Andes prometiendo tomar a la fuerza la tribuna Palacio\u00bb.<\/strong><\/p>\n<\/div>\n<div class=\"sc-a7166897-0 exHLBh\" readability=\"6\">\n<section readability=\"2\"><picture><img alt=\"Video: la detenci\u00f3n del barra de Los Andes\" src=\"http:\/\/hoycordobaweb.com\/wp-content\/uploads\/2024\/02\/detienen-a-15-integrantes-de-una-faccion-de-la-barra-de-los-andes-2.jpg\" width=\"290\" height=\"290\" decoding=\"async\" data-nimg=\"future\" loading=\"lazy\"><\/picture>\n<p><span>Mir\u00e1 tambi\u00e9n<\/span><\/p>\n<hr>\n<h3>Video: la detenci\u00f3n del barra de Los Andes<\/h3>\n<\/p>\n<\/section>\n<\/div>\n<div class=\"custom-text \" readability=\"35\">\n<p>El informe del organismo de seguridad precis\u00f3 que \u00aben base a la informaci\u00f3n recabada, el personal de la Jefatura AMBA Sur II dispuso un operativo especial<strong> logr\u00e1ndose la detenci\u00f3n de tres l\u00edderes de la barra disidente que realizaban una reuni\u00f3n en Villa Centenario\u00bb.<\/strong><\/p>\n<\/div>\n<div class=\"custom-text \" readability=\"36\">\n<p>Seg\u00fan el comunicado se inform\u00f3 que <strong>\u00abJuan Pablo Candia (43 a\u00f1os), Jos\u00e9 Sotelo (40) y Emanuel Miranda (32) fueron aprehendidos\u00bb<\/strong> y que <strong>\u00abposteriormente se procedi\u00f3 a la detenci\u00f3n de otros 12 barras de dicha fracci\u00f3n <\/strong>que produc\u00edan des\u00f3rdenes y se negaban a retirarse de las inmediaciones de las calles Lucena y 12 de Octubre\u00bb.<\/p>\n<\/div>\n<div class=\"sc-a7166897-0 exHLBh\" readability=\"6\">\n<section readability=\"2\"><picture><img alt=\"Los Andes se llev\u00f3 los tres puntos y otros cuatro partidos \" src=\"http:\/\/hoycordobaweb.com\/wp-content\/uploads\/2024\/02\/detienen-a-15-integrantes-de-una-faccion-de-la-barra-de-los-andes-3.jpg\" width=\"290\" height=\"290\" decoding=\"async\" data-nimg=\"future\" loading=\"lazy\"><\/picture>\n<p><span>Mir\u00e1 tambi\u00e9n<\/span><\/p>\n<hr>\n<h3>Los Andes se llev\u00f3 los tres puntos y otros cuatro partidos<br \/>\n<\/h3>\n<\/p>\n<\/section>\n<\/div>\n<div class=\"custom-text \" readability=\"34\">\n<p>Entre los 12 detenidos, sobre al menos cinco <strong>pesaba \u00abderecho de admisi\u00f3n\u00bb a los estadios de f\u00fatbol.<\/strong><\/p>\n<\/div>\n<div class=\"custom-text \" readability=\"36\">\n<p>Las actuaciones por infracci\u00f3n a la Ley del Deporte y las investigaciones <strong>\u00abpor amenazas publicadas\u00bb <\/strong>quedaron a cargo de la Fiscal\u00eda 8 de Lomas de Zamora, a cargo de Jorge Griecco, seg\u00fan fuentes judiciales.<\/p>\n<\/div>\n<\/div>\n","protected":false},"excerpt":{"rendered":"<p>19\/02\/2024 10:33hs. Al menos 15 personas integrantes de una facci\u00f3n de la barra de Los Andes fueron detenidas en la previa del partido con F\u00e9nix en Lomas de Zamora, por el torneo Apertura de la Primera B, a trav\u00e9s de la intervenci\u00f3n de personal de Aprevide y de la Jefatura de Polic\u00eda AMBA Sur. Aprevide [&hellip;]<\/p>\n","protected":false},"author":1,"featured_media":73658,"comment_status":"open","ping_status":"closed","sticky":false,"template":"","format":"standard","meta":[],"categories":[16],"tags":[],"_links":{"self":[{"href":"http:\/\/hoycordobaweb.com\/index.php\/wp-json\/wp\/v2\/posts\/73657"}],"collection":[{"href":"http:\/\/hoycordobaweb.com\/index.php\/wp-json\/wp\/v2\/posts"}],"about":[{"href":"http:\/\/hoycordobaweb.com\/index.php\/wp-json\/wp\/v2\/types\/post"}],"author":[{"embeddable":true,"href":"http:\/\/hoycordobaweb.com\/index.php\/wp-json\/wp\/v2\/users\/1"}],"replies":[{"embeddable":true,"href":"http:\/\/hoycordobaweb.com\/index.php\/wp-json\/wp\/v2\/comments?post=73657"}],"version-history":[{"count":0,"href":"http:\/\/hoycordobaweb.com\/index.php\/wp-json\/wp\/v2\/posts\/73657\/revisions"}],"wp:featuredmedia":[{"embeddable":true,"href":"http:\/\/hoycordobaweb.com\/index.php\/wp-json\/wp\/v2\/media\/73658"}],"wp:attachment":[{"href":"http:\/\/hoycordobaweb.com\/index.php\/wp-json\/wp\/v2\/media?parent=73657"}],"wp:term":[{"taxonomy":"category","embeddable":true,"href":"http:\/\/hoycordobaweb.com\/index.php\/wp-json\/wp\/v2\/categories?post=73657"},{"taxonomy":"post_tag","embeddable":true,"href":"http:\/\/hoycordobaweb.com\/index.php\/wp-json\/wp\/v2\/tags?post=73657"}],"curies":[{"name":"wp","href":"https:\/\/api.w.org\/{rel}","templated":true}]}}