{"id":73579,"date":"2024-02-17T13:55:00","date_gmt":"2024-02-17T13:55:00","guid":{"rendered":"http:\/\/hoycordobaweb.com\/index.php\/2024\/02\/17\/las-lluvias-salvaron-a-la-soja-de-primera-pero-no-evitaron-los-efectos-de-la-ola-de-calor\/"},"modified":"2024-02-17T13:55:00","modified_gmt":"2024-02-17T13:55:00","slug":"las-lluvias-salvaron-a-la-soja-de-primera-pero-no-evitaron-los-efectos-de-la-ola-de-calor","status":"publish","type":"post","link":"http:\/\/hoycordobaweb.com\/index.php\/2024\/02\/17\/las-lluvias-salvaron-a-la-soja-de-primera-pero-no-evitaron-los-efectos-de-la-ola-de-calor\/","title":{"rendered":"Las lluvias salvaron a la soja de primera pero no evitaron los efectos de la ola de calor"},"content":{"rendered":"<p><img src=\"http:\/\/hoycordobaweb.com\/wp-content\/uploads\/2024\/02\/las-lluvias-salvaron-a-la-soja-de-primera-pero-no-evitaron-los-efectos-de-la-ola-de-calor.jpg\"><\/p>\n<figure class=\"mb-3\"><img loading=\"lazy\" data-src=\"http:\/\/hoycordobaweb.com\/wp-content\/uploads\/2024\/02\/las-lluvias-salvaron-a-la-soja-de-primera-pero-no-evitaron-los-efectos-de-la-ola-de-calor-2.jpg\" src=\"https:\/\/www.telam.com.ar\/assets\/img\/not_image.png\" class=\" lazy \" width=\"100%\" height=\"100%\" alt=\"Las lluvias salvaron a la soja de primera Foto Pablo Aneli\"><figcaption> Las lluvias salvaron a la soja de primera. Foto: Pablo Aneli. <\/figcaption><\/figure>\n<p>Las lluvias de los \u00faltimos d\u00edas \u00abalcanzan para terminar el ciclo\u00bb de la soja de primera, aunque no lograron contrarrestar los efectos de la reciente ola de calor, afirmaron t\u00e9cnicos de la zona n\u00facleo consultados por la Gu\u00eda Estrat\u00e9gica para el Agro (GEA) de la Bolsa de Comercio de Rosario (BCR).<\/p>\n<p><strong>\u00abEl cambio en las reservas de suelos es total:<\/strong> de predominar \u00e1reas en sequ\u00eda y escasez una semana atr\u00e1s a niveles \u00f3ptimos en los sectores centro y noreste, con n\u00facleos de exceso en Santa Fe y este de C\u00f3rdoba\u00bb, explicaron desde la entidad rosarina, que destac\u00f3 que \u00abpr\u00e1cticamente toda la regi\u00f3n pampeana recuper\u00f3 niveles de humedad adecuados\u00bb.<\/p>\n<p>Sin embargo, las secuelas de la ola de calor persisten, con una reducci\u00f3n significativa en las expectativas de cosecha y as\u00ed el potencial de soja de primera registr\u00f3 p\u00e9rdidas de entre 20% y 30% en los cultivos de la zona n\u00facleo.<\/p>\n<blockquote class><p>Las condiciones son adecuadas en gran parte de la zona GEA, con algunos n\u00facleos aislados de escasez en el norte de Buenos Aires y noroeste del \u00e1rea GEA<\/p><\/blockquote>\n<p>En la \u00faltima semana en la regi\u00f3n n\u00facleo <strong>se registraron lluvias con acumulados de m\u00e1s de 70 mm<\/strong>, que pr\u00e1cticamente cubrieron la totalidad de la regi\u00f3n pampeana: El valor m\u00e1s alto, 168 mm fue medido en la localidad de Pozo del Molle, C\u00f3rdoba, seguido por Lincoln, en Buenos Aires, con 142 mm.<\/p>\n<p>En funci\u00f3n de las precipitaciones recibidas, las reservas de agua en el suelo aumentaron considerablemente respecto a la semana pasada.<\/p>\n<p><strong>Las condiciones son adecuadas en gran parte de la zona GEA<\/strong>, con algunos n\u00facleos aislados de escasez en el norte de Buenos Aires y noroeste del \u00e1rea GEA, donde se requieren en los pr\u00f3ximos quince d\u00edas, acumulados entre 40 y 80 mm para alcanzar el estado \u00f3ptimo de las reservas.<\/p>\n<p>La humedad del suelo alcanz\u00f3 niveles \u00f3ptimos en los sectores centro y noreste, con n\u00facleos de exceso en Santa Fe y en el este de C\u00f3rdoba: En el centro los valores oscilan entre los 20 y 40 mm y en Buenos Aires y sur de Santa Fe se requieren entre 60 y 90 mm; y en el Oeste de C\u00f3rdoba, Norte de Santa Fe, Santiago del Estero y Chaco, 30 a 200 mm.<\/p>\n<p><strong>La segunda semana de febrero cambi\u00f3 radicalmente el comportamiento<\/strong> pluvial deficitario que se hab\u00eda instalado desde mediados de enero.<\/p>\n<p>El ingreso de un sistema frontal hacia el centro del pa\u00eds provoc\u00f3 la interrupci\u00f3n definitiva de la ola de calor que llevaba varios d\u00edas ejerciendo una importante exigencia t\u00e9rmica sobre personas y cultivos; y el desarrollo de una sucesi\u00f3n de lluvias y tormentas de considerable volumen que con mejoramientos temporales concluyeron con importantes acumulados y un nivel de cobertura bastante generalizado.<\/p>\n<figure class=\"mb-3\"><img loading=\"lazy\" data-src=\"http:\/\/hoycordobaweb.com\/wp-content\/uploads\/2024\/02\/las-lluvias-salvaron-a-la-soja-de-primera-pero-no-evitaron-los-efectos-de-la-ola-de-calor-3.jpg\" src=\"https:\/\/www.telam.com.ar\/assets\/img\/not_image.png\" class=\" lazy \" width=\"100%\" height=\"100%\" alt=\"Foto Pablo Aneli\"><figcaption> Foto: Pablo Aneli. <\/figcaption><\/figure>\n<p>Si bien la distribuci\u00f3n de las precipitaciones abarc\u00f3 gran parte de las zonas m\u00e1s comprometidas, hubo sectores que recibieron montos totales muy por encima de los previstos, como el noreste de Buenos Aires, con registros que superaron los 200 mil\u00edmetros en La Plata y Punta Indio.<\/p>\n<p><strong>El alivio que represent\u00f3 el regreso de precipitaciones recurrentes<\/strong> y de buen volumen despu\u00e9s de un prolongado periodo de ausencia se reflej\u00f3 r\u00e1pidamente en el estado de las reservas de agua en el suelo.<\/p>\n<p>Pr\u00e1cticamente toda la regi\u00f3n pampeana recuper\u00f3 niveles de humedad adecuados e incluso hay sectores que alcanzaron el nivel de exceso h\u00eddrico; las reservas escasas quedaron confinadas a zonas puntuales, donde las precipitaciones no fueron suficientes para compensar el requerimiento de los perfiles.<\/p>\n<p>Para la tercera semana del mes, <strong>el cambio de circulaci\u00f3n ya se produjo<\/strong> y los pron\u00f3sticos indican buen tiempo y temperaturas menos agresivas, aunque dentro de los valores normales estacionales.<\/p>\n<p>As\u00ed, en los pr\u00f3ximos d\u00edas en la regi\u00f3n n\u00facleo no se esperan lluvias y las temperaturas comenzar\u00e1n a subir, pero ser\u00e1n menos intensas que en la primera quincena de febrero.<\/p>\n<p><strong>Hasta el mi\u00e9rcoles 21 de febrero se esperan buenas condiciones<\/strong> meteorol\u00f3gicas que reci\u00e9n podr\u00edan interrumpirse hacia el final del periodo de pron\u00f3stico, cuando no se descarta alg\u00fan chaparr\u00f3n aislado e intermitente, principalmente en el oeste de la zona.<\/p>\n<blockquote class><p>La humedad del suelo alcanz\u00f3 niveles \u00f3ptimos en los sectores centro y noreste, con n\u00facleos de exceso en Santa Fe y en el este de C\u00f3rdoba<\/p><\/blockquote>\n<p>Seg\u00fan la Bolsa de Cereales, tras el paso del frente de tormenta, que hizo su entrada en los d\u00edas precedentes produciendo precipitaciones abundantes, se alternar\u00e1n con franjas con aportes escasos, sobre el norte y el centro del \u00e1rea agr\u00edcola, y valores moderados a nulos sobre el resto del cono sur.<\/p>\n<p>El proceso ser\u00e1 acompa\u00f1ado por <strong>temperaturas bajo lo normal en el sur<\/strong> y el centro del \u00e1rea agr\u00edcola, mientras el norte continuar\u00e1 observando registros normales a superiores a lo normal.<\/p>\n<p>Los vientos del tr\u00f3pico retornar\u00e1n gradualmente, elevando la temperatura, con calor extremo en el norte y el extremo sudoeste del \u00e1rea agr\u00edcola, y registros intensos, pero menores en el resto de su extensi\u00f3n, mientras los vientos marinos se extender\u00e1n sobre el Litoral Atl\u00e1ntico, llegando hasta gran parte de la Regi\u00f3n Pampeana, mitigando la temperatura.<\/p>\n<p>Hacia el final del proceso, se producir\u00e1 la entrada de vientos polares, produciendo temperaturas bajo lo normal en el centro y el sur del \u00e1rea agr\u00edcola, pero sin llegar al norte. <\/p>\n","protected":false},"excerpt":{"rendered":"<p>Las lluvias salvaron a la soja de primera. Foto: Pablo Aneli. Las lluvias de los \u00faltimos d\u00edas \u00abalcanzan para terminar el ciclo\u00bb de la soja de primera, aunque no lograron contrarrestar los efectos de la reciente ola de calor, afirmaron t\u00e9cnicos de la zona n\u00facleo consultados por la Gu\u00eda Estrat\u00e9gica para el Agro (GEA) de [&hellip;]<\/p>\n","protected":false},"author":1,"featured_media":73580,"comment_status":"open","ping_status":"closed","sticky":false,"template":"","format":"standard","meta":[],"categories":[19],"tags":[],"_links":{"self":[{"href":"http:\/\/hoycordobaweb.com\/index.php\/wp-json\/wp\/v2\/posts\/73579"}],"collection":[{"href":"http:\/\/hoycordobaweb.com\/index.php\/wp-json\/wp\/v2\/posts"}],"about":[{"href":"http:\/\/hoycordobaweb.com\/index.php\/wp-json\/wp\/v2\/types\/post"}],"author":[{"embeddable":true,"href":"http:\/\/hoycordobaweb.com\/index.php\/wp-json\/wp\/v2\/users\/1"}],"replies":[{"embeddable":true,"href":"http:\/\/hoycordobaweb.com\/index.php\/wp-json\/wp\/v2\/comments?post=73579"}],"version-history":[{"count":0,"href":"http:\/\/hoycordobaweb.com\/index.php\/wp-json\/wp\/v2\/posts\/73579\/revisions"}],"wp:featuredmedia":[{"embeddable":true,"href":"http:\/\/hoycordobaweb.com\/index.php\/wp-json\/wp\/v2\/media\/73580"}],"wp:attachment":[{"href":"http:\/\/hoycordobaweb.com\/index.php\/wp-json\/wp\/v2\/media?parent=73579"}],"wp:term":[{"taxonomy":"category","embeddable":true,"href":"http:\/\/hoycordobaweb.com\/index.php\/wp-json\/wp\/v2\/categories?post=73579"},{"taxonomy":"post_tag","embeddable":true,"href":"http:\/\/hoycordobaweb.com\/index.php\/wp-json\/wp\/v2\/tags?post=73579"}],"curies":[{"name":"wp","href":"https:\/\/api.w.org\/{rel}","templated":true}]}}