{"id":73569,"date":"2024-02-17T12:02:28","date_gmt":"2024-02-17T12:02:28","guid":{"rendered":"https:\/\/www.mujerhoy.com\/moda\/tendencias\/como-lucir-piezas-encaje-invierno-influencers-royals-paris-20240217130024-nt.html"},"modified":"2024-02-17T12:02:28","modified_gmt":"2024-02-17T12:02:28","slug":"como-lucir-piezas-de-crochet-en-invierno-influencers-y-royals-lo-tienen-claro","status":"publish","type":"post","link":"http:\/\/hoycordobaweb.com\/index.php\/2024\/02\/17\/como-lucir-piezas-de-crochet-en-invierno-influencers-y-royals-lo-tienen-claro\/","title":{"rendered":"C\u00f3mo lucir piezas de crochet en invierno: influencers y royals lo tienen claro"},"content":{"rendered":"<p><!-- AUTHOR --> <\/p>\n<div class=\"voc-author-timesocial \"> <!-- AUTHOR --> <\/p>\n<div class=\"voc-author-timesocial__signature\"> <!-- IMAGE AUTHOR --> <picture class=\"voc-image-signature\"> <img class=\"voc-image-signature__img\" src=\"http:\/\/hoycordobaweb.com\/wp-content\/uploads\/2024\/02\/como-lucir-piezas-de-crochet-en-invierno-influencers-y-royals-lo-tienen-claro.jpg\" alt=\"Carla Dom\u00ednguez\"> <\/picture> <!-- INFO AUTHOR --> <\/div><\/div>\n<p> <!-- COMPONENTS --> <\/p>\n<p class=\"voc-paragraph\">Hay <strong>algunos tejidos que solemos asociar con diferentes estaciones del a\u00f1o.<\/strong> Por ejemplo, el <a data-voc-vtm-id=\"in-text-traffic\" href=\"https:\/\/www.mujerhoy.com\/moda\/no-te-pierdas\/pantalones-de-lino-preciosos-combinan-con-todo-20230727142133-nt.html\">lino <\/a>en verano; el terciopelo en invierno o la <a data-voc-vtm-id=\"in-text-traffic\" href=\"https:\/\/www.mujerhoy.com\/moda\/tendencias\/jerseis-de-lana-elegantes-para-invierno-20240109131637-nt.html\">lana<\/a>. Est\u00e1 claro que estos tejidos est\u00e1n pensandos para sobrellevar mejor el calor o simplemente hacer frente al fr\u00edo.\n<\/p>\n<p class=\"voc-paragraph\">Sin embargo, hay tejidos que est\u00e1n algo encasillados en determinadas estaciones y que hemos dado sentado que no pueden trasladarse a otras. Es el caso del <strong>crochet<\/strong>, un material siempre usado en primavera-verano que algunas <i>influencers<\/i> y <i>royals<\/i> nos han ense\u00f1ado a lucirlo incluso cuando aprieta el fr\u00edo.\n<\/p>\n<p class=\"voc-paragraph\">Una de ellas ha sido <strong>la influencer Bel\u00e9n Hostalet<\/strong>. Con casi 800 mil seguidores lleva muchos a\u00f1os siendo una de las espa\u00f1olas m\u00e1s reconocidas a nivel internacional y nacional en el mundo de la moda. Por supuesto, no ha podido faltar a la semana m\u00e1s importante del sector en Par\u00eds.\n<\/p>\n<p class=\"voc-paragraph\">Uno de los primeros desfiles a los que ha acudido la influencer es al de <strong>Dior<\/strong> y no ha perdido la oportunidad en ir vestida de la casa francesa con un conjunto de crochet compuesto por blusa y falda en tonos beige. Eso s\u00ed, ha querido darle un toque invernal con unas botas altas en color negro.\n<\/p>\n<p class=\"voc-paragraph\">Con este espectacular estilismo, la influencer nos ha demostrado que se pueden lucir <strong>prendas de crochet<\/strong> tambien en invierno si sabemos combinarlo bien y este look es una prueba de ello. \u00bfEl truco? A\u00f1adir unas buenas notas y un <a data-voc-vtm-id=\"in-text-traffic\" href=\"https:\/\/www.mujerhoy.com\/moda\/no-te-pierdas\/abrigos-clasicos-tonos-neutros-elegantes-mango-20240127132052-nt.html\">abrigo en tonos similares<\/a> al del conjunto de crochet.\n<\/p>\n<p class=\"voc-paragraph\">Pero no ha sido la \u00fanica que ha querido apostar por un look con piezas de crochet y encaje bordadas. <strong>La arist\u00f3crata italiana y mujer de Pierre Casiraghi,<\/strong>Beatrice Borromeo, tampoco se quiso perder el desfile de Dior. Al igual que Bel\u00e9n Hostalet, a\u00f1adi\u00f3 a su look piezas de la casa francesa en tejido de crochet.\n<\/p>\n<div class=\"voc-detail-photo-zoom\"> <picture data-toggle=\"modal\" data-target=\"#photoZoomModal-58\" target=\"modal\">\n<div class=\"voc-img-icon-link\"> <img loading=\"lazy\" data-original=\"\/\/static2.mujerhoy.com\/www\/multimedia\/202401\/24\/media\/cortadas\/crochet-dior-beatrice-borromeo-kMCD--650x900@MujerHoy.jpg\" width=\"650\" height=\"900\" class=\"lazy\" alt=\"Beatrice Borromeo con conjunto de crochet en el desfile de Dior en Par\u00eds. Foto: Launchmetrics spotlight.\"> <noscript> <img src=\"http:\/\/hoycordobaweb.com\/wp-content\/uploads\/2024\/02\/como-lucir-piezas-de-crochet-en-invierno-influencers-y-royals-lo-tienen-claro.webp\" alt=\"Beatrice Borromeo con conjunto de crochet en el desfile de Dior en Par\u00eds. Foto: Launchmetrics spotlight.\"> <\/noscript> <i class=\"voc-icons zoom voc-multimedia-box voc-ico-l\"><\/i> <\/div><figcaption class=\"figure-caption\">Beatrice Borromeo con conjunto de crochet en el desfile de Dior en Par\u00eds. Foto: Launchmetrics spotlight.<\/figcaption><\/picture>\n<\/div>\n<div id=\"photoZoomModal-58\" class=\"voc-lightbox modal fade voc-lightbox--photo-zoom\" role=\"dialog\" data-voc-photozoom-lightbox>\n<div class=\"voc-lightbox__dialog\" role=\"document\">\n<div class=\"voc-lightbox__content\"> <!-- Modal header --> <!-- Modal content --> <\/p>\n<div class=\"voc-lightbox__photo-container\"> <picture class> <img loading=\"lazy\" data-original=\"\/\/static2.mujerhoy.com\/www\/multimedia\/202401\/24\/media\/cortadas\/crochet-dior-beatrice-borromeo-kMCD--650x900@MujerHoy.jpg\" alt=\"Beatrice Borromeo con conjunto de crochet en el desfile de Dior en Par\u00eds. Foto: Launchmetrics spotlight.\" class=\"lazy\"> <noscript> <img src=\"http:\/\/hoycordobaweb.com\/wp-content\/uploads\/2024\/02\/como-lucir-piezas-de-crochet-en-invierno-influencers-y-royals-lo-tienen-claro.webp\" alt=\"Beatrice Borromeo con conjunto de crochet en el desfile de Dior en Par\u00eds. Foto: Launchmetrics spotlight.\"> <\/noscript> <\/picture> <\/div><\/div><\/div>\n<\/div>\n<p class=\"voc-paragraph\">En el caso de Beatrice Borromeo, su estilismo fue una apuesta por el beige. Tanto el vestido como la chaqueta, y los complementos que incorpor\u00f3 a su estilismo fue en tonos crudos. Un <i>look<\/i> que te puede inspirar para llevar este tejido antes de la llegada de la primavera.\n<\/p>\n<p class=\"voc-paragraph\">Parece que el crochet en invierno no solo destaca en la Semana de la Moda de Par\u00eds sino tambi\u00e9n ha pasado al <i>street style<\/i>. As\u00ed lo hemos visto a otras influencers como <strong>Roc\u00edo Osorno<\/strong>, quien luce un vestido de crochet en una de sus \u00faltimas publicaciones.\n<\/p>\n<p class=\"voc-paragraph\">La influencer espa\u00f1ola se ha animado a lucir este tipo de tejidos en invierno acompa\u00f1ando <strong>su vestido de crochet con una cazadora de cuero en color negro.<\/strong> Un estilismo no apto para las m\u00e1s frioleras, pero que puede inspirarte a la hora de combinar con otros tejidos en invierno el crochet.\n<\/p>\n<p> <!-- TOPICS --> <\/p>\n","protected":false},"excerpt":{"rendered":"<p>Hay algunos tejidos que solemos asociar con diferentes estaciones del a\u00f1o. Por ejemplo, el lino en verano; el terciopelo en invierno o la lana. Est\u00e1 claro que estos tejidos est\u00e1n pensandos para sobrellevar mejor el calor o simplemente hacer frente al fr\u00edo. Sin embargo, hay tejidos que est\u00e1n algo encasillados en determinadas estaciones y que [&hellip;]<\/p>\n","protected":false},"author":1,"featured_media":73570,"comment_status":"closed","ping_status":"closed","sticky":false,"template":"","format":"standard","meta":[],"categories":[1],"tags":[],"_links":{"self":[{"href":"http:\/\/hoycordobaweb.com\/index.php\/wp-json\/wp\/v2\/posts\/73569"}],"collection":[{"href":"http:\/\/hoycordobaweb.com\/index.php\/wp-json\/wp\/v2\/posts"}],"about":[{"href":"http:\/\/hoycordobaweb.com\/index.php\/wp-json\/wp\/v2\/types\/post"}],"author":[{"embeddable":true,"href":"http:\/\/hoycordobaweb.com\/index.php\/wp-json\/wp\/v2\/users\/1"}],"replies":[{"embeddable":true,"href":"http:\/\/hoycordobaweb.com\/index.php\/wp-json\/wp\/v2\/comments?post=73569"}],"version-history":[{"count":0,"href":"http:\/\/hoycordobaweb.com\/index.php\/wp-json\/wp\/v2\/posts\/73569\/revisions"}],"wp:featuredmedia":[{"embeddable":true,"href":"http:\/\/hoycordobaweb.com\/index.php\/wp-json\/wp\/v2\/media\/73570"}],"wp:attachment":[{"href":"http:\/\/hoycordobaweb.com\/index.php\/wp-json\/wp\/v2\/media?parent=73569"}],"wp:term":[{"taxonomy":"category","embeddable":true,"href":"http:\/\/hoycordobaweb.com\/index.php\/wp-json\/wp\/v2\/categories?post=73569"},{"taxonomy":"post_tag","embeddable":true,"href":"http:\/\/hoycordobaweb.com\/index.php\/wp-json\/wp\/v2\/tags?post=73569"}],"curies":[{"name":"wp","href":"https:\/\/api.w.org\/{rel}","templated":true}]}}