{"id":73563,"date":"2024-02-17T01:24:16","date_gmt":"2024-02-17T01:24:16","guid":{"rendered":"https:\/\/www.ole.com.ar\/futbol-internacional\/paris-saint-germain-exodo-estrellas-salida-messi-neymar-mbappe-ramos-di-maria-equipo-plantel-jeque-nasser-khelaifi_0_2eXh4YOB25.html"},"modified":"2024-02-17T01:24:16","modified_gmt":"2024-02-17T01:24:16","slug":"ni-messi-ni-neymar-ni-mbappe-el-preocupante-exodo-de-estrellas-que-sufrio-el-psg","status":"publish","type":"post","link":"http:\/\/hoycordobaweb.com\/index.php\/2024\/02\/17\/ni-messi-ni-neymar-ni-mbappe-el-preocupante-exodo-de-estrellas-que-sufrio-el-psg\/","title":{"rendered":"Ni Messi, ni Neymar, ni Mbapp\u00e9: el preocupante \u00e9xodo de estrellas que sufri\u00f3 el PSG"},"content":{"rendered":"<p><img src=\"http:\/\/hoycordobaweb.com\/wp-content\/uploads\/2024\/02\/ni-messi-ni-neymar-ni-mbappe-el-preocupante-exodo-de-estrellas-que-sufrio-el-psg.jpg\"><\/p>\n<p><time class=\"createDate\" datetime=\"2024-02-16T22:24:16-03:00\">16\/02\/2024 22:24hs.<\/time><\/p>\n<div id=\"storyBody\">\n<div class=\"custom-text \" readability=\"38.093023255814\">\n<p><strong>Transcurr\u00eda el 11 de agosto de 2021. Luego de hacer historia en Barcelona, <a href=\"https:\/\/www.ole.com.ar\/tema\/lionel-messi.html\" title=\"Lionel Messi\" alt=\"Lionel Messi\" class=\"slug\">Lionel Messi<\/a> era presentado como nuevo jugador del <a href=\"https:\/\/www.ole.com.ar\/tema\/paris-saint-germain.html\" title=\"Paris Saint Germain\" alt=\"Paris Saint Germain\" class=\"slug\">Paris Saint Germain<\/a><\/strong>, sellando uno de los traspasos m\u00e1s importantes de la historia. Su llegada no solo significa algo de por s\u00ed. Tambi\u00e9n, fue la frutilla del postre para conformar un plantel repleto de estrellas, que se colocaba como el gran favorito a coronarse campe\u00f3n de la <strong><a href=\"https:\/\/www.ole.com.ar\/tema\/champions-league.html\" title=\"Champions League\" alt=\"Champions League\" class=\"slug\">UEFA Champions League<\/a><\/strong>. <strong>Solo tres a\u00f1os despu\u00e9s de aquel d\u00eda, aquella imagen del PSG indestructible parece lejana o, simplemente, una leyenda urbana&#8230;<\/strong><\/p>\n<\/div>\n<div class=\"custom-text \" readability=\"35\">\n<p>\u00bfC\u00f3mo puede ser que un equipo se desmantele tanto en un lapso tan corto de tiempo? La respuesta deber\u00eda darla el jeque Nasser Al-Khelaifi, que invirti\u00f3 millones de d\u00f3lares en formar un incre\u00edble equipo que se desmantel\u00f3 al poco tiempo de ser creado.<\/p>\n<\/div>\n<div class=\"custom-text \" readability=\"42\">\n<p>Ya sea por malos manejos dirigenciales o por una lucha de egos dentro del vestuario, el mundo futbolero disfrut\u00f3 poco -y casi nada- de aquel PSG intergal\u00e1ctico, que contaba con un ataque integrado por las tres mejores jugadores del mundo en aquel entonces: Messi, Neymar y Mbapp\u00e9. Adem\u00e1s, Sergio Ramos ocupaba la zaga central, Marco Verrati era la figura descollante de la mitad de la cancha y, de yapa, en el banco de suplentes ten\u00eda como alternativa a \u00c1ngel Di Mar\u00eda. Casi nada.<\/p>\n<\/div>\n<div class=\"custom-text \" readability=\"34\">\n<p>Una temporada y media. Eso es lo que compartieron estos seis cracks dentro del vestuario parisino. No pudieron levantar la primera Champions en la historia del club (cayeron ante Real Madrid en los octavos de final) y solo se coronaron campeones de la Ligue 1. <\/p>\n<\/div>\n<p><h2><strong>Di Mar\u00eda, la primera salida importante<\/strong><\/h2>\n<\/p>\n<div class=\"custom-text \" readability=\"36\">\n<p>El primero en irse fue el \u00c1ngel Di Mar\u00eda, que no renov\u00f3 su contrato con la instituci\u00f3n y, al quedar libre en julio de 2022, empac\u00f3 sus maletas para desembarcar en la Juventus de Tur\u00edn. <\/p>\n<\/div>\n<div class=\"sc-e7b891c4-0 jPbnQF\"><img alt=\"Di Mar\u00eda, el primero en irse del PSG. (AFP)\" src=\"http:\/\/hoycordobaweb.com\/wp-content\/uploads\/2024\/02\/ni-messi-ni-neymar-ni-mbappe-el-preocupante-exodo-de-estrellas-que-sufrio-el-psg-2.jpg\" width=\"720\" height=\"100\" decoding=\"async\" data-nimg=\"future\" loading=\"lazy\"><span class=\"epigraphe\">Di Mar\u00eda, el primero en irse del PSG. (AFP)<\/span><\/div>\n<div class=\"custom-text \" readability=\"37\">\n<p>\u201cAngel Di Mar\u00eda ha dejado una marca permanente en la historia del club. Permanecer\u00e1 en la memoria de los fans como alguien con una actitud irreprochable, que ha mostrado un compromiso sin descanso para defender nuestros colores\u201d, hab\u00eda confesado el propio Al-Khelaifi en el cierre de aquella temporada 21\/22. <\/p>\n<\/div>\n<div class=\"custom-text \" readability=\"38\">\n<p>Sin embargo, el Fideo confes\u00f3 que la historia de su salida no fue color de rosas: \u00abQuise quedarme en PSG, desde enero le dije al club que quer\u00eda quedarme y me dijeron que ten\u00edan que ver que pasaba. Creo que jug\u00f3 un poco en contra quedar afuera contra el Madrid, hay muchos jugadores que van a salir\u00bb. Y al rosarino no le falt\u00f3 raz\u00f3n&#8230;<\/p>\n<\/div>\n<p><h2><strong>Messi, Neymar, Ramos y Verrati le siguieron&#8230;<\/strong><\/h2>\n<\/p>\n<div class=\"custom-text \" readability=\"37\">\n<p>Lo que hab\u00eda dicho Di Mar\u00eda se reafirm\u00f3 al final de la temporada siguiente, cuando Lionel Messi (libre al inter Miami), Neymar (vendido a Al-Hilal), Sergio Ramos (libre al Sevilla) y Marco Verrati (vendido a Al-Arabi) anunciaban sus respectivas salidas del Parque de los Principes. <\/p>\n<\/div>\n<div class=\"sc-e7b891c4-0 jPbnQF\"><img alt=\"Messi, Neymar y Verrati en PSG. (EFE)\" src=\"http:\/\/hoycordobaweb.com\/wp-content\/uploads\/2024\/02\/ni-messi-ni-neymar-ni-mbappe-el-preocupante-exodo-de-estrellas-que-sufrio-el-psg-3.jpg\" width=\"720\" height=\"100\" decoding=\"async\" data-nimg=\"future\" loading=\"lazy\"><span class=\"epigraphe\">Messi, Neymar y Verrati en PSG. (EFE)<\/span><\/div>\n<div class=\"custom-text \" readability=\"38\">\n<p>\u00abLa gente empez\u00f3 a tratarme diferente. Una parte del p\u00fablico del PSG, el resto y la mayor\u00eda me segu\u00eda tratando como al inicio, pero hubo un quiebre con la afici\u00f3n del PSG. No fue mi intenci\u00f3n ni mucho menos generar ese quiebre. Tambi\u00e9n pas\u00f3 con Neymar o Mbapp\u00e9 anteriormente. Me quedo con toda la gente que s\u00ed me respet\u00f3 como yo siempre respet\u00e9 a todo el mundo desde que llegu\u00e9 y fue una an\u00e9cdota\u00bb, confes\u00f3 Leo al despedirse del PSG.<\/p>\n<\/div>\n<div class=\"custom-text \" readability=\"42\">\n<p>Mientras tanto, Verrati explic\u00f3 que se fue debido al propio desinter\u00e9s de Luis Enrique: \u00abSoy alguien sincero, digo lo que pienso y ellos han hecho lo mismo. Cuando volvimos al trabajo, me entrevist\u00e9 con el entrenador y me dijo que no entraba en sus planes. Me dijo simplemente que quer\u00eda cambiar, hacer algo nuevo, que llevaba muchos a\u00f1os aqu\u00ed. S\u00e9 de qu\u00e9 soy capaz, me he entrenado con ellos durante dos meses (de julio a septiembre pasados. Hubo jugadores que casi me suplicaron para que me quedase. Ese es el mejor reconocimiento, el de aquellos que te ven todos los d\u00edas y que saben lo que puedes llegar a hacer\u00bb.<\/p>\n<\/div>\n<div class=\"custom-text \" readability=\"44\">\n<p>Por su parte, Ramos adjudic\u00f3 que ya no se sent\u00eda c\u00f3modo en el equipo: \u201cEn el PSG tuve la oportunidad de seguir, pero por sensaciones u otras cosas crees que se acab\u00f3 el ciclo. No es una cuesti\u00f3n de contrato, de dinero, ni de a\u00f1os, es una cuesti\u00f3n deportiva, de mentalidad, de filosof\u00eda, de sentimiento, y pens\u00e9 que era en Sevilla donde iba a encontrar todo eso\u201d.<\/p>\n<\/div>\n<div class=\"sc-e7b891c4-0 jPbnQF\"><img alt=\"Lionel Messi y Sergio Ramos en el PSG. (Reuters)\" src=\"http:\/\/hoycordobaweb.com\/wp-content\/uploads\/2024\/02\/ni-messi-ni-neymar-ni-mbappe-el-preocupante-exodo-de-estrellas-que-sufrio-el-psg-4.jpg\" width=\"720\" height=\"100\" decoding=\"async\" data-nimg=\"future\" loading=\"lazy\"><span class=\"epigraphe\">Lionel Messi y Sergio Ramos en el PSG. (Reuters)<\/span><\/div>\n<div class=\"custom-text \" readability=\"37\">\n<p>Neymar fue el \u00fanico que no se refiri\u00f3 a su salida del club, aunque es de p\u00fablico conocimiento que el talentoso atacante brasile\u00f1o forz\u00f3 su traspaso al f\u00fatbol arabe debido a su tensa relaci\u00f3n con la afici\u00f3n parisina y, tambi\u00e9n, a una necesidad de cambiar de aire. <\/p>\n<\/div>\n<p><h2><strong>Mbapp\u00e9, el clavo que cerr\u00f3 el ata\u00fad<\/strong><\/h2>\n<\/p>\n<div class=\"custom-text \" readability=\"36\">\n<p>A pesar de rumorearse en los \u00faltimos mercados con su posible llegada al Real Madrid, Kylian Mbapp\u00e9 se manten\u00eda en el Paris Saint Germain y parec\u00eda que nunca se ir\u00eda de all\u00ed. Hasta que lleg\u00f3 el d\u00eda: el propio crak les comunic\u00f3 a los dirigentes del PSG que se ir\u00e1 al final de la presente temporada.<\/p>\n<\/div>\n<div class=\"sc-e7b891c4-0 jPbnQF\"><img alt=\"Mbapp\u00e9 se va del PSG. (AFP)\" src=\"http:\/\/hoycordobaweb.com\/wp-content\/uploads\/2024\/02\/ni-messi-ni-neymar-ni-mbappe-el-preocupante-exodo-de-estrellas-que-sufrio-el-psg-5.jpg\" width=\"720\" height=\"100\" decoding=\"async\" data-nimg=\"future\" loading=\"lazy\"><span class=\"epigraphe\">Mbapp\u00e9 se va del PSG. (AFP)<\/span><\/div>\n<div class=\"custom-text \" readability=\"36\">\n<p>De esta manera, el PSG pierde al \u00faltimo -y \u00fanico- s\u00edmbolo que le quedaba. Su salida puede implicar la conformaci\u00f3n de una nueva estrategia de fichajes, la llegada de nuevas estrellas que renueven ilusiones en la afici\u00f3n o la muerte definitiva del PSG intergal\u00e1ctico so\u00f1ado por los jeques&#8230;<\/p>\n<\/div>\n<div class=\"sc-a7166897-0 exHLBh\" readability=\"6.5\">\n<section readability=\"3\"><picture><img alt=\"Bomba: Mbapp\u00e9 anunci\u00f3 que se va de PSG, \u00bfal Real Madrid?\" src=\"http:\/\/hoycordobaweb.com\/wp-content\/uploads\/2024\/02\/ni-messi-ni-neymar-ni-mbappe-el-preocupante-exodo-de-estrellas-que-sufrio-el-psg-6.jpg\" width=\"290\" height=\"290\" decoding=\"async\" data-nimg=\"future\" loading=\"lazy\"><\/picture>\n<p><span>Mir\u00e1 tambi\u00e9n<\/span><\/p>\n<hr>\n<h3>Bomba: Mbapp\u00e9 anunci\u00f3 que se va de PSG, \u00bfal Real Madrid?<\/h3>\n<\/p>\n<\/section>\n<\/div>\n<div class=\"sc-a7166897-0 exHLBh\" readability=\"6\">\n<section readability=\"2\"><picture><img alt=\"Los 3 candidatos del PSG para reemplazar a Mbapp\u00e9\" src=\"http:\/\/hoycordobaweb.com\/wp-content\/uploads\/2024\/02\/ni-messi-ni-neymar-ni-mbappe-el-preocupante-exodo-de-estrellas-que-sufrio-el-psg-7.jpg\" width=\"290\" height=\"290\" decoding=\"async\" data-nimg=\"future\" loading=\"lazy\"><\/picture>\n<p><span>Mir\u00e1 tambi\u00e9n<\/span><\/p>\n<hr>\n<h3>Los 3 candidatos del PSG para reemplazar a Mbapp\u00e9<\/h3>\n<\/p>\n<\/section>\n<\/div>\n<div class=\"sc-a7166897-0 exHLBh\" readability=\"6.5\">\n<section readability=\"3\"><picture><img alt=\"Mbapp\u00e9-Gate: por qu\u00e9 el Real Madrid y el Liverpool son los \u00fanicos clubes con chances\" src=\"http:\/\/hoycordobaweb.com\/wp-content\/uploads\/2024\/02\/ni-messi-ni-neymar-ni-mbappe-el-preocupante-exodo-de-estrellas-que-sufrio-el-psg-8.jpg\" width=\"290\" height=\"290\" decoding=\"async\" data-nimg=\"future\" loading=\"lazy\"><\/picture>\n<p><span>Mir\u00e1 tambi\u00e9n<\/span><\/p>\n<hr>\n<h3>Mbapp\u00e9-Gate: por qu\u00e9 el Real Madrid y el Liverpool son los \u00fanicos clubes con chances<\/h3>\n<\/p>\n<\/section>\n<\/div>\n<\/div>\n","protected":false},"excerpt":{"rendered":"<p>16\/02\/2024 22:24hs. Transcurr\u00eda el 11 de agosto de 2021. Luego de hacer historia en Barcelona, Lionel Messi era presentado como nuevo jugador del Paris Saint Germain, sellando uno de los traspasos m\u00e1s importantes de la historia. Su llegada no solo significa algo de por s\u00ed. Tambi\u00e9n, fue la frutilla del postre para conformar un plantel [&hellip;]<\/p>\n","protected":false},"author":1,"featured_media":73564,"comment_status":"open","ping_status":"closed","sticky":false,"template":"","format":"standard","meta":[],"categories":[16],"tags":[],"_links":{"self":[{"href":"http:\/\/hoycordobaweb.com\/index.php\/wp-json\/wp\/v2\/posts\/73563"}],"collection":[{"href":"http:\/\/hoycordobaweb.com\/index.php\/wp-json\/wp\/v2\/posts"}],"about":[{"href":"http:\/\/hoycordobaweb.com\/index.php\/wp-json\/wp\/v2\/types\/post"}],"author":[{"embeddable":true,"href":"http:\/\/hoycordobaweb.com\/index.php\/wp-json\/wp\/v2\/users\/1"}],"replies":[{"embeddable":true,"href":"http:\/\/hoycordobaweb.com\/index.php\/wp-json\/wp\/v2\/comments?post=73563"}],"version-history":[{"count":0,"href":"http:\/\/hoycordobaweb.com\/index.php\/wp-json\/wp\/v2\/posts\/73563\/revisions"}],"wp:featuredmedia":[{"embeddable":true,"href":"http:\/\/hoycordobaweb.com\/index.php\/wp-json\/wp\/v2\/media\/73564"}],"wp:attachment":[{"href":"http:\/\/hoycordobaweb.com\/index.php\/wp-json\/wp\/v2\/media?parent=73563"}],"wp:term":[{"taxonomy":"category","embeddable":true,"href":"http:\/\/hoycordobaweb.com\/index.php\/wp-json\/wp\/v2\/categories?post=73563"},{"taxonomy":"post_tag","embeddable":true,"href":"http:\/\/hoycordobaweb.com\/index.php\/wp-json\/wp\/v2\/tags?post=73563"}],"curies":[{"name":"wp","href":"https:\/\/api.w.org\/{rel}","templated":true}]}}