{"id":73557,"date":"2024-02-17T12:51:49","date_gmt":"2024-02-17T12:51:49","guid":{"rendered":"https:\/\/www.ole.com.ar\/voley\/ciudad-voley-subcampeon-sudamericano-voley-2024-clasificado-mundial-clubes_0_d7qc67OgTC.html"},"modified":"2024-02-17T12:51:49","modified_gmt":"2024-02-17T12:51:49","slug":"ciudad-voley-plateado-y-rumbo-al-mundial-de-clubes","status":"publish","type":"post","link":"http:\/\/hoycordobaweb.com\/index.php\/2024\/02\/17\/ciudad-voley-plateado-y-rumbo-al-mundial-de-clubes\/","title":{"rendered":"Ciudad V\u00f3ley, plateado y rumbo al Mundial de Clubes"},"content":{"rendered":"<p><img src=\"http:\/\/hoycordobaweb.com\/wp-content\/uploads\/2024\/02\/ciudad-voley-plateado-y-rumbo-al-mundial-de-clubes.jpg\"><\/p>\n<p><time class=\"createDate\" datetime=\"2024-02-17T09:51:49-03:00\">17\/02\/2024 09:51hs.<\/time><\/p>\n<div id=\"storyBody\">\n<div class=\"custom-text \" readability=\"35.764705882353\">\n<p><strong><a href=\"https:\/\/www.ole.com.ar\/tema\/ciudad-voley.html\" title=\"Ciudad Voley\" alt=\"Ciudad Voley\" class=\"slug\">Ciudad V\u00f3ley<\/a><\/strong>, vigente campe\u00f3n de la Liga Argentina (LVA), <strong>se clasific\u00f3 por primera vez como subcampe\u00f3n del Campeonato Sudamericano de clubes<\/strong> al caer este viernes en la final contra Sada Cruzeiro, de Brasil, por 3 a 0.<\/p>\n<\/div>\n<div class=\"custom-text \" readability=\"37\">\n<p>El equipo que dirige Hern\u00e1n Ferraro perdi\u00f3 de forma contundente frente al octavo campe\u00f3n consecutivo del certamen, que cuenta con el armador argentino Nicol\u00e1s Uriarte, <strong>con parciales de 25-16, 25-11 y 25-13<\/strong>.<\/p>\n<\/div>\n<div class=\"custom-text \" readability=\"37\">\n<p><strong>El punta receptor bonaerense Facundo Conte result\u00f3 el m\u00e1ximo anotador del conjunto argentino, con 17 tantos y, adem\u00e1s, fue seleccionado para integrar el equipo ideal del torneo junto al armador Gaspar Bitar.<\/strong><\/p>\n<\/div>\n<p><h2><strong>Se meti\u00f3 al Mundial de Clubes<\/strong><\/h2>\n<\/p>\n<div class=\"custom-text \" readability=\"39\">\n<p>De esta manera, la entidad porte\u00f1a consigui\u00f3 su mejor posici\u00f3n hist\u00f3rica en el torneo continental m\u00e1s importante de la disciplina a nivel clubes, tras el cuarto puesto obtenido en 2023, adem\u00e1s de clasificar al Mundial de Clubes de la Federaci\u00f3n Internacional de V\u00f3leibol, que se celebrar\u00e1 entre el 9 y 15 de diciembre.<\/p>\n<\/div>\n<div class=\"custom-text \" readability=\"42\">\n<p>Completaron el podio de la 34\u00b0 edici\u00f3n del torneo, disputado en la ciudad de Blumenau, Farma Conde, de Brasil, que venci\u00f3 por el tercer puesto al anfitri\u00f3n Apan\/Roll-on, por 3 a 0, con parciales de 25-17, 25-21, 22-25 y 25-14.<\/p>\n<\/div>\n<p><h2><strong>El resto de los equipos argentinos en el Sudamericano<\/strong><\/h2>\n<\/p>\n<div class=\"custom-text \" readability=\"37\">\n<p>Los otros dos equipos argentinos que participaron fueron Policial de Formosa y Monteros de Tucum\u00e1n, que se enfrentaron ayer por el quinto puesto, con victoria de los formose\u00f1os por 3 a 0 (25-22, 25-20 y 25-16).<\/p>\n<\/div>\n<div class=\"sc-e7b891c4-0 jPbnQF\"><img alt=\"Sada Cruzeiro fue campe\u00f3n y Ciudad V\u00f3ley, segundo del Sudamericano de V\u00f3ley. (foto Prensa CSV)\" src=\"http:\/\/hoycordobaweb.com\/wp-content\/uploads\/2024\/02\/ciudad-voley-plateado-y-rumbo-al-mundial-de-clubes-2.jpg\" width=\"720\" height=\"100\" decoding=\"async\" data-nimg=\"future\" loading=\"lazy\"><span class=\"epigraphe\">Sada Cruzeiro fue campe\u00f3n y Ciudad V\u00f3ley, segundo del Sudamericano de V\u00f3ley. (foto Prensa CSV)<\/span><\/div>\n<p><h2><strong>POSICIONES FINALES<\/strong><\/h2>\n<\/p>\n<div class=\"custom-text \">\n<p>1\u00b0 Sada Cruzeiro (BRA)<\/p>\n<\/div>\n<div class=\"custom-text \">\n<p><strong>2\u00b0 Ciudad (BRA)<\/strong><\/p>\n<\/div>\n<div class=\"custom-text \">\n<p>3\u00b0 Farma Conde (BRA)<\/p>\n<\/div>\n<div class=\"custom-text \">\n<p>4\u00b0 APAN (BRA)<\/p>\n<\/div>\n<div class=\"custom-text \">\n<p><strong>5\u00b0 Policial (ARG)<\/strong><\/p>\n<\/div>\n<div class=\"custom-text \">\n<p><strong>6\u00b0 Monteros (ARG)<\/strong><\/p>\n<\/div>\n<div class=\"custom-text \">\n<p>7\u00b0 Peerlees (PER)<\/p>\n<\/div>\n<div class=\"custom-text \">\n<p>8\u00b0 CDV (URU)<\/p>\n<\/div>\n<div class=\"custom-text \">\n<p>9\u00b0 Olympic (BOL)<\/p>\n<\/div>\n<\/div>\n","protected":false},"excerpt":{"rendered":"<p>17\/02\/2024 09:51hs. Ciudad V\u00f3ley, vigente campe\u00f3n de la Liga Argentina (LVA), se clasific\u00f3 por primera vez como subcampe\u00f3n del Campeonato Sudamericano de clubes al caer este viernes en la final contra Sada Cruzeiro, de Brasil, por 3 a 0. El equipo que dirige Hern\u00e1n Ferraro perdi\u00f3 de forma contundente frente al octavo campe\u00f3n consecutivo del [&hellip;]<\/p>\n","protected":false},"author":1,"featured_media":73558,"comment_status":"open","ping_status":"closed","sticky":false,"template":"","format":"standard","meta":[],"categories":[16],"tags":[],"_links":{"self":[{"href":"http:\/\/hoycordobaweb.com\/index.php\/wp-json\/wp\/v2\/posts\/73557"}],"collection":[{"href":"http:\/\/hoycordobaweb.com\/index.php\/wp-json\/wp\/v2\/posts"}],"about":[{"href":"http:\/\/hoycordobaweb.com\/index.php\/wp-json\/wp\/v2\/types\/post"}],"author":[{"embeddable":true,"href":"http:\/\/hoycordobaweb.com\/index.php\/wp-json\/wp\/v2\/users\/1"}],"replies":[{"embeddable":true,"href":"http:\/\/hoycordobaweb.com\/index.php\/wp-json\/wp\/v2\/comments?post=73557"}],"version-history":[{"count":0,"href":"http:\/\/hoycordobaweb.com\/index.php\/wp-json\/wp\/v2\/posts\/73557\/revisions"}],"wp:featuredmedia":[{"embeddable":true,"href":"http:\/\/hoycordobaweb.com\/index.php\/wp-json\/wp\/v2\/media\/73558"}],"wp:attachment":[{"href":"http:\/\/hoycordobaweb.com\/index.php\/wp-json\/wp\/v2\/media?parent=73557"}],"wp:term":[{"taxonomy":"category","embeddable":true,"href":"http:\/\/hoycordobaweb.com\/index.php\/wp-json\/wp\/v2\/categories?post=73557"},{"taxonomy":"post_tag","embeddable":true,"href":"http:\/\/hoycordobaweb.com\/index.php\/wp-json\/wp\/v2\/tags?post=73557"}],"curies":[{"name":"wp","href":"https:\/\/api.w.org\/{rel}","templated":true}]}}