{"id":73553,"date":"2024-02-17T13:27:54","date_gmt":"2024-02-17T13:27:54","guid":{"rendered":"https:\/\/www.ole.com.ar\/futbol-primera\/river-vs-banfield-copa-liga-fecha-6-hora-ver-vivo-tv-posible-formacion_0_g7jf3Fcljn.html"},"modified":"2024-02-17T13:27:54","modified_gmt":"2024-02-17T13:27:54","slug":"river-vs-banfield-por-la-copa-de-la-liga-hora-como-ver-en-vivo-y-posibles-formaciones","status":"publish","type":"post","link":"http:\/\/hoycordobaweb.com\/index.php\/2024\/02\/17\/river-vs-banfield-por-la-copa-de-la-liga-hora-como-ver-en-vivo-y-posibles-formaciones\/","title":{"rendered":"River vs. Banfield por la Copa de la Liga: hora, c\u00f3mo ver en vivo y posibles formaciones"},"content":{"rendered":"<p><img src=\"http:\/\/hoycordobaweb.com\/wp-content\/uploads\/2024\/02\/river-vs-banfield-por-la-copa-de-la-liga-hora-como-ver-en-vivo-y-posibles-formaciones.jpg\"><\/p>\n<p><time class=\"createDate\" datetime=\"2024-02-17T10:27:54-03:00\">17\/02\/2024 10:27hs.<\/time><\/p>\n<div id=\"storyBody\">\n<div class=\"custom-text \" readability=\"38.137157107232\">\n<p><strong><a href=\"https:\/\/www.ole.com.ar\/tema\/river-plate.html\" title=\"River Plate\" alt=\"River Plate\" class=\"slug\">River<\/a> y <a href=\"https:\/\/www.ole.com.ar\/tema\/banfield.html\" title=\"Banfield\" alt=\"Banfield\" class=\"slug\">Banfield <\/a>se enfrentar\u00e1n por la sexta fecha de la <a href=\"https:\/\/www.ole.com.ar\/tema\/copa-liga-profesional.html\" title=\"Copa Liga Profesional\" alt=\"Copa Liga Profesional\" class=\"slug\">Copa de la Liga<\/a><\/strong>. Podr\u00e1s seguir el partido a trav\u00e9s de Ol\u00e9, con todo lo que pase minuto a minuto. Despu\u00e9s vas a encontrar el an\u00e1lisis, las declaraciones de los protagonistas, el resumen, las noticias m\u00e1s destacadas y los videos. Ac\u00e1, toda la informaci\u00f3n para seguir el partido:<strong> a qu\u00e9 hora juegan, por d\u00f3nde ver y posibles formaciones<\/strong>.<\/p>\n<\/div>\n<p><h2><strong>\u00bfCu\u00e1ndo y a qu\u00e9 hora juegan River vs. Banfield, por la Copa de la Liga?<\/strong><\/h2>\n<\/p>\n<div class=\"custom-text \" readability=\"33\">\n<p>El partido entre los dirigidos por Demichelis y Falcioni se disputar\u00e1 este <strong>domingo 18 de febrero<\/strong> a las <strong>19:15hs<\/strong> de la Argentina en el Cilindro de Avellaneda.<\/p>\n<\/div>\n<p><h2><strong>Horario para River &#8211; Banfield, seg\u00fan pa\u00eds<\/strong><\/h2>\n<\/p>\n<div class=\"custom-text \">\n<ul>\n<li><strong>Argentina: 19:15hs<\/strong><\/li>\n<li>Brasil: 19:15hs<\/li>\n<li>Uruguay: 19:15hs<\/li>\n<li>Paraguay: 19:15hs<\/li>\n<li>Chile: 19:15hs<\/li>\n<li>Venezuela: 18:15hs<\/li>\n<li>Bolivia: 18:15hs<\/li>\n<li>Colombia: 17:15hs<\/li>\n<li>Ecuador: 17:15hs<\/li>\n<li>Per\u00fa: 17:15hs<\/li>\n<li>M\u00e9xico: 16:15hs<\/li>\n<\/ul>\n<\/div>\n<p><h2><strong>\u00bfPor d\u00f3nde ver en vivo River vs. Banfield, por la Copa de la Liga?<\/strong><\/h2>\n<\/p>\n<div class=\"custom-text \" readability=\"33.014492753623\">\n<p>El partido ser\u00e1 transmitido por la se\u00f1al de <strong>TNT Sports<\/strong>. Tambi\u00e9n vas a poder seguir el minuto a minuto<strong> <\/strong>por la web de<strong> <a href=\"https:\/\/www.ole.com.ar\/tema\/ole.html\" title=\"Ol\u00e9\" alt=\"Ol\u00e9\" class=\"slug\">Ol\u00e9<\/a><\/strong>, como siempre.<\/p>\n<\/div>\n<p><h2><strong>\u00bfC\u00f3mo llega River al duelo vs. Banfield?<\/strong><\/h2>\n<\/p>\n<div class=\"custom-text \" readability=\"38\">\n<p><strong>El Millonario viene de disputar un partido un poco escandaloso frente a Atl\u00e9tico de Tucum\u00e1n de visitante. En lo que termin\u00f3 en un empate sin goles, Barco tuvo la chance. <\/strong>En el minuto 25 de partido, el \u00e1rbitro cobra una falta dentro del \u00e1rea. Demichelis estaba decidido que lo pate\u00e9 Borja, y le comunic\u00f3 su deseo a Enzo D\u00edaz para que se acerque al punto penal y le informe a sus compa\u00f1eros.<\/p>\n<\/div>\n<div class=\"custom-text \" readability=\"42\">\n<p><strong>Parece que esto mucho no le importo a Barco, ya que decidi\u00f3 ser el encargado de embocarla desde los 12 pasos.<\/strong> En su primer intento, Devecchi se qued\u00f3 con la pelota, pero el VAR detect\u00f3 una invasi\u00f3n de Flores, por lo que se deb\u00eda ejecutar nuevamente el penal. Nuevamente, desde el banco de suplentes, el t\u00e9cnico de River ped\u00eda que el encargado sea el colombiano, pero Barco desautoriz\u00f3 su palabra y lo volvi\u00f3 a ejecutar. Esta vez la pelota se fue por arriba del travesa\u00f1o y el juego se reanudaba. <\/p>\n<\/div>\n<div class=\"sc-e7b891c4-0 jPbnQF\"><img alt=\"Esequiel Barco, protagonista de la noche de River en Tucum\u00e1n.\" src=\"http:\/\/hoycordobaweb.com\/wp-content\/uploads\/2024\/02\/river-vs-banfield-por-la-copa-de-la-liga-hora-como-ver-en-vivo-y-posibles-formaciones-2.jpg\" width=\"720\" height=\"100\" decoding=\"async\" data-nimg=\"future\" loading=\"lazy\"><span class=\"epigraphe\">Esequiel Barco, protagonista de la noche de River en Tucum\u00e1n.<\/span><\/div>\n<div class=\"custom-text \" readability=\"37\">\n<p><strong>En el entretiempo Demichelis tom\u00f3 la decisi\u00f3n de sacarlo y que en su lugar entre el joven Mastantuono. \u00abNo estaba 100% emocionalmente para seguir\u00bb, explic\u00f3 el DT.<\/strong> \u00abBarco es un gran chico y es importante, ya pidi\u00f3 perd\u00f3n\u00bb, agreg\u00f3. <\/p>\n<\/div>\n<div class=\"custom-text \" readability=\"38\">\n<p><strong>Ahora, en el \u00faltimo partido antes del supercl\u00e1sico, River necesita reacomodarse con una buena y una mala noticia:<\/strong> <strong>Borja es baja <\/strong>y est\u00e1 en duda para el partido ante Boca, pero a su vez, <strong>Solari y Echeverri ya est\u00e1n disponibles<\/strong> luego de clasificar a la Argentina a los Juegos Ol\u00edmpicos. <\/p>\n<\/div>\n<div type=\"embed\" class=\"sc-7ce6049-0 dwIKul\">\n<div class=\"sc-7ce6049-1 bdcBBS videoText\" id=\"contentTitleembedPUSOgMQL\" type=\"embed\"><svg fill=\"#ffffff\"><symbol id=\"play\" viewBox=\"0 0 512 512\"><path d=\"M512 256C512 397.4 397.4 512 256 512C114.6 512 0 397.4 0 256C0 114.6 114.6 0 256 0C397.4 0 512 114.6 512 256zM176 168V344C176 352.7 180.7 360.7 188.3 364.9C195.8 369.2 205.1 369 212.5 364.5L356.5 276.5C363.6 272.1 368 264.4 368 256C368 247.6 363.6 239.9 356.5 235.5L212.5 147.5C205.1 142.1 195.8 142.8 188.3 147.1C180.7 151.3 176 159.3 176 168V168z\" \/><\/symbol><use xlink:href=\"#play\" \/><\/svg><\/p>\n<div class=\"right\">\n<p>River Plate<!-- --> &#8211;<!-- --> <span>17-2-2024<\/span><\/p>\n<h2 class=\"title-vid\">Lo mejor de Atl\u00e9tico Tucum\u00e1n 0 &#8211; River 0<\/h2>\n<\/div>\n<\/div>\n<p><span class=\"back\" id=\"spanBackembedPUSOgMQL\"><\/span><\/div>\n<p><h2><strong>As\u00ed llega Banfield al partido vs. River<\/strong><\/h2>\n<\/p>\n<div class=\"custom-text \" readability=\"34\">\n<p><strong>El Taladro sigue sin encontrar su camino en esta Copa de la Liga.<\/strong> Arranc\u00f3 de la peor manera: se confirm\u00f3 la baja de dos jugadores para todo el torneo. Tanto Bisanz como Cabrera estar\u00e1n gran parte del a\u00f1o fuera de las canchas por una lesi\u00f3n en los ligamentos cruzados. <\/p>\n<\/div>\n<div class=\"custom-text \" readability=\"36\">\n<p><strong>Lograron rescatar dos puntos en lo que va del torneo: un empate frente a Rosario Central y otro ante Barracas en la \u00faltima fecha.<\/strong> De esta forma est\u00e1n ante\u00faltimos en la Zona A con dos puntos.<strong> Por debajo de los de Falcioni se encuentra el recientemente ascendido Deportivo Riestra, que solo sum\u00f3 una unidad. <\/strong><\/p>\n<\/div>\n<div class=\"custom-text \" readability=\"36\">\n<p>El problema de Banfield viene un poco de la mano de la falta de goles. En los cinco partidos que disputaron, solamente convirtieron dos veces: ambas en la derrota por 4 a 2 frente a Argentinos Juniors. Los autores fueron Silva y el juvenil Rivera. <strong>Ahora intentar\u00e1n reacomodar un poco sus fichas en un marco complicad\u00edsimo.<\/strong><\/p>\n<\/div>\n<div class=\"sc-e7b891c4-0 jPbnQF\"><img alt=\"Banfield busca salir del fondo. (Foto: Prensa Banfield)\" src=\"http:\/\/hoycordobaweb.com\/wp-content\/uploads\/2024\/02\/river-vs-banfield-por-la-copa-de-la-liga-hora-como-ver-en-vivo-y-posibles-formaciones-3.jpg\" width=\"720\" height=\"100\" decoding=\"async\" data-nimg=\"future\" loading=\"lazy\"><span class=\"epigraphe\">Banfield busca salir del fondo. (Foto: Prensa Banfield)<\/span><\/div>\n<p><h2><strong>Posible formaci\u00f3n de River ante Banfield<\/strong><\/h2>\n<\/p>\n<div class=\"custom-text \" readability=\"39\">\n<p>Franco <strong>Armani<\/strong>; Andr\u00e9s <strong>Herrera<\/strong>, Leandro <strong>Gonz\u00e1lez Pirez<\/strong>, Paulo <strong>D\u00edaz<\/strong>, Enzo <strong>D\u00edaz<\/strong>; Nicol\u00e1s Fonseca, Rodrigo <strong>Aliendro<\/strong>; Nacho <strong>Fern\u00e1ndez<\/strong>, Esequiel <strong>Barco<\/strong>; Facundo <strong>Colidio<\/strong> y Pablo <strong>Solari<\/strong>. <strong>DT: Mart\u00edn Demichelis.<\/strong><\/p>\n<\/div>\n<p><h2><strong>Posible formaci\u00f3n de Banfield ante River<\/strong><\/h2>\n<\/p>\n<div class=\"custom-text \" readability=\"41\">\n<p>Marcelo <strong>Barovero<\/strong>; Ezequiel <strong>Bonifacio<\/strong>, Alejandro <strong>Maciel<\/strong>, Luciano <strong>Recalde<\/strong>, Emanuel <strong>Insua<\/strong>; Geronimo Rivera, Jes\u00fas<strong> Soraire<\/strong>, Yvo <strong>Calleros<\/strong>, Ezequiel <strong>Ca\u00f1ete<\/strong>, Ignacio <strong>Rodr\u00edguez<\/strong>; Milton <strong>Gim\u00e9nez<\/strong>. <strong>DT: Julio Cesar Falcioni.<\/strong><\/p>\n<\/div>\n<div class=\"sc-a7166897-0 exHLBh\" readability=\"6.5\">\n<section readability=\"3\"><picture><img alt=\"Pipino Cuevas y el recuerdo del gol a Racing (en guaran\u00ed): &quot;Miraba la barrera y hablaba con dios&quot;\" src=\"http:\/\/hoycordobaweb.com\/wp-content\/uploads\/2024\/02\/river-vs-banfield-por-la-copa-de-la-liga-hora-como-ver-en-vivo-y-posibles-formaciones-4.jpg\" width=\"290\" height=\"290\" decoding=\"async\" data-nimg=\"future\" loading=\"lazy\"><\/picture>\n<p><span>Mir\u00e1 tambi\u00e9n<\/span><\/p>\n<hr>\n<h3>Pipino Cuevas y el recuerdo del gol a Racing (en guaran\u00ed): \u00abMiraba la barrera y hablaba con dios\u00bb<\/h3>\n<\/p>\n<\/section>\n<\/div>\n<div class=\"sc-a7166897-0 exHLBh\" readability=\"6\">\n<section readability=\"2\"><picture><img alt=\"River: la similitud del caso Demichelis-Barco con Gallardo y Enzo Fern\u00e1ndez\" src=\"http:\/\/hoycordobaweb.com\/wp-content\/uploads\/2024\/02\/river-vs-banfield-por-la-copa-de-la-liga-hora-como-ver-en-vivo-y-posibles-formaciones-5.jpg\" width=\"290\" height=\"290\" decoding=\"async\" data-nimg=\"future\" loading=\"lazy\"><\/picture>\n<p><span>Mir\u00e1 tambi\u00e9n<\/span><\/p>\n<hr>\n<h3>River: la similitud del caso Demichelis-Barco con Gallardo y Enzo Fern\u00e1ndez<\/h3>\n<\/p>\n<\/section>\n<\/div>\n<div class=\"sc-a7166897-0 exHLBh\" readability=\"6.5\">\n<section readability=\"3\"><picture><img alt=\"La vuelta de Barovero al Monumental, reencuentro con Armani y festejo de 40 a\u00f1os\" src=\"http:\/\/hoycordobaweb.com\/wp-content\/uploads\/2024\/02\/river-vs-banfield-por-la-copa-de-la-liga-hora-como-ver-en-vivo-y-posibles-formaciones-6.jpg\" width=\"290\" height=\"290\" decoding=\"async\" data-nimg=\"future\" loading=\"lazy\"><\/picture>\n<p><span>Mir\u00e1 tambi\u00e9n<\/span><\/p>\n<hr>\n<h3>La vuelta de Barovero al Monumental, reencuentro con Armani y festejo de 40 a\u00f1os<\/h3>\n<\/p>\n<\/section>\n<\/div>\n<\/div>\n","protected":false},"excerpt":{"rendered":"<p>17\/02\/2024 10:27hs. River y Banfield se enfrentar\u00e1n por la sexta fecha de la Copa de la Liga. Podr\u00e1s seguir el partido a trav\u00e9s de Ol\u00e9, con todo lo que pase minuto a minuto. Despu\u00e9s vas a encontrar el an\u00e1lisis, las declaraciones de los protagonistas, el resumen, las noticias m\u00e1s destacadas y los videos. Ac\u00e1, toda [&hellip;]<\/p>\n","protected":false},"author":1,"featured_media":73554,"comment_status":"open","ping_status":"closed","sticky":false,"template":"","format":"standard","meta":[],"categories":[16],"tags":[],"_links":{"self":[{"href":"http:\/\/hoycordobaweb.com\/index.php\/wp-json\/wp\/v2\/posts\/73553"}],"collection":[{"href":"http:\/\/hoycordobaweb.com\/index.php\/wp-json\/wp\/v2\/posts"}],"about":[{"href":"http:\/\/hoycordobaweb.com\/index.php\/wp-json\/wp\/v2\/types\/post"}],"author":[{"embeddable":true,"href":"http:\/\/hoycordobaweb.com\/index.php\/wp-json\/wp\/v2\/users\/1"}],"replies":[{"embeddable":true,"href":"http:\/\/hoycordobaweb.com\/index.php\/wp-json\/wp\/v2\/comments?post=73553"}],"version-history":[{"count":0,"href":"http:\/\/hoycordobaweb.com\/index.php\/wp-json\/wp\/v2\/posts\/73553\/revisions"}],"wp:featuredmedia":[{"embeddable":true,"href":"http:\/\/hoycordobaweb.com\/index.php\/wp-json\/wp\/v2\/media\/73554"}],"wp:attachment":[{"href":"http:\/\/hoycordobaweb.com\/index.php\/wp-json\/wp\/v2\/media?parent=73553"}],"wp:term":[{"taxonomy":"category","embeddable":true,"href":"http:\/\/hoycordobaweb.com\/index.php\/wp-json\/wp\/v2\/categories?post=73553"},{"taxonomy":"post_tag","embeddable":true,"href":"http:\/\/hoycordobaweb.com\/index.php\/wp-json\/wp\/v2\/tags?post=73553"}],"curies":[{"name":"wp","href":"https:\/\/api.w.org\/{rel}","templated":true}]}}