{"id":73549,"date":"2024-02-16T16:29:54","date_gmt":"2024-02-16T16:29:54","guid":{"rendered":"https:\/\/ladecimaweb.com\/?p=25111"},"modified":"2024-02-16T16:29:54","modified_gmt":"2024-02-16T16:29:54","slug":"milei-pronostica-que-la-economia-tocara-fondo-en-abril-y-rebotara-positivamente","status":"publish","type":"post","link":"http:\/\/hoycordobaweb.com\/index.php\/2024\/02\/16\/milei-pronostica-que-la-economia-tocara-fondo-en-abril-y-rebotara-positivamente\/","title":{"rendered":"Milei pronostica que la econom\u00eda tocar\u00e1 fondo en abril y rebotar\u00e1 positivamente"},"content":{"rendered":"<div class=\"boldgrid-section\">\n<div class=\"container\">\n<div class=\"row\">\n<div class=\"col-md-12 col-xs-12 col-sm-12\">\n<p class>(NA) El presidente<span>&nbsp;<\/span><strong>Javier Milei<span>&nbsp;<\/span><\/strong>asegur\u00f3 que seg\u00fan los datos que maneja el Gobierno la inflaci\u00f3n se febrero ronda hoy el 10%, pero anticip\u00f3 que los meses m\u00e1s complejos ser\u00e1n marzo y abril.<span>&nbsp;<\/span><strong>\u201cHabr\u00e1 una especie de V: el momento m\u00e1s duro va a estar en marzo y abril, tocaremos fondo para luego rebotar\u201d,<\/strong><span>&nbsp;<\/span>vaticin\u00f3 en base a las estimaciones del FMI.<\/p>\n<p><span>Ante un posible incremento de reclamos en las calles por la situaci\u00f3n social, el mandatario sostuvo le rest\u00f3 importancia y plante\u00f3 que el&nbsp;<\/span><strong>\u201cmomento m\u00e1s \u00e1lgido del ajuste no termin\u00f3\u201d.<span>&nbsp;<\/span><\/strong>\u201cH<span>asta que no tengamos solidificado el equilibrio fiscal,&nbsp;<\/span><strong>nosotros nos vamos a relajar ni medio mil\u00edmetro<\/strong><span>\u201d, prometi\u00f3.<\/span><\/p>\n<p>&#8220;Estamos logrando bajar la inflaci\u00f3n. Logramos que la de diciembre fuera 25%, que caiga a 20% en enero y si le restas los 7% de arrastre estad\u00edstico,<strong><span>&nbsp;<\/span><\/strong>estamos abajo de 15%.<strong><span>&nbsp;<\/span>Los datos de febrero vienen al 10% y se derrumb\u00f3 la curva de futuro del d\u00f3lar.<span>&nbsp;<\/span><\/strong>Son los indicadores de alta frecuencia<strong>, eso dieron las dos primeras semanas de febrer<\/strong>o&#8221;, ampli\u00f3 el mandatario en una entrevista a Radio Rivadavia.&nbsp;<\/p>\n<p>El mandatario plante\u00f3 adem\u00e1s que<span>&nbsp;<\/span><strong>la recomposici\u00f3n de tarifas contempla en parte, el sinceramiento de precios, y por otra, la v\u00eda salarial,<\/strong><span>&nbsp;<\/span>e insisti\u00f3 en que el problema no es el costos de las tarifas sino<strong><span>&nbsp;<\/span>el bajo poder adquisitivo del salario.&nbsp;<\/strong><\/p>\n<p>\u201c<strong>Hay que dejar la demagogia con los precios, las tarifas son las del mercado<\/strong>.<span>&nbsp;<\/span><strong>No puede ser que por cuestiones emocionales rompamos el sistema de precios\u201d,<span>&nbsp;<\/span><\/strong>se escud\u00f3 al tiempo que descart\u00f3 medidas de asistencia econ\u00f3mica para hacer frente a los aumentos.&nbsp;<\/p>\n<p class>En la misma l\u00ednea, expuso: \u201cTenemos un ingreso 10 veces menor que en Europa porque tuvimos a\u00f1os de un sistema que aplicaba pol\u00edticas socialistas que nos hunden.<strong><span>&nbsp;<\/span>Estamos aplicando una pol\u00edtica fuertemente progresista. El impuesto que m\u00e1s da\u00f1o le hace a la gente es la inflaci\u00f3n y trabajamos en bajarla\u201d.<\/strong><\/p>\n<p><strong>Ley \u00d3mnibus y modificaciones por decreto<\/strong><\/p>\n<p>Milei insisti\u00f3 en que el fracaso de la ley \u00f3mnibus en el Congreso configur\u00f3 \u201cun \u00e9xito pol\u00edtico enorme\u201d para la administraci\u00f3n libertaria debido a que gener\u00f3 un \u201creordenamiento pol\u00edtico del tablero\u201d.&nbsp;<\/p>\n<p class>Por \u00faltimo, revel\u00f3 que avanzar\u00e1 en el env\u00edo de proyectos que contemplen las desregulaciones aglutinadas en el megaproyecto y trabaja para impulsar v\u00eda decretos las medidas.<\/p>\n<p>&nbsp;<\/p>\n<p class>\n<div class=\"ubm_banner\"><a href=\"https:\/\/www.cordobaturismo.gov.ar\/\" target=\"_blank\" rel=\"dofollow noopener noreferrer\"><img src=\"http:\/\/hoycordobaweb.com\/wp-content\/uploads\/2024\/02\/milei-pronostica-que-la-economia-tocara-fondo-en-abril-y-rebotara-positivamente.gif\" alt><\/a><\/div>\n<\/div>\n<\/div>\n<\/div>\n<\/div>\n<p>La entrada <a rel=\"nofollow\" href=\"https:\/\/ladecimaweb.com\/milei-pronostica-que-la-economia-tocara-fondo-en-abril-y-rebotara-positivamente\/\">Milei pronostica que la econom\u00eda tocar\u00e1 fondo en abril y rebotar\u00e1 positivamente<\/a> se public\u00f3 primero en <a rel=\"nofollow\" href=\"https:\/\/ladecimaweb.com\">LaDecima<\/a>.<\/p>\n","protected":false},"excerpt":{"rendered":"<p>(NA) El presidente&nbsp;Javier Milei&nbsp;asegur\u00f3 que seg\u00fan los datos que maneja el Gobierno la inflaci\u00f3n se febrero ronda hoy el 10%, pero anticip\u00f3 que los meses m\u00e1s complejos ser\u00e1n marzo y abril.&nbsp;\u201cHabr\u00e1 una especie de V: el momento m\u00e1s duro va a estar en marzo y abril, tocaremos fondo para luego rebotar\u201d,&nbsp;vaticin\u00f3 en base a las [&hellip;]<\/p>\n","protected":false},"author":1,"featured_media":73550,"comment_status":"closed","ping_status":"closed","sticky":false,"template":"","format":"standard","meta":[],"categories":[19],"tags":[],"_links":{"self":[{"href":"http:\/\/hoycordobaweb.com\/index.php\/wp-json\/wp\/v2\/posts\/73549"}],"collection":[{"href":"http:\/\/hoycordobaweb.com\/index.php\/wp-json\/wp\/v2\/posts"}],"about":[{"href":"http:\/\/hoycordobaweb.com\/index.php\/wp-json\/wp\/v2\/types\/post"}],"author":[{"embeddable":true,"href":"http:\/\/hoycordobaweb.com\/index.php\/wp-json\/wp\/v2\/users\/1"}],"replies":[{"embeddable":true,"href":"http:\/\/hoycordobaweb.com\/index.php\/wp-json\/wp\/v2\/comments?post=73549"}],"version-history":[{"count":0,"href":"http:\/\/hoycordobaweb.com\/index.php\/wp-json\/wp\/v2\/posts\/73549\/revisions"}],"wp:featuredmedia":[{"embeddable":true,"href":"http:\/\/hoycordobaweb.com\/index.php\/wp-json\/wp\/v2\/media\/73550"}],"wp:attachment":[{"href":"http:\/\/hoycordobaweb.com\/index.php\/wp-json\/wp\/v2\/media?parent=73549"}],"wp:term":[{"taxonomy":"category","embeddable":true,"href":"http:\/\/hoycordobaweb.com\/index.php\/wp-json\/wp\/v2\/categories?post=73549"},{"taxonomy":"post_tag","embeddable":true,"href":"http:\/\/hoycordobaweb.com\/index.php\/wp-json\/wp\/v2\/tags?post=73549"}],"curies":[{"name":"wp","href":"https:\/\/api.w.org\/{rel}","templated":true}]}}