{"id":73518,"date":"2024-02-16T12:34:29","date_gmt":"2024-02-16T12:34:29","guid":{"rendered":"https:\/\/www.mujerhoy.com\/moda\/tendencias\/layering-tendencia-streetstyle-frio-invierno-looks-20240216133004-nt.html"},"modified":"2024-02-16T12:34:29","modified_gmt":"2024-02-16T12:34:29","slug":"layering-como-llevar-la-tendencia-con-la-que-afrontar-el-frio-del-invierno-con-estilo","status":"publish","type":"post","link":"http:\/\/hoycordobaweb.com\/index.php\/2024\/02\/16\/layering-como-llevar-la-tendencia-con-la-que-afrontar-el-frio-del-invierno-con-estilo\/","title":{"rendered":"Layering, c\u00f3mo llevar la tendencia con la que afrontar el fr\u00edo del invierno con estilo"},"content":{"rendered":"<p><!-- AUTHOR --> <\/p>\n<div class=\"voc-author-timesocial \"> <!-- AUTHOR --> <\/p>\n<div class=\"voc-author-timesocial__signature\"> <!-- IMAGE AUTHOR --> <picture class=\"voc-image-signature\"> <img class=\"voc-image-signature__img\" src=\"http:\/\/hoycordobaweb.com\/wp-content\/uploads\/2024\/02\/layering-como-llevar-la-tendencia-con-la-que-afrontar-el-frio-del-invierno-con-estilo.jpg\" alt=\"Claudia P\u00e9rez\"> <\/picture> <!-- INFO AUTHOR --> <\/div><\/div>\n<p> <!-- COMPONENTS --> <\/p>\n<p class=\"voc-paragraph\">Durante la <a data-voc-vtm-id=\"in-text-traffic\" href=\"https:\/\/www.mujerhoy.com\/moda\/no-te-pierdas\/ideas-looks-comodos-como-vestir-invierno-cuando-no-sabes-que-ponerte-20231109111908-nt.html\">temporada de fr\u00edo<\/a> es cierto que muchas veces nos cuesta armar nuestros looks, ya que queremos conservar el estilo, pero no sufrir las consecuencias de las bajas temperaturas. Es aqu\u00ed donde surge el layering, una tendencia que ha cobrado relevancia porque <strong>solventa este problema con maestr\u00eda<\/strong>. <\/p>\n<p class=\"voc-paragraph\">Podr\u00edamos traducirlo como <strong>\u00abvestir a capas\u00bb<\/strong>, pero con un cierto sentido. Es decir, no se trata simplemente de ir incorporando <a data-voc-vtm-id=\"in-text-traffic\" href=\"https:\/\/www.mujerhoy.com\/moda\/no-te-pierdas\/prendas-boho-portuguesas-invierno-entretiempo-looks-20240131174447-nt.html\">prenda <\/a>tras prenda de forma aleatoria, sino que el objetivo es conseguir una apariencia estilizada, evitando ciertos errores en el camino. <\/p>\n<p class=\"voc-paragraph\">Esto, adem\u00e1s, tiene una ventaja muy c\u00f3moda durante esta temporada, ya que su versatilidad permite <strong>adaptarse a los cambios t\u00e9rmicos <\/strong>que sufrimos constantemente. Para pasar del fr\u00edo polar de la calle, a la calefacci\u00f3n en interiores, simplemente tienes que quitar alguna de las capas y listo. <\/p>\n<p><h3 class=\"voc-detail__title\"> Trucos para llevar el layering con \u00e9xito<br \/>\n<\/h3>\n<\/p>\n<p class=\"voc-paragraph\">El primer paso a tener en cuenta es que <strong>las prendas m\u00e1s finas <\/strong>son las que van pegadas al cuerpo. Camisetas de manga larga o <a data-voc-vtm-id=\"in-text-traffic\" href=\"https:\/\/www.mujerhoy.com\/moda\/no-te-pierdas\/jerseis-bonitos-originales-mejoran-look-vaqueros-cortefiel-20240101122119-nt.html\">jers\u00e9is <\/a>de punto fino, son la base para construir el look, al que posteriormente se le ir\u00e1n a\u00f1adiendo otras opciones mucho m\u00e1s gruesas. <\/p>\n<p class=\"voc-paragraph\">Tambi\u00e9n es muy importante<br \/>\n<strong> jugar con el largo de las prendas <\/strong>en la construcci\u00f3n de nuestros estilismos. Puedes hacerlo por medio de americanas y abrigos, combinadas con <a data-voc-vtm-id=\"in-text-traffic\" href=\"https:\/\/www.mujerhoy.com\/moda\/no-te-pierdas\/camisas-rayas-elegantes-preciosas-20231129132945-nt.html\">camisas <\/a>de botones o jers\u00e9is cropped. De esta forma crear\u00e1s un efecto muy favorecedor al poder diferenciarlas. <\/p>\n<p class=\"voc-paragraph\">Las portuguesas son otro punto de referencia en este terreno, ya que es una pr\u00e1ctica a la que suelen recurrir en su estilo. Este se caracteriza por el mix de texturas, estampados y colores a la hora de vestir, siendo otra opci\u00f3n a incorporar en la t\u00e9cnica del layering, pero <strong>con un toque m\u00e1s arriesgado<\/strong>. <\/p>\n<p><h3 class=\"voc-detail__title\"> C\u00f3mo llevar el layering seg\u00fan el Street style<br \/>\n<\/h3>\n<\/p>\n<div class=\"voc-detail-photo-zoom\"> <picture data-toggle=\"modal\" data-target=\"#photoZoomModal-314\" target=\"modal\">\n<div class=\"voc-img-icon-link\"> <img loading=\"lazy\" data-original=\"\/\/static2.mujerhoy.com\/www\/multimedia\/202402\/01\/media\/cortadas\/look-blanco-kBdC--650x900@MujerHoy.jpg\" width=\"650\" height=\"900\" class=\"lazy\" alt=\"Totall look white siguiendo el layering \/ @veneti.a\"> <noscript> <img src=\"http:\/\/hoycordobaweb.com\/wp-content\/uploads\/2024\/02\/layering-como-llevar-la-tendencia-con-la-que-afrontar-el-frio-del-invierno-con-estilo.webp\" alt=\"Totall look white siguiendo el layering \/ @veneti.a\"> <\/noscript> <i class=\"voc-icons zoom voc-multimedia-box voc-ico-l\"><\/i> <\/div><figcaption class=\"figure-caption\">Totall look white siguiendo el layering \/ @veneti.a<\/figcaption><\/picture>\n<\/div>\n<div id=\"photoZoomModal-314\" class=\"voc-lightbox modal fade voc-lightbox--photo-zoom\" role=\"dialog\" data-voc-photozoom-lightbox>\n<div class=\"voc-lightbox__dialog\" role=\"document\">\n<div class=\"voc-lightbox__content\"> <!-- Modal header --> <!-- Modal content --> <\/p>\n<div class=\"voc-lightbox__photo-container\"> <picture class> <img loading=\"lazy\" data-original=\"\/\/static2.mujerhoy.com\/www\/multimedia\/202402\/01\/media\/cortadas\/look-blanco-kBdC--650x900@MujerHoy.jpg\" alt=\"Totall look white siguiendo el layering \/ @veneti.a\" class=\"lazy\"> <noscript> <img src=\"http:\/\/hoycordobaweb.com\/wp-content\/uploads\/2024\/02\/layering-como-llevar-la-tendencia-con-la-que-afrontar-el-frio-del-invierno-con-estilo.webp\" alt=\"Totall look white siguiendo el layering \/ @veneti.a\"> <\/noscript> <\/picture> <\/div><\/div><\/div>\n<\/div>\n<p class=\"voc-paragraph\">Un <a data-voc-vtm-id=\"in-text-traffic\" href=\"https:\/\/www.mujerhoy.com\/moda\/tendencias\/looks-monocromaticos-invierno-streetstyle-moda-colores-20240112131448-nt.html\">look monocrom\u00e1tico <\/a>siempre es una opci\u00f3n acertada. Para este 2024 sal un poco de los cl\u00e1sicos colores apagados, como el negro y el gris, y dec\u00e1ntate por otros<br \/>\n<strong> b\u00e1sicos de categor\u00eda<\/strong> como el blanco. Puedes dar las notas de color a trav\u00e9s de los accesorios, u optar tambi\u00e9n por el mismo tono. <\/p>\n<div class=\"voc-detail-photo-zoom\"> <picture data-toggle=\"modal\" data-target=\"#photoZoomModal-853\" target=\"modal\">\n<div class=\"voc-img-icon-link\"> <img loading=\"lazy\" data-original=\"\/\/static.mujerhoy.com\/www\/multimedia\/202402\/01\/media\/cortadas\/olvia-palermo-kBdC--650x900@MujerHoy.jpg\" width=\"650\" height=\"900\" class=\"lazy\" alt=\"Olivia Palermo siguiendo el layering \/ LAUNCHMETRICS SPOTLIGHT\"> <noscript> <img src=\"http:\/\/hoycordobaweb.com\/wp-content\/uploads\/2024\/02\/layering-como-llevar-la-tendencia-con-la-que-afrontar-el-frio-del-invierno-con-estilo-1.webp\" alt=\"Olivia Palermo siguiendo el layering \/ LAUNCHMETRICS SPOTLIGHT\"> <\/noscript> <i class=\"voc-icons zoom voc-multimedia-box voc-ico-l\"><\/i> <\/div><figcaption class=\"figure-caption\">Olivia Palermo siguiendo el layering \/ LAUNCHMETRICS SPOTLIGHT<\/figcaption><\/picture>\n<\/div>\n<div id=\"photoZoomModal-853\" class=\"voc-lightbox modal fade voc-lightbox--photo-zoom\" role=\"dialog\" data-voc-photozoom-lightbox>\n<div class=\"voc-lightbox__dialog\" role=\"document\">\n<div class=\"voc-lightbox__content\"> <!-- Modal header --> <!-- Modal content --> <\/p>\n<div class=\"voc-lightbox__photo-container\"> <picture class> <img loading=\"lazy\" data-original=\"\/\/static.mujerhoy.com\/www\/multimedia\/202402\/01\/media\/cortadas\/olvia-palermo-kBdC--650x900@MujerHoy.jpg\" alt=\"Olivia Palermo siguiendo el layering \/ LAUNCHMETRICS SPOTLIGHT\" class=\"lazy\"> <noscript> <img src=\"http:\/\/hoycordobaweb.com\/wp-content\/uploads\/2024\/02\/layering-como-llevar-la-tendencia-con-la-que-afrontar-el-frio-del-invierno-con-estilo-1.webp\" alt=\"Olivia Palermo siguiendo el layering \/ LAUNCHMETRICS SPOTLIGHT\"> <\/noscript> <\/picture> <\/div><\/div><\/div>\n<\/div>\n<p class=\"voc-paragraph\">El rojo es un color que no ha parado de triunfar durante el oto\u00f1o, y que sigue arrasando de cara a este a\u00f1o. Es una sutil forma de introducirte en los tonos un poco m\u00e1s llamativos, sino tienes experiencia, <strong>aportando ese toque distintivo <\/strong>y original a la hora de vestir. <\/p>\n<div class=\"voc-detail-photo-zoom\"> <picture data-toggle=\"modal\" data-target=\"#photoZoomModal-196\" target=\"modal\">\n<div class=\"voc-img-icon-link\"> <img loading=\"lazy\" data-original=\"\/\/static3.mujerhoy.com\/www\/multimedia\/202402\/01\/media\/cortadas\/madame-kBdC--650x900@MujerHoy.jpeg\" width=\"650\" height=\"900\" class=\"lazy\" alt=\"look con estampado de flores \/ @madame\"> <noscript> <img src=\"http:\/\/hoycordobaweb.com\/wp-content\/uploads\/2024\/02\/layering-como-llevar-la-tendencia-con-la-que-afrontar-el-frio-del-invierno-con-estilo-2.webp\" alt=\"look con estampado de flores \/ @madame\"> <\/noscript> <i class=\"voc-icons zoom voc-multimedia-box voc-ico-l\"><\/i> <\/div><figcaption class=\"figure-caption\">look con estampado de flores \/ @madame<\/figcaption><\/picture>\n<\/div>\n<div id=\"photoZoomModal-196\" class=\"voc-lightbox modal fade voc-lightbox--photo-zoom\" role=\"dialog\" data-voc-photozoom-lightbox>\n<div class=\"voc-lightbox__dialog\" role=\"document\">\n<div class=\"voc-lightbox__content\"> <!-- Modal header --> <!-- Modal content --> <\/p>\n<div class=\"voc-lightbox__photo-container\"> <picture class> <img loading=\"lazy\" data-original=\"\/\/static3.mujerhoy.com\/www\/multimedia\/202402\/01\/media\/cortadas\/madame-kBdC--650x900@MujerHoy.jpeg\" alt=\"look con estampado de flores \/ @madame\" class=\"lazy\"> <noscript> <img src=\"http:\/\/hoycordobaweb.com\/wp-content\/uploads\/2024\/02\/layering-como-llevar-la-tendencia-con-la-que-afrontar-el-frio-del-invierno-con-estilo-2.webp\" alt=\"look con estampado de flores \/ @madame\"> <\/noscript> <\/picture> <\/div><\/div><\/div>\n<\/div>\n<p class=\"voc-paragraph\">Para las m\u00e1s arriesgadas tambi\u00e9n encontramos una opci\u00f3n llena de estampados, y que tambi\u00e9n <strong>tiene cabida de cara a la primavera<\/strong>. Puedes optar por las flores en varias versiones, o hacer un mix de prints, a\u00f1adiendo alternativas como los cuadros cl\u00e1sicos, el tart\u00e1n o las rayas marineras. <\/p>\n<p> <!-- TOPICS --> <\/p>\n","protected":false},"excerpt":{"rendered":"<p>Durante la temporada de fr\u00edo es cierto que muchas veces nos cuesta armar nuestros looks, ya que queremos conservar el estilo, pero no sufrir las consecuencias de las bajas temperaturas. Es aqu\u00ed donde surge el layering, una tendencia que ha cobrado relevancia porque solventa este problema con maestr\u00eda. Podr\u00edamos traducirlo como \u00abvestir a capas\u00bb, pero [&hellip;]<\/p>\n","protected":false},"author":1,"featured_media":73519,"comment_status":"closed","ping_status":"closed","sticky":false,"template":"","format":"standard","meta":[],"categories":[1],"tags":[],"_links":{"self":[{"href":"http:\/\/hoycordobaweb.com\/index.php\/wp-json\/wp\/v2\/posts\/73518"}],"collection":[{"href":"http:\/\/hoycordobaweb.com\/index.php\/wp-json\/wp\/v2\/posts"}],"about":[{"href":"http:\/\/hoycordobaweb.com\/index.php\/wp-json\/wp\/v2\/types\/post"}],"author":[{"embeddable":true,"href":"http:\/\/hoycordobaweb.com\/index.php\/wp-json\/wp\/v2\/users\/1"}],"replies":[{"embeddable":true,"href":"http:\/\/hoycordobaweb.com\/index.php\/wp-json\/wp\/v2\/comments?post=73518"}],"version-history":[{"count":0,"href":"http:\/\/hoycordobaweb.com\/index.php\/wp-json\/wp\/v2\/posts\/73518\/revisions"}],"wp:featuredmedia":[{"embeddable":true,"href":"http:\/\/hoycordobaweb.com\/index.php\/wp-json\/wp\/v2\/media\/73519"}],"wp:attachment":[{"href":"http:\/\/hoycordobaweb.com\/index.php\/wp-json\/wp\/v2\/media?parent=73518"}],"wp:term":[{"taxonomy":"category","embeddable":true,"href":"http:\/\/hoycordobaweb.com\/index.php\/wp-json\/wp\/v2\/categories?post=73518"},{"taxonomy":"post_tag","embeddable":true,"href":"http:\/\/hoycordobaweb.com\/index.php\/wp-json\/wp\/v2\/tags?post=73518"}],"curies":[{"name":"wp","href":"https:\/\/api.w.org\/{rel}","templated":true}]}}