{"id":73500,"date":"2024-02-16T12:34:08","date_gmt":"2024-02-16T12:34:08","guid":{"rendered":"https:\/\/www.ole.com.ar\/boca-juniors\/boca-vivo-posible-11-lanus-nuevo-proyecto-bombonera-novedades-viernes-16-febrero_0_IpmJ4XfM6v.html"},"modified":"2024-02-16T12:34:08","modified_gmt":"2024-02-16T12:34:08","slug":"boca-en-vivo-el-posible-11-ante-lanus-la-baja-para-el-superclasico-y-mas-novedades-de-este-viernes-16-de-febrero","status":"publish","type":"post","link":"http:\/\/hoycordobaweb.com\/index.php\/2024\/02\/16\/boca-en-vivo-el-posible-11-ante-lanus-la-baja-para-el-superclasico-y-mas-novedades-de-este-viernes-16-de-febrero\/","title":{"rendered":"Boca EN VIVO: el posible 11 ante Lan\u00fas, la baja para el supercl\u00e1sico y m\u00e1s novedades de este viernes 16 de febrero"},"content":{"rendered":"<p><img src=\"http:\/\/hoycordobaweb.com\/wp-content\/uploads\/2024\/02\/boca-en-vivo-el-posible-11-ante-lanus-la-baja-para-el-superclasico-y-mas-novedades-de-este-viernes-16-de-febrero.jpg\"><\/p>\n<h2><strong>Pol Fern\u00e1ndez se pierde el supercl\u00e1sico<\/strong><\/h2>\n<p>El primer s\u00edntoma fue que no pudo seguir en el partido ante Central C\u00f3rdoba tras ser atendido por los m\u00e9dicos: unos minutos despu\u00e9s, a los 33&#8242; del segundo tiempo, pidi\u00f3 el cambio. El segundo s\u00edntoma fue la forma en la que dej\u00f3 el estadio: con dificultades para pisar. Y el tercero, lleg\u00f3 este jueves: Pol Fern\u00e1ndez ni siquiera pudo entrenarse por una dolencia en el tobillo. Y le hicieron estudios. Pues bien, el resultado no arroj\u00f3 buenas no. <strong><u><a href=\"https:\/\/www.ole.com.ar\/boca-juniors\/pol-fernandez-superclasico-afuera-lesion-tobillo_0_nGwWVFowrU.html\" target=\"_blank\" title=\"Leer m\u00e1s. \" alt=\"Leer m\u00e1s. \" rel=\"noopener noreferrer\">Leer m\u00e1s. <\/a><\/u><\/strong><\/p>\n<div class=\"sc-e7b891c4-0 jPbnQF\"><img alt=\"Una baja de peso, m\u00e1s all\u00e1 de la resistencia de la gente. (Prensa Boca)\" src=\"http:\/\/hoycordobaweb.com\/wp-content\/uploads\/2024\/02\/boca-en-vivo-el-posible-11-ante-lanus-la-baja-para-el-superclasico-y-mas-novedades-de-este-viernes-16-de-febrero-2.jpg\" width=\"720\" height=\"100\" decoding=\"async\" data-nimg=\"future\" loading=\"lazy\"><span class=\"epigraphe\">Una baja de peso, m\u00e1s all\u00e1 de la resistencia de la gente. (Prensa Boca)<\/span><\/div>\n","protected":false},"excerpt":{"rendered":"<p>Pol Fern\u00e1ndez se pierde el supercl\u00e1sico El primer s\u00edntoma fue que no pudo seguir en el partido ante Central C\u00f3rdoba tras ser atendido por los m\u00e9dicos: unos minutos despu\u00e9s, a los 33&#8242; del segundo tiempo, pidi\u00f3 el cambio. El segundo s\u00edntoma fue la forma en la que dej\u00f3 el estadio: con dificultades para pisar. Y [&hellip;]<\/p>\n","protected":false},"author":1,"featured_media":73501,"comment_status":"open","ping_status":"closed","sticky":false,"template":"","format":"standard","meta":[],"categories":[16],"tags":[],"_links":{"self":[{"href":"http:\/\/hoycordobaweb.com\/index.php\/wp-json\/wp\/v2\/posts\/73500"}],"collection":[{"href":"http:\/\/hoycordobaweb.com\/index.php\/wp-json\/wp\/v2\/posts"}],"about":[{"href":"http:\/\/hoycordobaweb.com\/index.php\/wp-json\/wp\/v2\/types\/post"}],"author":[{"embeddable":true,"href":"http:\/\/hoycordobaweb.com\/index.php\/wp-json\/wp\/v2\/users\/1"}],"replies":[{"embeddable":true,"href":"http:\/\/hoycordobaweb.com\/index.php\/wp-json\/wp\/v2\/comments?post=73500"}],"version-history":[{"count":0,"href":"http:\/\/hoycordobaweb.com\/index.php\/wp-json\/wp\/v2\/posts\/73500\/revisions"}],"wp:featuredmedia":[{"embeddable":true,"href":"http:\/\/hoycordobaweb.com\/index.php\/wp-json\/wp\/v2\/media\/73501"}],"wp:attachment":[{"href":"http:\/\/hoycordobaweb.com\/index.php\/wp-json\/wp\/v2\/media?parent=73500"}],"wp:term":[{"taxonomy":"category","embeddable":true,"href":"http:\/\/hoycordobaweb.com\/index.php\/wp-json\/wp\/v2\/categories?post=73500"},{"taxonomy":"post_tag","embeddable":true,"href":"http:\/\/hoycordobaweb.com\/index.php\/wp-json\/wp\/v2\/tags?post=73500"}],"curies":[{"name":"wp","href":"https:\/\/api.w.org\/{rel}","templated":true}]}}