{"id":73424,"date":"2024-02-06T15:35:28","date_gmt":"2024-02-06T15:35:28","guid":{"rendered":"https:\/\/fono.fcm.unc.edu.ar\/?p=11632"},"modified":"2024-02-06T15:35:28","modified_gmt":"2024-02-06T15:35:28","slug":"clase-inaugural-de-introduccion-a-los-estudios-universitarios-en-fonoaudiologia","status":"publish","type":"post","link":"http:\/\/hoycordobaweb.com\/index.php\/2024\/02\/06\/clase-inaugural-de-introduccion-a-los-estudios-universitarios-en-fonoaudiologia\/","title":{"rendered":"Clase Inaugural de \u00bb Introducci\u00f3n a los Estudios Universitarios en Fonoaudiolog\u00eda\u00bb"},"content":{"rendered":"<h2 class=\"fusion-post-title\">Clase Inaugural de \u00bb Introducci\u00f3n a los Estudios Universitarios en Fonoaudiolog\u00eda\u00bb<\/h2>\n<div class=\"post-content\" readability=\"35\">\n<p><img loading=\"lazy\" class=\"alignright size-fusion-400 wp-image-11633\" src=\"https:\/\/fono.fcm.unc.edu.ar\/wp-content\/uploads\/sites\/14\/2024\/02\/claseinaugural-400x398.jpg\" alt width=\"400\" height=\"398\" srcset=\"https:\/\/fono.fcm.unc.edu.ar\/wp-content\/uploads\/sites\/14\/2024\/02\/claseinaugural-66x66.jpg 66w, https:\/\/fono.fcm.unc.edu.ar\/wp-content\/uploads\/sites\/14\/2024\/02\/claseinaugural-150x150.jpg 150w, https:\/\/fono.fcm.unc.edu.ar\/wp-content\/uploads\/sites\/14\/2024\/02\/claseinaugural-200x199.jpg 200w, https:\/\/fono.fcm.unc.edu.ar\/wp-content\/uploads\/sites\/14\/2024\/02\/claseinaugural-300x300.jpg 300w, https:\/\/fono.fcm.unc.edu.ar\/wp-content\/uploads\/sites\/14\/2024\/02\/claseinaugural-400x398.jpg 400w, https:\/\/fono.fcm.unc.edu.ar\/wp-content\/uploads\/sites\/14\/2024\/02\/claseinaugural-600x597.jpg 600w, https:\/\/fono.fcm.unc.edu.ar\/wp-content\/uploads\/sites\/14\/2024\/02\/claseinaugural-768x764.jpg 768w, https:\/\/fono.fcm.unc.edu.ar\/wp-content\/uploads\/sites\/14\/2024\/02\/claseinaugural-800x796.jpg 800w, https:\/\/fono.fcm.unc.edu.ar\/wp-content\/uploads\/sites\/14\/2024\/02\/claseinaugural-1024x1019.jpg 1024w, https:\/\/fono.fcm.unc.edu.ar\/wp-content\/uploads\/sites\/14\/2024\/02\/claseinaugural.jpg 1077w\" sizes=\"(max-width: 400px) 100vw, 400px\">El Equipo docente de la asignatura Introducci\u00f3n a los Estudios Universitarios en Fonoaudiolog\u00eda informa que la clase inaugural ser\u00e1 el viernes <em>9 de febrero a las 9:00hs<\/em> a trav\u00e9s de videollamada de Meet. Recibir\u00e1n el enlace en el correo electr\u00f3nico consignado en la inscripci\u00f3n.<br \/>Sugerimos estar atentxs a nuestras v\u00edas oficiales de comunicaci\u00f3n ya que se realizar\u00e1n actividades previas al encuentro virtual sincr\u00f3nico.<br \/>Nos encontramos pronto!<\/p>\n<\/p><\/div>\n","protected":false},"excerpt":{"rendered":"<p>Clase Inaugural de \u00bb Introducci\u00f3n a los Estudios Universitarios en Fonoaudiolog\u00eda\u00bb El Equipo docente de la asignatura Introducci\u00f3n a los Estudios Universitarios en Fonoaudiolog\u00eda informa que la clase inaugural ser\u00e1 el viernes 9 de febrero a las 9:00hs a trav\u00e9s de videollamada de Meet. Recibir\u00e1n el enlace en el correo electr\u00f3nico consignado en la inscripci\u00f3n.Sugerimos [&hellip;]<\/p>\n","protected":false},"author":1,"featured_media":0,"comment_status":"closed","ping_status":"closed","sticky":false,"template":"","format":"standard","meta":[],"categories":[1],"tags":[],"_links":{"self":[{"href":"http:\/\/hoycordobaweb.com\/index.php\/wp-json\/wp\/v2\/posts\/73424"}],"collection":[{"href":"http:\/\/hoycordobaweb.com\/index.php\/wp-json\/wp\/v2\/posts"}],"about":[{"href":"http:\/\/hoycordobaweb.com\/index.php\/wp-json\/wp\/v2\/types\/post"}],"author":[{"embeddable":true,"href":"http:\/\/hoycordobaweb.com\/index.php\/wp-json\/wp\/v2\/users\/1"}],"replies":[{"embeddable":true,"href":"http:\/\/hoycordobaweb.com\/index.php\/wp-json\/wp\/v2\/comments?post=73424"}],"version-history":[{"count":0,"href":"http:\/\/hoycordobaweb.com\/index.php\/wp-json\/wp\/v2\/posts\/73424\/revisions"}],"wp:attachment":[{"href":"http:\/\/hoycordobaweb.com\/index.php\/wp-json\/wp\/v2\/media?parent=73424"}],"wp:term":[{"taxonomy":"category","embeddable":true,"href":"http:\/\/hoycordobaweb.com\/index.php\/wp-json\/wp\/v2\/categories?post=73424"},{"taxonomy":"post_tag","embeddable":true,"href":"http:\/\/hoycordobaweb.com\/index.php\/wp-json\/wp\/v2\/tags?post=73424"}],"curies":[{"name":"wp","href":"https:\/\/api.w.org\/{rel}","templated":true}]}}