{"id":73391,"date":"2024-02-14T12:18:02","date_gmt":"2024-02-14T12:18:02","guid":{"rendered":"https:\/\/www.ole.com.ar\/opinion\/boca-central-cordoba-copa-liga-diego-martinez-cambios_0_9D8yzcB7fb.html"},"modified":"2024-02-14T12:18:02","modified_gmt":"2024-02-14T12:18:02","slug":"el-gps-de-martinez-recalculando","status":"publish","type":"post","link":"http:\/\/hoycordobaweb.com\/index.php\/2024\/02\/14\/el-gps-de-martinez-recalculando\/","title":{"rendered":"El GPS de Mart\u00ednez: recalculando&#8230;"},"content":{"rendered":"<p><img src=\"http:\/\/hoycordobaweb.com\/wp-content\/uploads\/2024\/02\/el-gps-de-martinez-recalculando.jpg\"><\/p>\n<p><time class=\"createDate\" datetime=\"2024-02-14T09:18:02-03:00\">14\/02\/2024 09:18hs.<\/time><\/p>\n<div id=\"storyBody\">\n<div class=\"custom-text \" readability=\"38.848765432099\">\n<p>El 4-3-1-2 le dur\u00f3 dos amistosos y el debut. El 4-4-2, con <a href=\"https:\/\/www.ole.com.ar\/tema\/luca-langoni.html\" title=\"Luca Langoni\" alt=\"Luca Langoni\" class=\"slug\">Langoni<\/a> de volante, uno. El 4-4-2 con <a href=\"https:\/\/www.ole.com.ar\/tema\/luis-advincula.html\" title=\"Luis Adv\u00edncula\" alt=\"Luis Adv\u00edncula\" class=\"slug\">Adv\u00edncula<\/a> en modo Almir\u00f3n, dos. Porque en definitiva,<strong> se viene el tercer esquema en cinco fechas<\/strong>, ahora un 4-2-3-1 in\u00e9dito. En el medio, el famoso saco y pongo. Una rotaci\u00f3n que no responde a la f\u00edsica. Ni a la l\u00f3gica&#8230;<\/p>\n<\/div>\n<div class=\"custom-text \" readability=\"37.120204603581\">\n<p><a href=\"https:\/\/www.ole.com.ar\/tema\/jorman-campuzano.html\" title=\"Jorman Campuzano\" alt=\"Jorman Campuzano\" class=\"slug\">Campuzano<\/a> arranca de titular, sale del 11 y vuelve. <a href=\"https:\/\/www.ole.com.ar\/tema\/ezequiel-bullaude.html\" title=\"Ezequiel Bullaude\" alt=\"Ezequiel Bullaude\" class=\"slug\">Bullaude<\/a> pasa de ser enlace a segundo punta a otra vez jugar suelto detr\u00e1s del nueve. <strong><a href=\"https:\/\/www.ole.com.ar\/tema\/kevin-zenon.html\" title=\"Kevin Zen\u00f3n\" alt=\"Kevin Zen\u00f3n\" class=\"slug\">Zen\u00f3n<\/a> la rompe por izquierda pero pasa a la derecha<\/strong>. Langosta es volante, delantero y nada. <a href=\"https:\/\/www.ole.com.ar\/tema\/dario-benedetto.html\" title=\"Dar\u00edo Benedetto\" alt=\"Dar\u00edo Benedetto\" class=\"slug\">Benedetto<\/a> entra, la mete, no convierte y sale. <a href=\"https:\/\/www.ole.com.ar\/tema\/frank-fabra.html\" title=\"Frank Fabra\" alt=\"Frank Fabra\" class=\"slug\">Fabra <\/a>ingresa dos minutos, acaso como un plan de fortalecimiento an\u00edmico, pero en el banco era menos insultado. <\/p>\n<\/div>\n<div class=\"custom-text \" readability=\"37.133501259446\">\n<p>El pibe Ben\u00edtez debuta de titular, pero se queda sin cr\u00e9dito en la primera llamada que no responde.<strong> Janson pasa de la indiferencia de los 7\u2019 minutos ante Sarmiento y de los 4\u2019 ante Tigre a la titularidad<\/strong> sin previo aviso en la fecha anterior. Y entonces, el arranque del ciclo <a href=\"https:\/\/www.ole.com.ar\/tema\/diego-martinez-dt.html\" title=\"Diego Mart\u00ednez DT\" alt=\"Diego Mart\u00ednez DT\" class=\"slug\">Diego Mart\u00ednez<\/a> entra en una confusi\u00f3n inesperada. <strong>Y entonces, de nuevo, un DT de <a href=\"https:\/\/www.ole.com.ar\/tema\/boca-juniors.html\" title=\"Boca Juniors\" alt=\"Boca Juniors\" class=\"slug\">Boca<\/a> parece conducir sin GPS&#8230;<\/strong><\/p>\n<\/div>\n<div class=\"custom-text \" readability=\"45\">\n<p>Porque es cierto que Mart\u00ednez tiene derecho al teque, teque, toca, toca. Sobre todo, en un plantel tan amplio como el de Boca. Pero siempre, con equilibrio, incluso con un mismo hilo conductor, bajo una misma b\u00fasqueda. Y la sensaci\u00f3n es que, a primera vista, Mart\u00ednez perdi\u00f3 la hoja de ruta prontamente, que<strong> lleva el rumbo del equipo hacia la necesidad y urgencia&#8230;<\/strong><\/p>\n<\/div>\n<div type=\"embed\" class=\"sc-7ce6049-0 dwIKul\">\n<div class=\"sc-7ce6049-1 bdcBBS videoText\" id=\"contentTitleembedwe3aApmu\" type=\"embed\"><svg fill=\"#ffffff\"><symbol id=\"play\" viewBox=\"0 0 512 512\"><path d=\"M512 256C512 397.4 397.4 512 256 512C114.6 512 0 397.4 0 256C0 114.6 114.6 0 256 0C397.4 0 512 114.6 512 256zM176 168V344C176 352.7 180.7 360.7 188.3 364.9C195.8 369.2 205.1 369 212.5 364.5L356.5 276.5C363.6 272.1 368 264.4 368 256C368 247.6 363.6 239.9 356.5 235.5L212.5 147.5C205.1 142.1 195.8 142.8 188.3 147.1C180.7 151.3 176 159.3 176 168V168z\" \/><\/symbol><use xlink:href=\"#play\" \/><\/svg><\/p>\n<div class=\"right\">\n<p>Boca Juniors<!-- --> &#8211;<!-- --> <span>14-2-2024<\/span><\/p>\n<h2 class=\"title-vid\">La vuelta de Medina, Valentini, Fern\u00e1ndez y Brey a Boca tras clasificar a los Juegos Ol\u00edmpicos<\/h2>\n<\/div>\n<\/div>\n<p><span class=\"back\" id=\"spanBackembedwe3aApmu\"><\/span><\/div>\n<div class=\"custom-text \" readability=\"43\">\n<p>Y lo que es peor, que est\u00e1 poniendo en juego su credibilidad. <strong>Hacia adentro, por la falta de respaldo y de confianza. Y hacia afuera, porque dice lo que no piensa ni siente.<\/strong> Cuando termin\u00f3 el partido con Defensa, habl\u00f3 de un equipo que, desde el juego y el rendimiento, \u201cva por el buen camino\u201d. Incluso, neg\u00f3 que ese empate en la Bombonera haya sido un paso atr\u00e1s. Menos mal: contra Central C\u00f3rdoba cambiar\u00e1 nombres, esquema y puestos. \u00bfAlgo m\u00e1s?<\/p>\n<\/div>\n<div class=\"sc-a7166897-0 exHLBh\" readability=\"6\">\n<section readability=\"2\"><picture><img alt=\"Lo bueno y lo malo de los cambios de Mart\u00ednez en Boca\" src=\"http:\/\/hoycordobaweb.com\/wp-content\/uploads\/2024\/02\/el-gps-de-martinez-recalculando-2.jpg\" width=\"290\" height=\"290\" decoding=\"async\" data-nimg=\"future\" loading=\"lazy\"><\/picture>\n<p><span>Mir\u00e1 tambi\u00e9n<\/span><\/p>\n<hr>\n<h3>Lo bueno y lo malo de los cambios de Mart\u00ednez en Boca<\/h3>\n<\/p>\n<\/section>\n<\/div>\n<div class=\"sc-a7166897-0 exHLBh\" readability=\"7\">\n<section readability=\"4\"><picture><img alt=\"Prueba en Boca Predio: Diego Mart\u00ednez patea el tablero y cambia nombres, puestos y esquema\" src=\"http:\/\/hoycordobaweb.com\/wp-content\/uploads\/2024\/02\/el-gps-de-martinez-recalculando-3.jpg\" width=\"290\" height=\"290\" decoding=\"async\" data-nimg=\"future\" loading=\"lazy\"><\/picture>\n<p><span>Mir\u00e1 tambi\u00e9n<\/span><\/p>\n<hr>\n<h3>Prueba en Boca Predio: Diego Mart\u00ednez patea el tablero y cambia nombres, puestos y esquema<\/h3>\n<\/p>\n<\/section>\n<\/div>\n<div class=\"sc-a7166897-0 exHLBh\" readability=\"7.5\">\n<section readability=\"5\"><picture><img alt=\"Video: la bienvenida de Boca a Medina, Equi, Valentini y Brey, y entrenamiento a full\" src=\"http:\/\/hoycordobaweb.com\/wp-content\/uploads\/2024\/02\/el-gps-de-martinez-recalculando-4.jpg\" width=\"290\" height=\"290\" decoding=\"async\" data-nimg=\"future\" loading=\"lazy\"><\/picture>\n<p><span>Mir\u00e1 tambi\u00e9n<\/span><\/p>\n<hr>\n<h3>Video: la bienvenida de Boca a Medina, Equi, Valentini y Brey, y entrenamiento a full<\/h3>\n<\/p>\n<\/section>\n<\/div>\n<div class=\"sc-a7166897-0 exHLBh\" readability=\"6\">\n<section readability=\"2\"><picture><img alt=\"Palermo en Olimpia: el s\u00e1bado debuta en el cl\u00e1sico\" src=\"http:\/\/hoycordobaweb.com\/wp-content\/uploads\/2024\/02\/el-gps-de-martinez-recalculando-5.jpg\" width=\"290\" height=\"290\" decoding=\"async\" data-nimg=\"future\" loading=\"lazy\"><\/picture>\n<p><span>Mir\u00e1 tambi\u00e9n<\/span><\/p>\n<hr>\n<h3>Palermo en Olimpia: el s\u00e1bado debuta en el cl\u00e1sico<\/h3>\n<\/p>\n<\/section>\n<\/div>\n<div class=\"sc-a7166897-0 exHLBh\" readability=\"6.5\">\n<section readability=\"3\"><picture><img alt=\"Valent\u00edn Barco, emocionado antes de partir hacia Europa: &quot;Boca es todo para m\u00ed&quot;\" src=\"http:\/\/hoycordobaweb.com\/wp-content\/uploads\/2024\/02\/el-gps-de-martinez-recalculando-6.jpg\" width=\"290\" height=\"290\" decoding=\"async\" data-nimg=\"future\" loading=\"lazy\"><\/picture>\n<p><span>Mir\u00e1 tambi\u00e9n<\/span><\/p>\n<hr>\n<h3>Valent\u00edn Barco, emocionado antes de partir hacia Europa: \u00abBoca es todo para m\u00ed\u00bb<\/h3>\n<\/p>\n<\/section>\n<\/div>\n<div class=\"sc-a7166897-0 exHLBh\" readability=\"6\">\n<section readability=\"2\"><picture><img alt=\"\u00bfPor d\u00f3nde ver en vivo Boca vs. Central C\u00f3rdoba por la Copa de la Liga?\" src=\"http:\/\/hoycordobaweb.com\/wp-content\/uploads\/2024\/02\/el-gps-de-martinez-recalculando-7.jpg\" width=\"290\" height=\"290\" decoding=\"async\" data-nimg=\"future\" loading=\"lazy\"><\/picture>\n<p><span>Mir\u00e1 tambi\u00e9n<\/span><\/p>\n<hr>\n<h3>\u00bfPor d\u00f3nde ver en vivo Boca vs. Central C\u00f3rdoba por la Copa de la Liga?<\/h3>\n<\/p>\n<\/section>\n<\/div>\n<\/div>\n","protected":false},"excerpt":{"rendered":"<p>14\/02\/2024 09:18hs. El 4-3-1-2 le dur\u00f3 dos amistosos y el debut. El 4-4-2, con Langoni de volante, uno. El 4-4-2 con Adv\u00edncula en modo Almir\u00f3n, dos. Porque en definitiva, se viene el tercer esquema en cinco fechas, ahora un 4-2-3-1 in\u00e9dito. En el medio, el famoso saco y pongo. Una rotaci\u00f3n que no responde a [&hellip;]<\/p>\n","protected":false},"author":1,"featured_media":73392,"comment_status":"open","ping_status":"closed","sticky":false,"template":"","format":"standard","meta":[],"categories":[16],"tags":[],"_links":{"self":[{"href":"http:\/\/hoycordobaweb.com\/index.php\/wp-json\/wp\/v2\/posts\/73391"}],"collection":[{"href":"http:\/\/hoycordobaweb.com\/index.php\/wp-json\/wp\/v2\/posts"}],"about":[{"href":"http:\/\/hoycordobaweb.com\/index.php\/wp-json\/wp\/v2\/types\/post"}],"author":[{"embeddable":true,"href":"http:\/\/hoycordobaweb.com\/index.php\/wp-json\/wp\/v2\/users\/1"}],"replies":[{"embeddable":true,"href":"http:\/\/hoycordobaweb.com\/index.php\/wp-json\/wp\/v2\/comments?post=73391"}],"version-history":[{"count":0,"href":"http:\/\/hoycordobaweb.com\/index.php\/wp-json\/wp\/v2\/posts\/73391\/revisions"}],"wp:featuredmedia":[{"embeddable":true,"href":"http:\/\/hoycordobaweb.com\/index.php\/wp-json\/wp\/v2\/media\/73392"}],"wp:attachment":[{"href":"http:\/\/hoycordobaweb.com\/index.php\/wp-json\/wp\/v2\/media?parent=73391"}],"wp:term":[{"taxonomy":"category","embeddable":true,"href":"http:\/\/hoycordobaweb.com\/index.php\/wp-json\/wp\/v2\/categories?post=73391"},{"taxonomy":"post_tag","embeddable":true,"href":"http:\/\/hoycordobaweb.com\/index.php\/wp-json\/wp\/v2\/tags?post=73391"}],"curies":[{"name":"wp","href":"https:\/\/api.w.org\/{rel}","templated":true}]}}