{"id":73380,"date":"2024-02-14T11:30:00","date_gmt":"2024-02-14T11:30:00","guid":{"rendered":"http:\/\/hoycordobaweb.com\/index.php\/2024\/02\/14\/el-vaticano-pidio-frenar-la-carniceria-en-medio-oriente-y-apunto-a-israel\/"},"modified":"2024-02-14T11:30:00","modified_gmt":"2024-02-14T11:30:00","slug":"el-vaticano-pidio-frenar-la-carniceria-en-medio-oriente-y-apunto-a-israel","status":"publish","type":"post","link":"http:\/\/hoycordobaweb.com\/index.php\/2024\/02\/14\/el-vaticano-pidio-frenar-la-carniceria-en-medio-oriente-y-apunto-a-israel\/","title":{"rendered":"El Vaticano pidi\u00f3 frenar la \u00abcarnicer\u00eda\u00bb en Medio Oriente y apunt\u00f3 a Israel"},"content":{"rendered":"<p><img src=\"http:\/\/hoycordobaweb.com\/wp-content\/uploads\/2024\/02\/el-vaticano-pidio-frenar-la-carniceria-en-medio-oriente-y-apunto-a-israel.jpg\"><\/p>\n<figure class=\"mb-3\"><img loading=\"lazy\" data-src=\"http:\/\/hoycordobaweb.com\/wp-content\/uploads\/2024\/02\/el-vaticano-pidio-frenar-la-carniceria-en-medio-oriente-y-apunto-a-israel-2.jpg\" src=\"https:\/\/www.telam.com.ar\/assets\/img\/not_image.png\" class=\" lazy \" width=\"100%\" height=\"100%\" alt=\"Foto AFP\"><figcaption> Foto: AFP <\/figcaption><\/figure>\n<p>El secretario de Estado del Vaticano, el cardenal italiano <strong>Pietro Parolin<\/strong>, asegur\u00f3 que la respuesta de Israel al ataque del grupo islamista palestino Hamas del 7 de octubre es <strong>desproporcionada <\/strong>y pidi\u00f3 parar la \u00ab<strong>carnicer\u00eda<\/strong>\u00bb en Medio Oriente.<\/p>\n<p><strong>\u00abLa Santa Sede lo ha dicho desde el principio: por un lado, una condena clara y sin reservas de lo ocurrido el 7 de octubre. Pero al mismo tiempo tambi\u00e9n una petici\u00f3n de que el derecho de Israel a la defensa que se invoc\u00f3 para justificar esta operaci\u00f3n sea proporcionado y ciertamente con 30.000 muertos no lo es\u00bb<\/strong>, denunci\u00f3 Parolin al participar este martes de un encuentro en la embajada vaticana ante Italia.<\/p>\n<p>\u00abHay una voz generalizada de que no podemos seguir as\u00ed. Necesitamos encontrar otras maneras de resolver el problema de Gaza, el problema de Palestina\u00bb, reclam\u00f3.<\/p>\n<p>En ese contexto, llam\u00f3 a <strong>\u00abno perder la esperanza\u00bb<\/strong> de una soluci\u00f3n al conflicto y plante\u00f3: \u00abSan Agust\u00edn dec\u00eda que la esperanza se basa en la indignaci\u00f3n y la valent\u00eda, creo que <strong>todos estamos indignados por lo que est\u00e1 pasando, por esta carnicer\u00eda<\/strong> pero hay que tener el valor de seguir adelante y no perder la esperanza porque, si perdemos la esperanza, nos cruzamos de brazos\u00bb.<\/p>\n<figure class=\"mb-3\"><img loading=\"lazy\" data-src=\"http:\/\/hoycordobaweb.com\/wp-content\/uploads\/2024\/02\/el-vaticano-pidio-frenar-la-carniceria-en-medio-oriente-y-apunto-a-israel-3.jpg\" src=\"https:\/\/www.telam.com.ar\/assets\/img\/not_image.png\" class=\" lazy \" width=\"100%\" height=\"100%\" alt=\"Foto AFP\"><figcaption> Foto: AFP <\/figcaption><\/figure>\n<p>Desde el inicio de las represalias israel\u00edes sobre blancos civiles y militares, el Vaticano aval\u00f3 el derecho a una defensa pero con proporci\u00f3n a los ataques de Hamas, mientras por otro lado contin\u00faa el reclamo para que se llegue a la denominada soluci\u00f3n \u00abde los dos Estados\u00bb en la regi\u00f3n adem\u00e1s del otorgamiento de un estatuto especial a Jerusal\u00e9n, m\u00e1s all\u00e1 de la negativa de Tel Aviv a frenar su ofensiva.<\/p>\n<p>El Ministerio de Salud de Hamas anunci\u00f3 este mi\u00e9rcoles que suman al menos 28.576 las personas que han muerto en la Franja de Gaza, en su mayor\u00eda mujeres, adolescentes y ni\u00f1os, desde el inicio de la guerra.<\/p>\n<p>El balance incluye 103 muertos en las \u00faltimas 24 horas.<\/p>\n<p>En tanto, 68.291 personas resultaron heridas desde el 7 de octubre, seg\u00fan el Ministerio. <\/p>\n","protected":false},"excerpt":{"rendered":"<p>Foto: AFP El secretario de Estado del Vaticano, el cardenal italiano Pietro Parolin, asegur\u00f3 que la respuesta de Israel al ataque del grupo islamista palestino Hamas del 7 de octubre es desproporcionada y pidi\u00f3 parar la \u00abcarnicer\u00eda\u00bb en Medio Oriente. \u00abLa Santa Sede lo ha dicho desde el principio: por un lado, una condena clara [&hellip;]<\/p>\n","protected":false},"author":1,"featured_media":73381,"comment_status":"open","ping_status":"closed","sticky":false,"template":"","format":"standard","meta":[],"categories":[24],"tags":[],"_links":{"self":[{"href":"http:\/\/hoycordobaweb.com\/index.php\/wp-json\/wp\/v2\/posts\/73380"}],"collection":[{"href":"http:\/\/hoycordobaweb.com\/index.php\/wp-json\/wp\/v2\/posts"}],"about":[{"href":"http:\/\/hoycordobaweb.com\/index.php\/wp-json\/wp\/v2\/types\/post"}],"author":[{"embeddable":true,"href":"http:\/\/hoycordobaweb.com\/index.php\/wp-json\/wp\/v2\/users\/1"}],"replies":[{"embeddable":true,"href":"http:\/\/hoycordobaweb.com\/index.php\/wp-json\/wp\/v2\/comments?post=73380"}],"version-history":[{"count":0,"href":"http:\/\/hoycordobaweb.com\/index.php\/wp-json\/wp\/v2\/posts\/73380\/revisions"}],"wp:featuredmedia":[{"embeddable":true,"href":"http:\/\/hoycordobaweb.com\/index.php\/wp-json\/wp\/v2\/media\/73381"}],"wp:attachment":[{"href":"http:\/\/hoycordobaweb.com\/index.php\/wp-json\/wp\/v2\/media?parent=73380"}],"wp:term":[{"taxonomy":"category","embeddable":true,"href":"http:\/\/hoycordobaweb.com\/index.php\/wp-json\/wp\/v2\/categories?post=73380"},{"taxonomy":"post_tag","embeddable":true,"href":"http:\/\/hoycordobaweb.com\/index.php\/wp-json\/wp\/v2\/tags?post=73380"}],"curies":[{"name":"wp","href":"https:\/\/api.w.org\/{rel}","templated":true}]}}