{"id":73371,"date":"2024-02-13T20:24:00","date_gmt":"2024-02-13T20:24:00","guid":{"rendered":"https:\/\/fm-comunicar.com.ar\/contenido\/21206\/la-liga-regional-colon-ya-tiene-fecha-de-inicio"},"modified":"2024-02-13T20:24:00","modified_gmt":"2024-02-13T20:24:00","slug":"la-liga-regional-colon-ya-tiene-fecha-de-inicio","status":"publish","type":"post","link":"http:\/\/hoycordobaweb.com\/index.php\/2024\/02\/13\/la-liga-regional-colon-ya-tiene-fecha-de-inicio\/","title":{"rendered":"La Liga Regional Col\u00f3n ya tiene fecha de inicio"},"content":{"rendered":"<p>El d\u00eda 10 de marzo se pondr\u00e1 en marcha la primera fecha del torneo apertura de la temporada 2024.<img src=\"http:\/\/hoycordobaweb.com\/wp-content\/uploads\/2024\/02\/la-liga-regional-colon-ya-tiene-fecha-de-inicio.png\"><\/p>\n","protected":false},"excerpt":{"rendered":"<p>El d\u00eda 10 de marzo se pondr\u00e1 en marcha la primera fecha del torneo apertura de la temporada 2024.<\/p>\n","protected":false},"author":1,"featured_media":73372,"comment_status":"closed","ping_status":"closed","sticky":false,"template":"","format":"standard","meta":[],"categories":[16,18],"tags":[],"_links":{"self":[{"href":"http:\/\/hoycordobaweb.com\/index.php\/wp-json\/wp\/v2\/posts\/73371"}],"collection":[{"href":"http:\/\/hoycordobaweb.com\/index.php\/wp-json\/wp\/v2\/posts"}],"about":[{"href":"http:\/\/hoycordobaweb.com\/index.php\/wp-json\/wp\/v2\/types\/post"}],"author":[{"embeddable":true,"href":"http:\/\/hoycordobaweb.com\/index.php\/wp-json\/wp\/v2\/users\/1"}],"replies":[{"embeddable":true,"href":"http:\/\/hoycordobaweb.com\/index.php\/wp-json\/wp\/v2\/comments?post=73371"}],"version-history":[{"count":0,"href":"http:\/\/hoycordobaweb.com\/index.php\/wp-json\/wp\/v2\/posts\/73371\/revisions"}],"wp:featuredmedia":[{"embeddable":true,"href":"http:\/\/hoycordobaweb.com\/index.php\/wp-json\/wp\/v2\/media\/73372"}],"wp:attachment":[{"href":"http:\/\/hoycordobaweb.com\/index.php\/wp-json\/wp\/v2\/media?parent=73371"}],"wp:term":[{"taxonomy":"category","embeddable":true,"href":"http:\/\/hoycordobaweb.com\/index.php\/wp-json\/wp\/v2\/categories?post=73371"},{"taxonomy":"post_tag","embeddable":true,"href":"http:\/\/hoycordobaweb.com\/index.php\/wp-json\/wp\/v2\/tags?post=73371"}],"curies":[{"name":"wp","href":"https:\/\/api.w.org\/{rel}","templated":true}]}}