{"id":73356,"date":"2024-02-13T13:11:04","date_gmt":"2024-02-13T13:11:04","guid":{"rendered":"https:\/\/www.trendencias.com\/telenovelas\/sera-final-feliciano-esto-que-podria-pasar-promesa-se-da-tragico-final-para-este-querido-personaje"},"modified":"2024-02-13T13:11:04","modified_gmt":"2024-02-13T13:11:04","slug":"sera-el-final-de-feliciano-esto-es-lo-que-podria-pasar-en-la-promesa-si-ocurre-el-tragico-destino-para-este-querido-personaje","status":"publish","type":"post","link":"http:\/\/hoycordobaweb.com\/index.php\/2024\/02\/13\/sera-el-final-de-feliciano-esto-es-lo-que-podria-pasar-en-la-promesa-si-ocurre-el-tragico-destino-para-este-querido-personaje\/","title":{"rendered":"\u00bfSer\u00e1 el final de Feliciano? Esto es lo que podr\u00eda pasar en \u00abLa Promesa\u00bb si ocurre el tr\u00e1gico destino para este querido personaje"},"content":{"rendered":"<p>\u00abLa Promesa\u00bb est\u00e1 viviendo sus momentos m\u00e1s cr\u00edticos. La <a href=\"https:\/\/www.trendencias.com\/telenovelas\/semana-caceria-promesa-trampa-mortal-que-podria-acabar-definitivamente-este-importante-personaje\">trampa mortal <\/a>que Cruz y Lorenzo prepararon para Curro durante la cacer\u00eda, ha terminado con Feliciano debati\u00e9ndose entre la vida y la muerte. Y es que, todo parece indicar que <strong>el joven prometido de Teresa est\u00e1 pasando sus \u00faltimos momentos<\/strong>. Adem\u00e1s, sabemos que siempre que se va un personaje, aparece otro, y el creador de La Promesa baraj\u00f3 un par de nombres que <a href=\"https:\/\/www.trendencias.com\/telenovelas\/este-personaje-que-creo-que-va-a-regresar-a-promesa-despues-pistas-que-ha-dado-creador-serie\">podr\u00edan volver al palacio<\/a>, por lo que est\u00e1 casi claro que Feliciano tendr\u00e1 que enfrentarse a su tr\u00e1gico destino.<\/p>\n<p><!-- BREAK 1 --> <\/p>\n<div class=\"article-asset article-asset-normal article-asset-center\">\n<div class=\"desvio-container\">\n<div class=\"desvio\">\n<div class=\"desvio-figure js-desvio-figure\"> <a href=\"https:\/\/www.trendencias.com\/telenovelas\/ana-garces-desvela-como-relacion-jana-manuel-fuera-promesa-hay-romance-tambien-fuera-ficcion\"> <img alt=\"Ana Garc\u00e9s desvela c\u00f3mo es la relaci\u00f3n de Jana y Manuel fuera de &quot;La Promesa&quot;: \u00bfexiste tambi\u00e9n entre ellos un romance?\" src=\"http:\/\/hoycordobaweb.com\/wp-content\/uploads\/2024\/02\/sera-el-final-de-feliciano-esto-es-lo-que-podria-pasar-en-la-promesa-si-ocurre-el-tragico-destino-para-este-querido-personaje.jpg\"> <\/a> <\/div><\/div><\/div>\n<\/div>\n<p>Como si se tratara de un duelo anticipatorio, Teresa ha explicado a P\u00eda y a R\u00f3mulo la situaci\u00f3n a la que se enfrenta Feliciano: \u00abLa operaci\u00f3n ha sido una desgracia. Ha sido una chapuza en toda regla, sin higiene, sin cautela, con toda prisa para acabar cuanto antes. <strong>Feliciano est\u00e1 as\u00ed por la intervenci\u00f3n y no por el disparo\u00bb<\/strong>. Si finalmente termina pasando lo que muchos seguidores y fans del serial de \u00e9poca no querr\u00edan que pasara, \u00bfc\u00f3mo continuar\u00e1 despu\u00e9s todo?<\/p>\n<p><!-- BREAK 2 --> <\/p>\n<h2>Si Feliciano muere, habr\u00e1 venganza<\/h2>\n<p>Feliciano es uno de los personajes m\u00e1s queridos de \u00abLa Promesa\u00bb, pero adem\u00e1s, es el hijo de Petra, asistenta de la marquesa, quien es responsable de su cr\u00edtico estado. Pero no hay mal que por bien no venga. <strong>La muerte de Feliciano har\u00e1 que tanto Petra como Teresa<\/strong>, quien iba a ser su mujer, <strong>procuren vengarle <\/strong>cuando se descubra toda la verdad.<\/p>\n<p><!-- BREAK 3 --> <\/p>\n<p>Y es que recordemos que Petra tiene la prueba de la verdad, la bala que le extrajeron y que no coincide con la que utilizaron los cazadores. Adem\u00e1s, P\u00eda y R\u00f3mulo se encuentran investigando por su cuenta todo el asunto, ya que hay algo que no les termina de cuadrar. As\u00ed, lo pr\u00f3ximo que podr\u00edamos ver en La Promesa ser\u00eda un plan de venganza y&#8230; <strong>\u00bfla ca\u00edda final de Cruz?<\/strong><\/p>\n<p><!-- BREAK 4 --><\/p>\n<p>Fotos | RTVE<\/p>\n<p>En Trendencias | <a href=\"https:\/\/www.trendencias.com\/propuestas-y-consejos\/33-mejores-series-netflix-que-puedes-ver-ahora\" data-id=\"noopener noreferrer\">Las 38 mejores series de Netflix que puedes ver ahora mismo<\/a>.<\/p>\n<p><!-- BREAK 5 --><\/p>\n<p>En Trendencias |<a href=\"https:\/\/www.trendencias.com\/propuestas-y-consejos\/13-mejores-series-amazon-prime-video-que-puedes-ver-ahora\" data-id=\"noopener noreferrer\"> Las 18 mejores series de Amazon Prime Video que puedes ver ahora mismo<\/a><\/p>\n<p><!-- BREAK 6 --> <\/p>\n<p>En Trendencias | <a href=\"https:\/\/www.trendencias.com\/familia-maternidad-y-ninos\/pastor-aleman-perro-noble-trabajador-amoroso-que-querriamos-que-aprendieran-muchos-humanos\" data-id=\"noopener noreferrer\">Esta es la raza de perro que todos los ej\u00e9rcitos tienen en sus filas por su valent\u00eda, inteligencia y espectacular olfato<\/a><\/p>\n<p><!-- BREAK 7 --><\/p>\n<p>En Trendencias | <a href=\"https:\/\/www.trendencias.com\/propuestas-y-consejos\/estos-regalos-revistas-mes-enero-2024-mundo-moda-celebra-nuevo-ano-detalles-alucinantes\" data-id=\"noopener noreferrer\">Estos son los regalos de las revistas del mes de enero 2024: el mundo de la moda celebra el nuevo a\u00f1o con detalles alucinantes<\/a><\/p>\n<p><!-- BREAK 8 --><\/p>\n<figure><\/figure>\n","protected":false},"excerpt":{"rendered":"<p>\u00abLa Promesa\u00bb est\u00e1 viviendo sus momentos m\u00e1s cr\u00edticos. La trampa mortal que Cruz y Lorenzo prepararon para Curro durante la cacer\u00eda, ha terminado con Feliciano debati\u00e9ndose entre la vida y la muerte. Y es que, todo parece indicar que el joven prometido de Teresa est\u00e1 pasando sus \u00faltimos momentos. Adem\u00e1s, sabemos que siempre que se [&hellip;]<\/p>\n","protected":false},"author":1,"featured_media":73357,"comment_status":"closed","ping_status":"closed","sticky":false,"template":"","format":"standard","meta":[],"categories":[1],"tags":[],"_links":{"self":[{"href":"http:\/\/hoycordobaweb.com\/index.php\/wp-json\/wp\/v2\/posts\/73356"}],"collection":[{"href":"http:\/\/hoycordobaweb.com\/index.php\/wp-json\/wp\/v2\/posts"}],"about":[{"href":"http:\/\/hoycordobaweb.com\/index.php\/wp-json\/wp\/v2\/types\/post"}],"author":[{"embeddable":true,"href":"http:\/\/hoycordobaweb.com\/index.php\/wp-json\/wp\/v2\/users\/1"}],"replies":[{"embeddable":true,"href":"http:\/\/hoycordobaweb.com\/index.php\/wp-json\/wp\/v2\/comments?post=73356"}],"version-history":[{"count":0,"href":"http:\/\/hoycordobaweb.com\/index.php\/wp-json\/wp\/v2\/posts\/73356\/revisions"}],"wp:featuredmedia":[{"embeddable":true,"href":"http:\/\/hoycordobaweb.com\/index.php\/wp-json\/wp\/v2\/media\/73357"}],"wp:attachment":[{"href":"http:\/\/hoycordobaweb.com\/index.php\/wp-json\/wp\/v2\/media?parent=73356"}],"wp:term":[{"taxonomy":"category","embeddable":true,"href":"http:\/\/hoycordobaweb.com\/index.php\/wp-json\/wp\/v2\/categories?post=73356"},{"taxonomy":"post_tag","embeddable":true,"href":"http:\/\/hoycordobaweb.com\/index.php\/wp-json\/wp\/v2\/tags?post=73356"}],"curies":[{"name":"wp","href":"https:\/\/api.w.org\/{rel}","templated":true}]}}