{"id":73326,"date":"2024-02-13T12:11:00","date_gmt":"2024-02-13T12:11:00","guid":{"rendered":"http:\/\/hoycordobaweb.com\/index.php\/2024\/02\/13\/francisco-ira-a-la-bienal-de-venecia-a-fines-de-abril\/"},"modified":"2024-02-13T12:11:00","modified_gmt":"2024-02-13T12:11:00","slug":"francisco-ira-a-la-bienal-de-venecia-a-fines-de-abril","status":"publish","type":"post","link":"http:\/\/hoycordobaweb.com\/index.php\/2024\/02\/13\/francisco-ira-a-la-bienal-de-venecia-a-fines-de-abril\/","title":{"rendered":"Francisco ir\u00e1 a la Bienal de Venecia a fines de abril"},"content":{"rendered":"<p><img src=\"http:\/\/hoycordobaweb.com\/wp-content\/uploads\/2024\/02\/francisco-ira-a-la-bienal-de-venecia-a-fines-de-abril.jpg\"><\/p>\n<figure class=\"mb-3\"><img loading=\"lazy\" data-src=\"http:\/\/hoycordobaweb.com\/wp-content\/uploads\/2024\/02\/francisco-ira-a-la-bienal-de-venecia-a-fines-de-abril-2.jpg\" src=\"https:\/\/www.telam.com.ar\/assets\/img\/not_image.png\" class=\" lazy \" width=\"100%\" height=\"100%\" alt=\"Ser la primera vez que un pontfice visite la tradicional muestra de arte Foto Prensa\"><figcaption> Ser\u00e1 la primera vez que un pont\u00edfice visite la tradicional muestra de arte. Foto: Prensa. <\/figcaption><\/figure>\n<p><strong>El papa<\/strong> Francisco<strong> visitar\u00e1 el 28 de abril pr\u00f3ximo el Pabell\u00f3n del Vaticano en la Bienal de Venecia, que estar\u00e1 dedicado al tema de los derechos humanos<\/strong>, inform\u00f3 este martes la Santa Sede.<\/p>\n<p>Francisco ir\u00e1 al pabell\u00f3n ubicado \u00aben la c\u00e1rcel femenina de Giudecca y encontrar\u00e1 a la comunidad eclesial del Patriarcado de Venecia\u00bb, agreg\u00f3 el Vaticano en un comunicado oficial.<\/p>\n<p>La cita ser\u00e1 la edici\u00f3n n\u00famero 60 de la Bienal de Venecia, la exposici\u00f3n de arte m\u00e1s famosa del mundo, que este a\u00f1o estar\u00e1 curada por Adriano Pedrosa y llevar\u00e1 de t\u00edtulo \u00abForeigners Everywhere\u00bb (Extranjeros por todas partes)<\/p>\n<p>Ser\u00e1 la primera vez que un pont\u00edfice visite la tradicional muestra de arte en la que este a\u00f1o la Argentina estar\u00e1 representada por la artista Luciana Lamothe.<\/p>\n<p>Estar\u00e1 dedicada al tema de \u00ablos derechos humanos y a la figura de los \u00faltimos inquilinos de mundos marginados, donde nuestra mirada rara vez llega\u00bb, seg\u00fan la descripci\u00f3n del lugar dada por el Dicasterio Vaticano para la Cultura y la Educaci\u00f3n.<\/p>\n<p>El Pabell\u00f3n de la Santa Sede tendr\u00e1 la colaboraci\u00f3n del Departamento de Administraci\u00f3n Penitenciaria del Ministerio de Justicia, del 20 de abril al 24 de noviembre de 2024, y se har\u00e1 en la prisi\u00f3n de mujeres de Giudecca con el t\u00edtulo \u00abCon mis ojos\u00bb. <\/p>\n","protected":false},"excerpt":{"rendered":"<p>Ser\u00e1 la primera vez que un pont\u00edfice visite la tradicional muestra de arte. Foto: Prensa. El papa Francisco visitar\u00e1 el 28 de abril pr\u00f3ximo el Pabell\u00f3n del Vaticano en la Bienal de Venecia, que estar\u00e1 dedicado al tema de los derechos humanos, inform\u00f3 este martes la Santa Sede. Francisco ir\u00e1 al pabell\u00f3n ubicado \u00aben la [&hellip;]<\/p>\n","protected":false},"author":1,"featured_media":73327,"comment_status":"open","ping_status":"closed","sticky":false,"template":"","format":"standard","meta":[],"categories":[24],"tags":[],"_links":{"self":[{"href":"http:\/\/hoycordobaweb.com\/index.php\/wp-json\/wp\/v2\/posts\/73326"}],"collection":[{"href":"http:\/\/hoycordobaweb.com\/index.php\/wp-json\/wp\/v2\/posts"}],"about":[{"href":"http:\/\/hoycordobaweb.com\/index.php\/wp-json\/wp\/v2\/types\/post"}],"author":[{"embeddable":true,"href":"http:\/\/hoycordobaweb.com\/index.php\/wp-json\/wp\/v2\/users\/1"}],"replies":[{"embeddable":true,"href":"http:\/\/hoycordobaweb.com\/index.php\/wp-json\/wp\/v2\/comments?post=73326"}],"version-history":[{"count":0,"href":"http:\/\/hoycordobaweb.com\/index.php\/wp-json\/wp\/v2\/posts\/73326\/revisions"}],"wp:featuredmedia":[{"embeddable":true,"href":"http:\/\/hoycordobaweb.com\/index.php\/wp-json\/wp\/v2\/media\/73327"}],"wp:attachment":[{"href":"http:\/\/hoycordobaweb.com\/index.php\/wp-json\/wp\/v2\/media?parent=73326"}],"wp:term":[{"taxonomy":"category","embeddable":true,"href":"http:\/\/hoycordobaweb.com\/index.php\/wp-json\/wp\/v2\/categories?post=73326"},{"taxonomy":"post_tag","embeddable":true,"href":"http:\/\/hoycordobaweb.com\/index.php\/wp-json\/wp\/v2\/tags?post=73326"}],"curies":[{"name":"wp","href":"https:\/\/api.w.org\/{rel}","templated":true}]}}