{"id":73303,"date":"2024-02-12T12:58:00","date_gmt":"2024-02-12T12:58:00","guid":{"rendered":"http:\/\/hoycordobaweb.com\/index.php\/2024\/02\/12\/los-detalles-del-primer-encuentro-de-milei-y-francisco-en-el-vaticano\/"},"modified":"2024-02-12T12:58:00","modified_gmt":"2024-02-12T12:58:00","slug":"los-detalles-del-primer-encuentro-de-milei-y-francisco-en-el-vaticano","status":"publish","type":"post","link":"http:\/\/hoycordobaweb.com\/index.php\/2024\/02\/12\/los-detalles-del-primer-encuentro-de-milei-y-francisco-en-el-vaticano\/","title":{"rendered":"Los detalles del primer encuentro de Milei y Francisco en el Vaticano"},"content":{"rendered":"<p><img src=\"http:\/\/hoycordobaweb.com\/wp-content\/uploads\/2024\/02\/los-detalles-del-primer-encuentro-de-milei-y-francisco-en-el-vaticano.jpg\"><\/p>\n<figure class=\"mb-3\"><img loading=\"lazy\" data-src=\"http:\/\/hoycordobaweb.com\/wp-content\/uploads\/2024\/02\/los-detalles-del-primer-encuentro-de-milei-y-francisco-en-el-vaticano-2.jpg\" src=\"https:\/\/www.telam.com.ar\/assets\/img\/not_image.png\" class=\" lazy \" width=\"100%\" height=\"100%\" alt=\"Foto Prensa\"><figcaption> Foto: Prensa. <\/figcaption><\/figure>\n<p>El presidente Javier Milei se reuni\u00f3 este lunes en el Vaticano con el papa Francisco en un encuentro de una hora, en la primera reuni\u00f3n privada entre ambos luego de los <a href=\"https:\/\/www.telam.com.ar\/notas\/202402\/654943-milei-francisco-saludo-mama-antula.html\" target=\"_blank\" rel=\"noopener noreferrer\">saludos que se intercambiaron este domingo en la canonizaci\u00f3n de la flamante santa argentina Mama Antula <\/a>y tras la cual el mandatario <strong>present\u00f3 en la Secretar\u00eda de Estado de la Santa Sede su plan \u00abpara enfrentar la crisis econ\u00f3mica\u00bb de la Argentina.<\/strong><\/p>\n<blockquote class=\"twitter-tweet\" readability=\"7.3941908713693\">\n<p lang=\"es\" dir=\"ltr\">El Presidente Javier Milei y la Secretaria General de la Presidencia Karina Milei, junto a Su Santidad el Papa Francisco.<\/p>\n<p>Dios bendiga al pueblo argentino. <a href=\"https:\/\/t.co\/46EeQHDZJS\">pic.twitter.com\/46EeQHDZJS<\/a><\/p>\n<p>\u2014 Oficina del Presidente (@OPRArgentina) <a href=\"https:\/\/twitter.com\/OPRArgentina\/status\/1756997848380428771?ref_src=twsrc%5Etfw\">February 12, 2024<\/a><\/p><\/blockquote>\n<p><strong>\u00abNo me ten\u00eda en esa tarea, pero si usted me lo pide, lo hago\u00bb<\/strong>, le dijo Milei al Papa, haciendo<strong> referencia a una conversaci\u00f3n previa que no trascendi\u00f3<\/strong>, al entrar en la Biblioteca del segundo piso del Palacio Apost\u00f3lico a las 9 horas locales (5 en Argentina), en donde estuvo hasta las 10 para una reuni\u00f3n privada, informaron fuentes vaticanas a T\u00e9lam.<\/p>\n<p>\u00abSentate\u00bb, lo invit\u00f3 luego Francisco a acomodarse en el escritorio en el que estuvieron una hora cara a cara.<\/p>\n<figure class=\"mb-3\"><img loading=\"lazy\" data-src=\"http:\/\/hoycordobaweb.com\/wp-content\/uploads\/2024\/02\/los-detalles-del-primer-encuentro-de-milei-y-francisco-en-el-vaticano-3.jpg\" src=\"https:\/\/www.telam.com.ar\/assets\/img\/not_image.png\" class=\" lazy \" width=\"100%\" height=\"100%\" alt=\"Foto Prensa\"><figcaption> Foto: Prensa. <\/figcaption><\/figure>\n<p>Tras el encuentro privado,<strong> el Papa salud\u00f3 a la delegaci\u00f3n <\/strong>que integran la secretaria general de la Presidencia, Karina Milei -la primera en saludarlo y con quien intercambio agradecimientos por el encuentro-; la canciller Diana Mondino; el ministro del Interior, Guillermo Francos; la ministra de Capital Humano, Sandra Pettovello; el anunciado secretario de Culto, Francisco S\u00e1nchez; y el rabino designado embajador en Israel, Axel Wahnish.<\/p>\n<p>La reuni\u00f3n, seg\u00fan el cronograma del Vaticano, iba a tener una duraci\u00f3n de media hora, ya que Francisco ten\u00eda luego agendado un encuentro con los miembros de la Academia Pontificia para la Vida, que debi\u00f3 retrasar por la audiencia con el Presidente.<\/p>\n<blockquote class=\"twitter-tweet\" readability=\"8.7536231884058\">\n<p lang=\"es\" dir=\"ltr\">El presidente Javier Milei obsequ\u00f3 al sumo pont\u00edfice una carpeta con la copia de la carta manuscrita del canciller Jos\u00e9 Mar\u00eda Guti\u00e9rrez, acreditando a Juan Bautista Alberdi como representante en Europa, un cuadro de Mama Antula, alfajores y galletitas de lim\u00f3n <a href=\"https:\/\/t.co\/ImpOXoE444\">pic.twitter.com\/ImpOXoE444<\/a><\/p>\n<p>\u2014 Agencia T\u00e9lam (@AgenciaTelam) <a href=\"https:\/\/twitter.com\/AgenciaTelam\/status\/1756960389533716782?ref_src=twsrc%5Etfw\">February 12, 2024<\/a><\/p><\/blockquote>\n<p>Durante el tradicional intercambio de regalos, que dur\u00f3 unos 10 minutos,<strong> el Presidente le obsequi\u00f3 al Papa una carpeta con la copia de la carta manuscrita del canciller Jos\u00e9 Mar\u00eda Guti\u00e9rrez a Juan Bautista Alberdi <\/strong>acredit\u00e1ndolo como representante en Europa, de Mayo de 1854; un<strong> cuadro con la postal conmemorativa de la flamante santa Mama Antula <\/strong>que el Correo Argentino distribuy\u00f3 en agosto de 2017 ocasi\u00f3n de su beatificaci\u00f3n y alfajores de dulce de leche y galletitas de lim\u00f3n.<\/p>\n<p><strong>\u00abEl de Alberdi me gust\u00f3\u00bb<\/strong>, le dijo el pont\u00edfice tras el intercambio, agregaron fuentes vaticanas.<\/p>\n<p><strong>Francisco<\/strong>, en tanto, <strong>le regal\u00f3 una colecci\u00f3n de sus escritos <\/strong>con encuadernaci\u00f3n en cuero rojo y detalles dorados, entre ellos las enc\u00edclicas Laudato si&#8217; y Fratelli Tutti, y una copia del mensaje para la Jornada Mundial de la Paz de este a\u00f1o, centrado en la inteligencia artificial.<\/p>\n<p>Adem\u00e1s, le obsequi\u00f3 al Presidente un <strong>medall\u00f3n de bronce i<\/strong>nspirado en el Baldaquino de la Bas\u00edlica de San Pedro realizado por la escultora Daniel Fusco.<\/p>\n<figure class=\"mb-3\"><img loading=\"lazy\" data-src=\"http:\/\/hoycordobaweb.com\/wp-content\/uploads\/2024\/02\/los-detalles-del-primer-encuentro-de-milei-y-francisco-en-el-vaticano-4.jpg\" src=\"https:\/\/www.telam.com.ar\/assets\/img\/not_image.png\" class=\" lazy \" width=\"100%\" height=\"100%\" alt=\"Foto Prensa\"><figcaption> Foto: Prensa. <\/figcaption><\/figure>\n<p>Uno de los temas en agenda, seg\u00fan hab\u00eda adelantado el mandatario, fue la<strong> invitaci\u00f3n a Jorge Mario Bergoglio para que visite Argentina por primera vez<\/strong> desde que fue entronizado en marzo de 2013, una posibilidad que el Papa considera \u00abuna hip\u00f3tesis\u00bb para el segundo semestre del a\u00f1o.<\/p>\n<p>La de este lunes fue la primera reuni\u00f3n privada entre Milei y el Papa, luego de que este domingo se saludaran brevemente al inicio y al final de la misa por la canonizaci\u00f3n de Mama Antula de la que particip\u00f3 el mandatario.<\/p>\n<figure class=\"mb-3\"><img loading=\"lazy\" data-src=\"http:\/\/hoycordobaweb.com\/wp-content\/uploads\/2024\/02\/los-detalles-del-primer-encuentro-de-milei-y-francisco-en-el-vaticano-5.jpg\" src=\"https:\/\/www.telam.com.ar\/assets\/img\/not_image.png\" class=\" lazy \" width=\"100%\" height=\"100%\" alt=\"Foto Prensa\"><figcaption> Foto: Prensa. <\/figcaption><\/figure>\n<p>\u00abEl Papa es una persona que siente mucho cari\u00f1o por todos y no se puede pensar que tenga animosidad con nadie. La idea del Papa es siempre dialogar y poner en la mesa distintos puntos de vista\u00bb, dijo este lunes el cardenal argentino V\u00edctor Manuel Fern\u00e1ndez, que se reuni\u00f3 con Francisco a primera hora de este lunes, en un di\u00e1logo con la prensa sobre el v\u00ednculo del pont\u00edfice y el mandatario.<\/p>\n<figure class=\"mb-3\"><img loading=\"lazy\" data-src=\"http:\/\/hoycordobaweb.com\/wp-content\/uploads\/2024\/02\/los-detalles-del-primer-encuentro-de-milei-y-francisco-en-el-vaticano-6.jpg\" src=\"https:\/\/www.telam.com.ar\/assets\/img\/not_image.png\" class=\" lazy \" width=\"100%\" height=\"100%\" alt=\"Foto Prensa\"><figcaption> Foto: Prensa. <\/figcaption><\/figure>\n<p><strong>Luego de la reuni\u00f3n con el Papa, el Presidente mantuvo un encuentro con el secretario de Estado del Vaticano<\/strong>, el cardenal italiano Pietro Parolin, que estuvo acompa\u00f1ado por el canciller de la Santa Sede, al arzobispo Paul Richard Gallagher.<\/p>\n<p>\u00abDurante las cordiales conversaciones en la Secretar\u00eda de Estado, se expres\u00f3 satisfacci\u00f3n por las buenas relaciones entre la Santa Sede y la Rep\u00fablica Argentina y el deseo de reforzarlas a\u00fan m\u00e1s\u00bb, inform\u00f3 luego un comunicado vaticano.<\/p>\n<figure class=\"mb-3\"><img loading=\"lazy\" data-src=\"http:\/\/hoycordobaweb.com\/wp-content\/uploads\/2024\/02\/los-detalles-del-primer-encuentro-de-milei-y-francisco-en-el-vaticano-7.jpg\" src=\"https:\/\/www.telam.com.ar\/assets\/img\/not_image.png\" class=\" lazy \" width=\"100%\" height=\"100%\" alt=\"Foto Prensa\"><figcaption> Foto: Prensa. <\/figcaption><\/figure>\n<p>\u00abA continuaci\u00f3n, <strong>se detuvieron en el programa del nuevo Gobierno para enfrentar la crisis econ\u00f3mica\u00bb<\/strong> y \u00aben la continuaci\u00f3n de la conversaci\u00f3n, se abordaron varios temas internacionales, en particular los conflictos actuales y el compromiso por la paz entre las naciones\u00bb, sostuvo la nota oficial.<\/p>\n<p>Luego de ver a Parolin, funcionarios del Vaticano invitaron al Presidente a una recorrida por el Palacio Apost\u00f3lico, que incluy\u00f3 la capilla Paulina y la Capilla Sixtina, dos de los lugares con mayor carga simb\u00f3lica para el catolicismo conectadas por la Sala Regia.<\/p>\n<p>El mandatario lleg\u00f3 al Patio San D\u00e1maso del Vaticano a las 8.57 locales, en donde fue recibido por el responsable de la Prefectura de la Casa Pontificia, Leonardo Sapienza, mientras una bandera argentina flameaba en el frente del edificio y los guardias suizos formaban el tradicional piquete de honor.<\/p>\n<figure class=\"mb-3\"><img loading=\"lazy\" data-src=\"http:\/\/hoycordobaweb.com\/wp-content\/uploads\/2024\/02\/los-detalles-del-primer-encuentro-de-milei-y-francisco-en-el-vaticano-8.jpg\" src=\"https:\/\/www.telam.com.ar\/assets\/img\/not_image.png\" class=\" lazy \" width=\"100%\" height=\"100%\" alt=\"Foto Prensa\"><figcaption> Foto: Prensa. <\/figcaption><\/figure>\n<p>Apenas baj\u00f3 del auto con el que hab\u00eda atravesado la Plaza San Pedro, Milei salud\u00f3 a Sapienza con la secretaria general de la Presidencia y luego estrecharon las manos de los \u00abgentil hombres\u00bb, el cuerpo especial de protocolo de la Santa Sede que re\u00fane a representantes de las familias nobles europeas.<\/p>\n<figure class=\"mb-3\"><img loading=\"lazy\" data-src=\"http:\/\/hoycordobaweb.com\/wp-content\/uploads\/2024\/02\/los-detalles-del-primer-encuentro-de-milei-y-francisco-en-el-vaticano-9.jpg\" src=\"https:\/\/www.telam.com.ar\/assets\/img\/not_image.png\" class=\" lazy \" width=\"100%\" height=\"100%\" alt=\"Foto Prensa\"><figcaption> Foto: Prensa. <\/figcaption><\/figure>\n<p>Uno de los gentil hombres, por ejemplo, es el Pr\u00edncipe Mariano Hugo, actual jefe de la Casa Windisch-Graetz, una familia principesca en el Imperio austr\u00edaco, casado hace a\u00f1os con Sof\u00eda de Habsburgo, hija del archiduque Fernando de Austria.<\/p>\n<p>Luego, al llegar a la Biblioteca en el segundo piso, Milei fue recibido por un sacerdote argentino, el padre Rodrigo, un monse\u00f1or de la Secretar\u00eda de Estado que se encarga de coordinar la entrada y salida de invitados en las audiencias matutinas del Papa.<\/p>\n<figure class=\"mb-3\"><img loading=\"lazy\" data-src=\"http:\/\/hoycordobaweb.com\/wp-content\/uploads\/2024\/02\/los-detalles-del-primer-encuentro-de-milei-y-francisco-en-el-vaticano-10.jpg\" src=\"https:\/\/www.telam.com.ar\/assets\/img\/not_image.png\" class=\" lazy \" width=\"100%\" height=\"100%\" alt=\"Foto AFP\"><figcaption> Foto: AFP. <\/figcaption><\/figure>\n<p>Mile<strong>i lleg\u00f3 al Vaticano con unos 10 minutos de retraso <\/strong>ya que se baj\u00f3 del auto en el que se dirig\u00eda para sacarse fotos con peregrinos argentinos que lo esperaban frente a la embajada argentina en la Via della Conciliazione romana.<\/p>\n<p>El Presidente ya hab\u00eda invitado por carta al Papa para viajar a la Argentina y tambi\u00e9n la Conferencia Episcopal Argentina, que encabeza el obispo de San Isidro, Oscar Ojea, le hizo llegar su invitaci\u00f3n a Francisco.<\/p>\n<figure class=\"mb-3\"><img loading=\"lazy\" data-src=\"http:\/\/hoycordobaweb.com\/wp-content\/uploads\/2024\/02\/los-detalles-del-primer-encuentro-de-milei-y-francisco-en-el-vaticano-11.jpg\" src=\"https:\/\/www.telam.com.ar\/assets\/img\/not_image.png\" class=\" lazy \" width=\"100%\" height=\"100%\" alt=\"Foto Prensa\"><figcaption> Foto: Prensa. <\/figcaption><\/figure>\n<p><strong>El posible viaje del Papa a la Argentina podr\u00eda darse entre septiembre y noviembre<\/strong>, despu\u00e9s de una gira de entre 10 y 12 d\u00edas que Francisco tiene prevista para fines de agosto a Pap\u00faa Nueva Guinea y pa\u00edses del sudeste asi\u00e1tico, y tras el s\u00ednodo dedicado a la sinodalidad que se har\u00e1 en el Vaticano en octubre y al que Bergoglio asistir\u00e1 de forma completa junto a obispos y cardenales de todo el mundo.<\/p>\n<figure class=\"mb-3\"><img loading=\"lazy\" data-src=\"http:\/\/hoycordobaweb.com\/wp-content\/uploads\/2024\/02\/los-detalles-del-primer-encuentro-de-milei-y-francisco-en-el-vaticano-12.jpg\" src=\"https:\/\/www.telam.com.ar\/assets\/img\/not_image.png\" class=\" lazy \" width=\"100%\" height=\"100%\" alt=\"Foto AFP\"><figcaption> Foto: AFP. <\/figcaption><\/figure>\n<p>En caso de realizarse, el viaje a Argentina incluir\u00eda tambi\u00e9n a Uruguay, seg\u00fan le dijo d\u00edas atr\u00e1s el Papa al arzobispo de Montevideo, el cardenal Daniel Sturla.<\/p>\n<p><strong>\u00abSi voy a Argentina, voy a Uruguay\u00bb<\/strong>, avis\u00f3 Francisco. Adem\u00e1s, obispos espa\u00f1oles han invitado a Francisco para que haya una escala en Canarias en caso de un eventual viaje al pa\u00eds.<\/p>\n<figure class=\"mb-3\"><img loading=\"lazy\" data-src=\"http:\/\/hoycordobaweb.com\/wp-content\/uploads\/2024\/02\/los-detalles-del-primer-encuentro-de-milei-y-francisco-en-el-vaticano-13.jpg\" src=\"https:\/\/www.telam.com.ar\/assets\/img\/not_image.png\" class=\" lazy \" width=\"100%\" height=\"100%\" alt=\"Foto AFP\"><figcaption> Foto: AFP. <\/figcaption><\/figure>\n<p>Tras ver a Francisco,<strong> Milei se reunir\u00e1 esta tarde con el presidente italiano, Sergio Mattarella, y con la primer ministra del pa\u00eds europeo, Giorgia Meloni&nbsp;<\/strong>antes de partir la noche de este lunes de regreso hacia Buenos Aires. <\/p>\n","protected":false},"excerpt":{"rendered":"<p>Foto: Prensa. El presidente Javier Milei se reuni\u00f3 este lunes en el Vaticano con el papa Francisco en un encuentro de una hora, en la primera reuni\u00f3n privada entre ambos luego de los saludos que se intercambiaron este domingo en la canonizaci\u00f3n de la flamante santa argentina Mama Antula y tras la cual el mandatario [&hellip;]<\/p>\n","protected":false},"author":1,"featured_media":73304,"comment_status":"open","ping_status":"closed","sticky":false,"template":"","format":"standard","meta":[],"categories":[19],"tags":[],"_links":{"self":[{"href":"http:\/\/hoycordobaweb.com\/index.php\/wp-json\/wp\/v2\/posts\/73303"}],"collection":[{"href":"http:\/\/hoycordobaweb.com\/index.php\/wp-json\/wp\/v2\/posts"}],"about":[{"href":"http:\/\/hoycordobaweb.com\/index.php\/wp-json\/wp\/v2\/types\/post"}],"author":[{"embeddable":true,"href":"http:\/\/hoycordobaweb.com\/index.php\/wp-json\/wp\/v2\/users\/1"}],"replies":[{"embeddable":true,"href":"http:\/\/hoycordobaweb.com\/index.php\/wp-json\/wp\/v2\/comments?post=73303"}],"version-history":[{"count":0,"href":"http:\/\/hoycordobaweb.com\/index.php\/wp-json\/wp\/v2\/posts\/73303\/revisions"}],"wp:featuredmedia":[{"embeddable":true,"href":"http:\/\/hoycordobaweb.com\/index.php\/wp-json\/wp\/v2\/media\/73304"}],"wp:attachment":[{"href":"http:\/\/hoycordobaweb.com\/index.php\/wp-json\/wp\/v2\/media?parent=73303"}],"wp:term":[{"taxonomy":"category","embeddable":true,"href":"http:\/\/hoycordobaweb.com\/index.php\/wp-json\/wp\/v2\/categories?post=73303"},{"taxonomy":"post_tag","embeddable":true,"href":"http:\/\/hoycordobaweb.com\/index.php\/wp-json\/wp\/v2\/tags?post=73303"}],"curies":[{"name":"wp","href":"https:\/\/api.w.org\/{rel}","templated":true}]}}