{"id":73287,"date":"2024-02-12T11:30:43","date_gmt":"2024-02-12T11:30:43","guid":{"rendered":"https:\/\/www.ole.com.ar\/futbol-internacional\/america\/declaraciones-jorge-almiron-colo-colo-incidentes-pinera-policia-final-supercopa-chile-vs-huachipato_0_OIFfHQR5Be.html"},"modified":"2024-02-12T11:30:43","modified_gmt":"2024-02-12T11:30:43","slug":"la-suplica-de-un-jorge-almiron-quien-quedo-a-12-minutos-de-salir-campeon","status":"publish","type":"post","link":"http:\/\/hoycordobaweb.com\/index.php\/2024\/02\/12\/la-suplica-de-un-jorge-almiron-quien-quedo-a-12-minutos-de-salir-campeon\/","title":{"rendered":"La s\u00faplica de un Jorge Almir\u00f3n quien qued\u00f3 a 12 minutos de salir campe\u00f3n"},"content":{"rendered":"<p><img src=\"http:\/\/hoycordobaweb.com\/wp-content\/uploads\/2024\/02\/la-suplica-de-un-jorge-almiron-quien-quedo-a-12-minutos-de-salir-campeon.jpg\"><\/p>\n<p><time class=\"createDate\" datetime=\"2024-02-12T08:30:43-03:00\">12\/02\/2024 08:30hs.<\/time><\/p>\n<div id=\"storyBody\">\n<div class=\"custom-text \" readability=\"42.231454005935\">\n<p>Faltaban apenas 12 minutos para <strong><a href=\"https:\/\/www.ole.com.ar\/tema\/jorge-almiron.html\" title=\"Jorge Almir\u00f3n\" alt=\"Jorge Almir\u00f3n\" class=\"slug\">Jorge Francisco Almir\u00f3n<\/a><\/strong>, en su primer partido oficial, sumase una nueva estrella de campe\u00f3n en su palmar\u00e9s de entrenador. Ten\u00eda tres, con Lan\u00fas, conseguidas en ocho meses durante 2016 y 2017. Desde all\u00ed para ac\u00e1, nada. Pudo haber roto la racha, por ejemplo, en la final de la <strong><a href=\"https:\/\/www.ole.com.ar\/tema\/copa-libertadores.html\" title=\"Copa Libertadores\" alt=\"Copa Libertadores\" class=\"slug\">Copa Libertadores<\/a><\/strong> con Boca. Pero <strong><a href=\"https:\/\/www.ole.com.ar\/futbol-internacional\/libertadores\/boca-vs-fluminense-hoy-vivo-online-final-copa-libertadores-2023-hora-ver-formaciones_0_BOSfJtgX4l.html\" target=\"_self\" title=\"Fluminense, en Maracan\u00e1, le dijo que no\" alt=\"Fluminense, en Maracan\u00e1, le dijo que no\" rel=\"noopener noreferrer\">Fluminense, en Maracan\u00e1, le dijo que no<\/a><\/strong>. Ahora, como nuevo DT de Colo Colo, pudo haberse llevado este domingo la Supercopa chilena. Es m\u00e1s,<strong> le ganaba 2-0 a Huachipato pero la definici\u00f3n se suspendi\u00f3 a los 78&#8242; por los incidentes <\/strong>ocasionados por la barra del Cacique. S\u00ed, su propia hinchada. Ahora todo qued\u00f3 en veremos&#8230;<\/p>\n<\/div>\n<div class=\"custom-text \" readability=\"42\">\n<p>\u201cNos dedicamos con mucha seriedad a jugar la final. Sacamos una ventaja imporante. Arrancamos ansiosos y despu\u00e9s nos fuimos tranquilizando. En nuestro mejor momento, el partido se suspende. Quer\u00edamos seguir jugando. Ahora esperemos la resoluci\u00f3n.<strong> Ojal\u00e1 que<\/strong> sea la normal, que<strong> se jueguen los minutos que faltan. <\/strong>Es lo adecuado para sentar un buen precedente en este tipo de definiciones porque esto puede repetirse en cualquier otra cancha. En una final, cuando una parcialidad hace que se suspenda el partido, le dan ganador al equipo perjudicado. Ojal\u00e1 que se pueda jugar&#8230;\u201d, fue la reflexi\u00f3n del ex entrenador de Defensa y Justicia, Godoy Cruz, Independiente y San Lorenzo.<\/p>\n<\/div>\n<div class=\"sc-e7b891c4-0 jPbnQF\"><img alt=\"El Colo Colo de Jorge Almir\u00f3n derrotaba 2-0 al Huachipato de Javier Sanguinetti pero...\" src=\"http:\/\/hoycordobaweb.com\/wp-content\/uploads\/2024\/02\/la-suplica-de-un-jorge-almiron-quien-quedo-a-12-minutos-de-salir-campeon-2.jpg\" width=\"720\" height=\"100\" decoding=\"async\" data-nimg=\"future\" loading=\"lazy\"><span class=\"epigraphe\">El Colo Colo de Jorge Almir\u00f3n derrotaba 2-0 al Huachipato de Javier Sanguinetti pero&#8230;<\/span><\/div>\n<p><h2><strong>\u00bfQu\u00e9 pas\u00f3 en el estadio Nacional de Santiago?<\/strong><\/h2>\n<\/p>\n<div class=\"custom-text \" readability=\"40\">\n<p>Para el f\u00fatbol deb\u00eda ser una fiesta: la vuelta de <strong>Arturo Vidal<\/strong>, jugador emblema de la selecci\u00f3n en los \u00faltimos 15 a\u00f1os, a <strong>Colo Colo<\/strong>, en la disputa de la Supercopa ante el Huachipato de Javier &#8216;Archu&#8217; Sanguinetti, en el estadio Nacional, que se reabr\u00eda al p\u00fablico luego de 500 d\u00edas de refacciones para un parque que se usar\u00e1 en los Juegos Panamericanos.<\/p>\n<\/div>\n<div class=\"custom-text \" readability=\"34.20640569395\">\n<p>El equipo de <a href=\"https:\/\/www.ole.com.ar\/tema\/jorge-almiron.html\" title=\"Jorge Almir\u00f3n\" alt=\"Jorge Almir\u00f3n\" class=\"slug\">Jorge Almir\u00f3n<\/a> ganaba 2 a 0 con un gol de Carlos Palacios, el delantero que quiso incorporar Boca en el \u00faltimo mercado de pases, y de Vidal de penal. Todo estaba instalado para que el equipo m\u00e1s popular del pa\u00eds fuera campe\u00f3n en el arranque de la temporada 2024&#8230;<\/p>\n<\/div>\n<div class=\"custom-text \" readability=\"35\">\n<p>\u00bfQu\u00e9 fue lo que ocurri\u00f3? <strong>Los hinchas de Colo Colo hab\u00edan desplegado una bandera que dec\u00eda Pi\u00f1era y Blanco y Negro enemigos del pueblo. <\/strong>Recordar: el fallecido presidente de Chile hab\u00eda sido el principal accionista de la gerenciadora que condujo al club antes de ser jefe de Estado. Los guardias y carabineros obligaron a los barras a retirar ese elemento. Y all\u00ed comenzaron los problemas. <\/p>\n<\/div>\n<div class=\"sc-e7b891c4-0 jPbnQF\"><img alt=\"La bandera que gener\u00f3 la violencia.\" src=\"http:\/\/hoycordobaweb.com\/wp-content\/uploads\/2024\/02\/la-suplica-de-un-jorge-almiron-quien-quedo-a-12-minutos-de-salir-campeon-3.jpg\" width=\"720\" height=\"100\" decoding=\"async\" data-nimg=\"future\" loading=\"lazy\"><span class=\"epigraphe\">La bandera que gener\u00f3 la violencia.<\/span><\/div>\n<div class=\"custom-text \" readability=\"39\">\n<p>El primer aviso vino en el entretiempo. Hinchas de la Garra Blanca comenzaron a destruir butacas y lanzarlas al campo. Luego, tras forzar una reja, algunos ingresaron hasta la pista atl\u00e9tica. Los desmanes continuaron y los violentos se negaban a regresar a las tribunas. Finalmente, los polic\u00edas los obligaron a regresar. Desde los altoparlantes, se hab\u00eda advertido a los revoltosos que el partido corr\u00eda riesgo de suspenderse. Hasta Vidal hab\u00eda intentado tranquilizar a los v\u00e1ndalos&#8230;<\/p>\n<\/div>\n<div class=\"custom-text \" readability=\"41\">\n<p>El partido se reanud\u00f3, pero a los 32 minutos del segundo tiempo, ante nuevos incidentes, el refer\u00ed Jos\u00e9 Cabero decidi\u00f3 suspenderlo. Eso no calm\u00f3 a los barras, que prendieron fuego una de las tribunas cabeceras, precisamente en la que se hab\u00eda ubicado la conducci\u00f3n de Garra Blanca. La zona que incendiaron es cercana a un memorial que recuerda a las v\u00edctimas de la dictadura de Pinochet, ya que ese lugar se utiliz\u00f3 para torturar a los detenidos.<\/p>\n<\/div>\n<div class=\"custom-text \" readability=\"35\">\n<p>Ya antes del partido, cuando hubo un minuto de silencio en homenaje a Pi\u00f1era, los barras hab\u00edan insultado al pol\u00edtico fallecido esta semana. <\/p>\n<\/div>\n<div class=\"custom-text \" readability=\"34\">\n<p>Este lunes habra una reuni\u00f3n de autoridades para definir cu\u00e1ndo se juegan los diez minutos finales. Tambi\u00e9n, el escenario y si es a puertas cerradas&#8230;<\/p>\n<\/div>\n<p><h2><strong>\u00bfQu\u00e9 dijo Arturo Vidal?<\/strong><\/h2>\n<\/p>\n<div class=\"custom-text \" readability=\"41\">\n<p><strong>Arturo Vidal<\/strong> busco calmar a los hinchas que se encontraban en la pista atl\u00e9tica del estadio, pero continuaron los incidentes. \u00abLa violencia no le puede ganar al f\u00fatbol, era innecesario terminar el partido, da mucha rabia, estas cosas echan a perder el f\u00fatbol, pero hay que analizar bien lo que pas\u00f3\u00bb, indic\u00f3 Vidal.<\/p>\n<\/div>\n<div class=\"custom-text \" readability=\"38\">\n<p>\u00abEsto no puede seguir ensuciando el f\u00fatbol, no puede ser tan grave esto en nuestro pa\u00eds. Quer\u00edamos ser campeones, est\u00e1bamos haciendo un gran partido, nos est\u00e1bamos quedando con el t\u00edtulo\u00bb, agreg\u00f3 el Rey.<\/p>\n<\/div>\n<p><h2><strong>\u00bfDe qu\u00e9 se trataba la definici\u00f3n entre Colo Colo y Huachipato?<\/strong><\/h2>\n<\/p>\n<div class=\"custom-text \" readability=\"34\">\n<p>La Supercopa de Chile es una competici\u00f3n oficial de f\u00fatbol profesional de Chile, que se disputa anualmente entre los clubes campeones de la Primera Divisi\u00f3n y de la Copa Chile de cada temporada.<\/p>\n<\/div>\n<div class=\"custom-text \" readability=\"35\">\n<p>Es organizada por la ANFP, perteneciente a la Federaci\u00f3n de F\u00fatbol de Chile, y se juega desde el a\u00f1o 2013.<\/p>\n<\/div>\n<p><h2><strong> Im\u00e1genes de la violencia<\/strong><\/h2>\n<\/p>\n<div class=\"sc-e7b891c4-0 jPbnQF\"><img alt=\"Hinchas de Colo Colo saltan una reja hacia la cancha.\" src=\"http:\/\/hoycordobaweb.com\/wp-content\/uploads\/2024\/02\/la-suplica-de-un-jorge-almiron-quien-quedo-a-12-minutos-de-salir-campeon-4.jpg\" width=\"720\" height=\"100\" decoding=\"async\" data-nimg=\"future\" loading=\"lazy\"><span class=\"epigraphe\">Hinchas de Colo Colo saltan una reja hacia la cancha.<\/span><\/div>\n<div class=\"sc-e7b891c4-0 jPbnQF\"><img alt=\"Miembros de la Polic\u00eda intentan controlar a un grupo de hinchas de Colo Colo.\" src=\"http:\/\/hoycordobaweb.com\/wp-content\/uploads\/2024\/02\/la-suplica-de-un-jorge-almiron-quien-quedo-a-12-minutos-de-salir-campeon-5.jpg\" width=\"720\" height=\"100\" decoding=\"async\" data-nimg=\"future\" loading=\"lazy\"><span class=\"epigraphe\">Miembros de la Polic\u00eda intentan controlar a un grupo de hinchas de Colo Colo.<\/span><\/div>\n<div class=\"sc-e7b891c4-0 jPbnQF\"><img alt=\"El fuego provocado por los hinchas de Colo Colo.\" src=\"http:\/\/hoycordobaweb.com\/wp-content\/uploads\/2024\/02\/la-suplica-de-un-jorge-almiron-quien-quedo-a-12-minutos-de-salir-campeon-6.jpg\" width=\"720\" height=\"100\" decoding=\"async\" data-nimg=\"future\" loading=\"lazy\"><span class=\"epigraphe\">El fuego provocado por los hinchas de Colo Colo.<\/span><\/div>\n<div class=\"sc-e7b891c4-0 jPbnQF\"><img alt=\" Polic\u00edas protegen a un hombre herido en su cabeza durante los incidentes provocados por hinchas de Colo Colo.\" src=\"http:\/\/hoycordobaweb.com\/wp-content\/uploads\/2024\/02\/la-suplica-de-un-jorge-almiron-quien-quedo-a-12-minutos-de-salir-campeon-7.jpg\" width=\"720\" height=\"100\" decoding=\"async\" data-nimg=\"future\" loading=\"lazy\"><span class=\"epigraphe\"> Polic\u00edas protegen a un hombre herido en su cabeza durante los incidentes provocados por hinchas de Colo Colo.<\/span><\/div>\n<div class=\"sc-e7b891c4-0 jPbnQF\"><img alt=\"Un foco de fuego en una de las tribunas.\" src=\"http:\/\/hoycordobaweb.com\/wp-content\/uploads\/2024\/02\/la-suplica-de-un-jorge-almiron-quien-quedo-a-12-minutos-de-salir-campeon-8.jpg\" width=\"720\" height=\"100\" decoding=\"async\" data-nimg=\"future\" loading=\"lazy\"><span class=\"epigraphe\">Un foco de fuego en una de las tribunas.<\/span><\/div>\n<p><h2><strong>Los barras forzando la reja<\/strong><\/h2>\n<\/p>\n<div type=\"embed\" class=\"sc-7ce6049-0 dwIKul\">\n<div class=\"sc-7ce6049-1 bdcBBS videoText\" id=\"contentTitleembedmz4YgpSN\" type=\"embed\"><svg fill=\"#ffffff\"><symbol id=\"play\" viewBox=\"0 0 512 512\"><path d=\"M512 256C512 397.4 397.4 512 256 512C114.6 512 0 397.4 0 256C0 114.6 114.6 0 256 0C397.4 0 512 114.6 512 256zM176 168V344C176 352.7 180.7 360.7 188.3 364.9C195.8 369.2 205.1 369 212.5 364.5L356.5 276.5C363.6 272.1 368 264.4 368 256C368 247.6 363.6 239.9 356.5 235.5L212.5 147.5C205.1 142.1 195.8 142.8 188.3 147.1C180.7 151.3 176 159.3 176 168V168z\" \/><\/symbol><use xlink:href=\"#play\" \/><\/svg><\/p>\n<div class=\"right\">\n<p>colo colo<!-- --> &#8211;<!-- --> <span>12-2-2024<\/span><\/p>\n<h2 class=\"title-vid\">Los incidentes de los barras de Colo Colo <\/h2>\n<\/div>\n<\/div>\n<p><span class=\"back\" id=\"spanBackembedmz4YgpSN\"><\/span><\/div>\n<p><h2><strong>El video del incendio<\/strong><\/h2>\n<\/p>\n<div type=\"embed\" class=\"sc-7ce6049-0 dwIKul\">\n<div class=\"sc-7ce6049-1 bdcBBS videoText\" id=\"contentTitleembedth2AM05U\" type=\"embed\"><svg fill=\"#ffffff\"><symbol id=\"play\" viewBox=\"0 0 512 512\"><path d=\"M512 256C512 397.4 397.4 512 256 512C114.6 512 0 397.4 0 256C0 114.6 114.6 0 256 0C397.4 0 512 114.6 512 256zM176 168V344C176 352.7 180.7 360.7 188.3 364.9C195.8 369.2 205.1 369 212.5 364.5L356.5 276.5C363.6 272.1 368 264.4 368 256C368 247.6 363.6 239.9 356.5 235.5L212.5 147.5C205.1 142.1 195.8 142.8 188.3 147.1C180.7 151.3 176 159.3 176 168V168z\" \/><\/symbol><use xlink:href=\"#play\" \/><\/svg><\/p>\n<div class=\"right\">\n<p>colo colo<!-- --> &#8211;<!-- --> <span>12-2-2024<\/span><\/p>\n<h2 class=\"title-vid\">Los hinchas de Colo Colo quemaron una tribuna<\/h2>\n<\/div>\n<\/div>\n<p><span class=\"back\" id=\"spanBackembedth2AM05U\"><\/span><\/div>\n<p><h2><strong>El gol de Arturo Vidal<\/strong><\/h2>\n<\/p>\n<div type=\"embed\" class=\"sc-7ce6049-0 dwIKul\">\n<div class=\"sc-7ce6049-1 bdcBBS videoText\" id=\"contentTitleembedngzTUfxz\" type=\"embed\"><svg fill=\"#ffffff\"><symbol id=\"play\" viewBox=\"0 0 512 512\"><path d=\"M512 256C512 397.4 397.4 512 256 512C114.6 512 0 397.4 0 256C0 114.6 114.6 0 256 0C397.4 0 512 114.6 512 256zM176 168V344C176 352.7 180.7 360.7 188.3 364.9C195.8 369.2 205.1 369 212.5 364.5L356.5 276.5C363.6 272.1 368 264.4 368 256C368 247.6 363.6 239.9 356.5 235.5L212.5 147.5C205.1 142.1 195.8 142.8 188.3 147.1C180.7 151.3 176 159.3 176 168V168z\" \/><\/symbol><use xlink:href=\"#play\" \/><\/svg><\/p>\n<div class=\"right\">\n<p>arturo vidal<!-- --> &#8211;<!-- --> <span>12-2-2024<\/span><\/p>\n<h2 class=\"title-vid\">El primer gol de Vidal en Colo Colo<\/h2>\n<\/div>\n<\/div>\n<p><span class=\"back\" id=\"spanBackembedngzTUfxz\"><\/span><\/div>\n<p><h2><strong>Video: las palabras de Jorge Almir\u00f3n despu\u00e9s de los incidentes<\/strong><\/h2>\n<\/p>\n<div type=\"embed\" class=\"sc-7ce6049-0 dwIKul\">\n<div class=\"sc-7ce6049-1 bdcBBS videoText\" id=\"contentTitleembedm8wxZ8RE\" type=\"embed\" readability=\"56\"><svg fill=\"#ffffff\"><symbol id=\"play\" viewBox=\"0 0 512 512\"><path d=\"M512 256C512 397.4 397.4 512 256 512C114.6 512 0 397.4 0 256C0 114.6 114.6 0 256 0C397.4 0 512 114.6 512 256zM176 168V344C176 352.7 180.7 360.7 188.3 364.9C195.8 369.2 205.1 369 212.5 364.5L356.5 276.5C363.6 272.1 368 264.4 368 256C368 247.6 363.6 239.9 356.5 235.5L212.5 147.5C205.1 142.1 195.8 142.8 188.3 147.1C180.7 151.3 176 159.3 176 168V168z\" \/><\/symbol><use xlink:href=\"#play\" \/><\/svg><\/p>\n<div class=\"right\" readability=\"7\">\n<p>Jorge Almir\u00f3n<!-- --> &#8211;<!-- --> <span>12-2-2024<\/span><\/p>\n<h2 class=\"title-vid\">La reflexi\u00f3n de Jorge Almir\u00f3n despu\u00e9s de los incidentes que suspendieron la Supercopa chilena<\/h2>\n<\/div>\n<\/div>\n<p><span class=\"back\" id=\"spanBackembedm8wxZ8RE\"><\/span><\/div>\n<div class=\"sc-a7166897-0 exHLBh\" readability=\"6.5\">\n<section readability=\"3\"><picture><img alt=\"Otra esc\u00e1ndalo en el Ascenso: agredieron a los \u00e1rbitros de una de las finales del Regional Amateur\" src=\"http:\/\/hoycordobaweb.com\/wp-content\/uploads\/2024\/02\/la-suplica-de-un-jorge-almiron-quien-quedo-a-12-minutos-de-salir-campeon-9.jpg\" width=\"290\" height=\"290\" decoding=\"async\" data-nimg=\"future\" loading=\"lazy\"><\/picture>\n<p><span>Mir\u00e1 tambi\u00e9n<\/span><\/p>\n<hr>\n<h3>Otra esc\u00e1ndalo en el Ascenso: agredieron a los \u00e1rbitros de una de las finales del Regional Amateur<\/h3>\n<\/p>\n<\/section>\n<\/div>\n<div class=\"sc-a7166897-0 exHLBh\" readability=\"6\">\n<section readability=\"2\"><picture><img alt=\"Video: la dura entrada de Luis Caicedo en Per\u00fa\" src=\"http:\/\/hoycordobaweb.com\/wp-content\/uploads\/2024\/02\/la-suplica-de-un-jorge-almiron-quien-quedo-a-12-minutos-de-salir-campeon-10.jpg\" width=\"290\" height=\"290\" decoding=\"async\" data-nimg=\"future\" loading=\"lazy\"><\/picture>\n<p><span>Mir\u00e1 tambi\u00e9n<\/span><\/p>\n<hr>\n<h3>Video: la dura entrada de Luis Caicedo en Per\u00fa<\/h3>\n<\/p>\n<\/section>\n<\/div>\n<div class=\"sc-a7166897-0 exHLBh\" readability=\"6\">\n<section readability=\"2\"><picture><img alt=\"Mascherano: del &quot;yo no tengo nada que ver&quot; a las &quot;puertas abiertas para Messi&quot;\" src=\"http:\/\/hoycordobaweb.com\/wp-content\/uploads\/2024\/02\/la-suplica-de-un-jorge-almiron-quien-quedo-a-12-minutos-de-salir-campeon-11.jpg\" width=\"290\" height=\"290\" decoding=\"async\" data-nimg=\"future\" loading=\"lazy\"><\/picture>\n<p><span>Mir\u00e1 tambi\u00e9n<\/span><\/p>\n<hr>\n<h3>Mascherano: del \u00abyo no tengo nada que ver\u00bb a las \u00abpuertas abiertas para Messi\u00bb<\/h3>\n<\/p>\n<\/section>\n<\/div>\n<\/div>\n","protected":false},"excerpt":{"rendered":"<p>12\/02\/2024 08:30hs. Faltaban apenas 12 minutos para Jorge Francisco Almir\u00f3n, en su primer partido oficial, sumase una nueva estrella de campe\u00f3n en su palmar\u00e9s de entrenador. Ten\u00eda tres, con Lan\u00fas, conseguidas en ocho meses durante 2016 y 2017. Desde all\u00ed para ac\u00e1, nada. Pudo haber roto la racha, por ejemplo, en la final de la [&hellip;]<\/p>\n","protected":false},"author":1,"featured_media":73288,"comment_status":"open","ping_status":"closed","sticky":false,"template":"","format":"standard","meta":[],"categories":[16],"tags":[],"_links":{"self":[{"href":"http:\/\/hoycordobaweb.com\/index.php\/wp-json\/wp\/v2\/posts\/73287"}],"collection":[{"href":"http:\/\/hoycordobaweb.com\/index.php\/wp-json\/wp\/v2\/posts"}],"about":[{"href":"http:\/\/hoycordobaweb.com\/index.php\/wp-json\/wp\/v2\/types\/post"}],"author":[{"embeddable":true,"href":"http:\/\/hoycordobaweb.com\/index.php\/wp-json\/wp\/v2\/users\/1"}],"replies":[{"embeddable":true,"href":"http:\/\/hoycordobaweb.com\/index.php\/wp-json\/wp\/v2\/comments?post=73287"}],"version-history":[{"count":0,"href":"http:\/\/hoycordobaweb.com\/index.php\/wp-json\/wp\/v2\/posts\/73287\/revisions"}],"wp:featuredmedia":[{"embeddable":true,"href":"http:\/\/hoycordobaweb.com\/index.php\/wp-json\/wp\/v2\/media\/73288"}],"wp:attachment":[{"href":"http:\/\/hoycordobaweb.com\/index.php\/wp-json\/wp\/v2\/media?parent=73287"}],"wp:term":[{"taxonomy":"category","embeddable":true,"href":"http:\/\/hoycordobaweb.com\/index.php\/wp-json\/wp\/v2\/categories?post=73287"},{"taxonomy":"post_tag","embeddable":true,"href":"http:\/\/hoycordobaweb.com\/index.php\/wp-json\/wp\/v2\/tags?post=73287"}],"curies":[{"name":"wp","href":"https:\/\/api.w.org\/{rel}","templated":true}]}}