{"id":73275,"date":"2024-02-11T12:54:01","date_gmt":"2024-02-11T12:54:01","guid":{"rendered":"https:\/\/ladecimaweb.com\/?p=25014"},"modified":"2024-02-11T12:54:01","modified_gmt":"2024-02-11T12:54:01","slug":"policia-sanjuanino-acribilla-a-un-camionero-por-una-contravencion","status":"publish","type":"post","link":"http:\/\/hoycordobaweb.com\/index.php\/2024\/02\/11\/policia-sanjuanino-acribilla-a-un-camionero-por-una-contravencion\/","title":{"rendered":"Polic\u00eda sanjuanino acribilla a un camionero por una contravenci\u00f3n"},"content":{"rendered":"<div class=\"boldgrid-section\">\n<div class=\"container\">\n<div class=\"row\">\n<div class=\"col-md-12 col-xs-12 col-sm-12\">\n<p class><span>(T\u00e9lam) Un camionero de 37 a\u00f1os fue asesinado a balazos durante una persecuci\u00f3n de 20 kil\u00f3metros por una ruta sanjuanina, luego de que polic\u00edas intentaron llevarlo a la comisar\u00eda por una &#8220;contravenci\u00f3n&#8221;, y<\/span><strong><span>&nbsp;<\/span>por el homicidio detuvieron a uno de los efectivos que efectu\u00f3 al menos 16 disparos<span>&nbsp;<\/span><\/strong><span>contra el veh\u00edculo, informaron fuentes judiciales y de la fuerza.<\/span><\/p>\n<p><span>El hecho ocurri\u00f3 este viernes por la noche, alrededor de las 23, en la ruta provincial 510, a unos 20 kil\u00f3metros al sur de la localidad de San Agust\u00edn del Valle F\u00e9rtil, donde la v\u00edctima, identificada como Federico Gast\u00f3n Orihuela, fue atacada a tiros.<\/span><\/p>\n<p><iframe loading=\"lazy\" src=\"https:\/\/www.google.com\/maps\/embed?pb=!1m18!1m12!1m3!1d738935.553309392!2d-67.98787592018843!3d-30.64502872454692!2m3!1f0!2f0!3f0!3m2!1i1024!2i768!4f13.1!3m3!1m2!1s0x968208af8e9af083%3A0x6e8e78dc7a18919!2sRP510%2C%20San%20Juan!5e0!3m2!1ses-419!2sar!4v1707596724487!5m2!1ses-419!2sar\" width=\"600\" height=\"450\" allowfullscreen=\"allowfullscreen\" data-mce-fragment=\"1\"><\/iframe><br \/>\n<span>Fuentes policiales y judiciales informaron a T\u00e9lam que todo comenz\u00f3 cuando&nbsp;<\/span><strong>personal de la comisar\u00eda 12<span>&nbsp;<\/span><\/strong><span>intent\u00f3 llevar a la dependencia al hombre que manejaba un&nbsp;<\/span><strong>Mercedes Benz modelo 1518,<\/strong><span>&nbsp;dominio RMT840, debido a una&nbsp;<\/span><strong>presunta &#8220;contravenci\u00f3n&#8221;.<\/strong><\/p>\n<p><span>&#8220;Hubo un inicio de una contravenci\u00f3n, hay una orden de la autoridad policial de alto y detenci\u00f3n, es lo que genera la fuga y la persecuci\u00f3n&#8221;, explic\u00f3 en una conferencia de prensa el fiscal coordinador Iv\u00e1n Grassi que dio en los Tribunales junto al fiscal de Delitos Especiales, Francisco Pizarro, y al jefe de la Polic\u00eda de San Juan, comisario general Eduardo Lirola.<\/span><\/p>\n<p><span>Ante esa situaci\u00f3n,&nbsp;<\/span><strong>tres polic\u00edas a bordo de un patrullero comenzaron la persecuci\u00f3<\/strong><span>n a la que se fueron sumando otros m\u00f3viles.<\/span><\/p>\n<p><span>Seg\u00fan las fuentes, el oficial Ricardo Rodr\u00edguez iba en el asiento del acompa\u00f1ante y primero efectu\u00f3 un disparo de advertencia con un arma larga AT, pero el conductor hizo caso omiso.<\/span><\/p>\n<p><strong>&#8220;Estamos hablando de veinte kil\u00f3metros que dur\u00f3 esta persecuci\u00f3n y que solamente dispar\u00f3 un funcionario policial hacia el cami\u00f3n&#8221;<\/strong><span>, agreg\u00f3 el fiscal.<\/span><\/p>\n<p><span>En ese marco, Rodr\u00edguez tom\u00f3 su arma reglamentaria, con la que realiz\u00f3 m\u00faltiples disparos contra la parte trasera del cami\u00f3n hasta vaciar el cargador.<\/span><\/p>\n<blockquote class>\n<p>El polic\u00eda qued\u00f3&nbsp;internado bajo custodia en un hospital&nbsp;sanjuanino debido a que sufri\u00f3 una&nbsp;fractura de mu\u00f1eca, pero todav\u00eda no se sab\u00eda c\u00f3mo se produjo esa lesi\u00f3n.<\/p>\n<\/blockquote>\n<p class>\n<span>Tras ello, el efectivo us\u00f3 el arma del chofer y le dijo que rebasara al veh\u00edculo conducido por la v\u00edctima.<\/span><\/p>\n<p><span>De acuerdo a lo informado,&nbsp;<\/span><strong>Rodr\u00edguez efectu\u00f3 m\u00e1s disparos al lateral y al frente del cami\u00f3n<\/strong><span>, por lo que&nbsp;<\/span><strong>Orihuela sufri\u00f3 varias heridas<span>&nbsp;<\/span><\/strong><span>que le provocaron salir despedido del habit\u00e1culo.<\/span><\/p>\n<p><span>&#8220;<\/span><strong>El cuerpo termina despedido en la banquina y el cami\u00f3n atravesando la ruta hasta impactar a un veh\u00edculo que ven\u00eda en sentido contrario&#8221;,<\/strong><span>&nbsp;asegur\u00f3 el fiscal.<\/span><\/p>\n<p><span>Ese choque fue con un&nbsp;<\/span><strong>Volkswagen Gol<span>&nbsp;<\/span><\/strong><span>blanco en el que iban<\/span><strong><span>&nbsp;<\/span>cuatro ocupantes<\/strong><span>&nbsp;a bordo que&nbsp;<\/span><strong>no sufrieron lesiones.<\/strong><\/p>\n<p><span>Grassi sostuvo que &#8220;se han contado&nbsp;<\/span><strong>diecis\u00e9is impactos en el cami\u00f3n,<\/strong><span>&nbsp;eso incluye la parte de atr\u00e1s, el costado y el frente&#8221;, mientras que el cad\u00e1ver del camionero &#8220;tendr\u00eda cinco disparos&#8221;, aunque eso ser\u00e1 confirmado con la autopsia correspondiente.<\/span><\/p>\n<p><span>La fiscal\u00eda dispuso la&nbsp;<\/span><strong>aprehensi\u00f3n de Rodr\u00edguez<\/strong><span>, se\u00f1alado por haber sido el \u00fanico que efectu\u00f3 todos los disparos.<\/span><\/p>\n<p><span>Este polic\u00eda qued\u00f3&nbsp;<\/span><strong>internado bajo custodia en un hospital<\/strong><span>&nbsp;sanjuanino debido a que sufri\u00f3 una&nbsp;<\/span><strong>fractura de mu\u00f1eca<\/strong><span>, pero todav\u00eda no se sab\u00eda c\u00f3mo se produjo esa lesi\u00f3n.<\/span><\/p>\n<p><span>En tanto, los investigadores secuestraron un arma antitumulto, tres pistolas reglamentarias, el cami\u00f3n, un celular, el patrullero, 20.000 pesos y pertenencias de Orihuela, quien al parecer hab\u00eda sido contratado en la localidad de Caucete para la venta de melones.<\/span><\/p>\n<p><strong>Qui\u00e9n era la v\u00edctima<\/strong><\/p>\n<p class><span>&nbsp;&#8220;La v\u00edctima es de la provincia de La Rioja, de la localidad de Chepes, hab\u00eda estado unos d\u00edas en Valle F\u00e9rtil con amigos pero al momento del hecho estaba solo&#8221;, precis\u00f3 el fiscal y agreg\u00f3 que &#8220;<\/span><strong>el fallecido no ten\u00eda condenas, tendr\u00eda algunas contravenciones y una causa por contexto de g\u00e9nero en La Rioja&#8221;.<\/strong><\/p>\n<p><span>En tanto, el fiscal Pizarro aclar\u00f3 que personal de &#8220;Gendarmer\u00eda Nacional realiz\u00f3 un rastrillaje con perros adiestrados para la detecci\u00f3n de drogas que dio resultado negativo&#8221;.<\/span><\/p>\n<p><span>Por su parte, el jefe de la Polic\u00eda de San Juan indic\u00f3 que &#8220;no hubo tiroteo&#8221; y que se trat\u00f3 de un&nbsp;<\/span><strong>&#8220;hecho cho sin precedentes en la instituci\u00f3n policial&#8221;.<\/strong><\/p>\n<p><span>&#8220;Hac\u00eda muchos a\u00f1os que no ten\u00edamos un hecho de esta naturaleza. Esto es un hecho grave que enluta a la instituci\u00f3n policial&#8221;, afirm\u00f3.<\/span><\/p>\n<p><span>Respecto al polic\u00eda Rodr\u00edguez, el comisario general Lirola dijo que hicieron &#8220;una investigaci\u00f3n para establecer si ten\u00eda alg\u00fan signo de violencia y no se determin\u00f3 eso&#8221;.<\/span><\/p>\n<p><span>&#8220;El hombre est\u00e1 casado, con hijos, no ha tenido ning\u00fan tipo de problema con la familia, no se qu\u00e9 ha producido en \u00e9l este hecho de usar el arma contra alguien, no hab\u00eda peligro de vida ni de \u00e9l ni de terceros&#8221;, concluy\u00f3.<\/span><\/p>\n<p><span>En tanto,&nbsp;<\/span><strong>la pareja<\/strong><span>&nbsp;del hombre asesinado escribi\u00f3 en su Facebook: &#8220;<\/span><strong>Fede, mi amor me dej\u00e1s destrozada, mi beb\u00e9&#8221;.<\/strong><\/p>\n<p class>&nbsp;<\/p>\n<div class=\"ubm_banner\"><a href=\"https:\/\/www.cordobaturismo.gov.ar\/\" target=\"_blank\" rel=\"dofollow noopener noreferrer\"><img src=\"http:\/\/hoycordobaweb.com\/wp-content\/uploads\/2024\/02\/policia-sanjuanino-acribilla-a-un-camionero-por-una-contravencion.gif\" alt><\/a><\/div>\n<\/div>\n<\/div>\n<\/div>\n<\/div>\n<p>La entrada <a rel=\"nofollow\" href=\"https:\/\/ladecimaweb.com\/policia-sanjuanino-acribilla-a-un-camionero-por-una-contravencion\/\">Polic\u00eda sanjuanino acribilla a un camionero por una contravenci\u00f3n<\/a> se public\u00f3 primero en <a rel=\"nofollow\" href=\"https:\/\/ladecimaweb.com\">LaDecima<\/a>.<\/p>\n","protected":false},"excerpt":{"rendered":"<p>(T\u00e9lam) Un camionero de 37 a\u00f1os fue asesinado a balazos durante una persecuci\u00f3n de 20 kil\u00f3metros por una ruta sanjuanina, luego de que polic\u00edas intentaron llevarlo a la comisar\u00eda por una &#8220;contravenci\u00f3n&#8221;, y&nbsp;por el homicidio detuvieron a uno de los efectivos que efectu\u00f3 al menos 16 disparos&nbsp;contra el veh\u00edculo, informaron fuentes judiciales y de la [&hellip;]<\/p>\n","protected":false},"author":1,"featured_media":73276,"comment_status":"closed","ping_status":"closed","sticky":false,"template":"","format":"standard","meta":[],"categories":[19],"tags":[],"_links":{"self":[{"href":"http:\/\/hoycordobaweb.com\/index.php\/wp-json\/wp\/v2\/posts\/73275"}],"collection":[{"href":"http:\/\/hoycordobaweb.com\/index.php\/wp-json\/wp\/v2\/posts"}],"about":[{"href":"http:\/\/hoycordobaweb.com\/index.php\/wp-json\/wp\/v2\/types\/post"}],"author":[{"embeddable":true,"href":"http:\/\/hoycordobaweb.com\/index.php\/wp-json\/wp\/v2\/users\/1"}],"replies":[{"embeddable":true,"href":"http:\/\/hoycordobaweb.com\/index.php\/wp-json\/wp\/v2\/comments?post=73275"}],"version-history":[{"count":0,"href":"http:\/\/hoycordobaweb.com\/index.php\/wp-json\/wp\/v2\/posts\/73275\/revisions"}],"wp:featuredmedia":[{"embeddable":true,"href":"http:\/\/hoycordobaweb.com\/index.php\/wp-json\/wp\/v2\/media\/73276"}],"wp:attachment":[{"href":"http:\/\/hoycordobaweb.com\/index.php\/wp-json\/wp\/v2\/media?parent=73275"}],"wp:term":[{"taxonomy":"category","embeddable":true,"href":"http:\/\/hoycordobaweb.com\/index.php\/wp-json\/wp\/v2\/categories?post=73275"},{"taxonomy":"post_tag","embeddable":true,"href":"http:\/\/hoycordobaweb.com\/index.php\/wp-json\/wp\/v2\/tags?post=73275"}],"curies":[{"name":"wp","href":"https:\/\/api.w.org\/{rel}","templated":true}]}}