{"id":73227,"date":"2024-01-23T13:21:41","date_gmt":"2024-01-23T13:21:41","guid":{"rendered":"https:\/\/www.ole.com.ar\/futbol-internacional\/america\/diego-buonanotte-nuevo-refuerzo-ohiggins-futbol-chile-ex-jugador-river_0_qJejYMjwGI.html"},"modified":"2024-01-23T13:21:41","modified_gmt":"2024-01-23T13:21:41","slug":"una-ex-figura-de-river-jugara-en-su-tercer-equipo-del-futbol-chileno","status":"publish","type":"post","link":"http:\/\/hoycordobaweb.com\/index.php\/2024\/01\/23\/una-ex-figura-de-river-jugara-en-su-tercer-equipo-del-futbol-chileno\/","title":{"rendered":"Una ex figura de River jugar\u00e1 en su tercer equipo del f\u00fatbol chileno"},"content":{"rendered":"<p><img src=\"http:\/\/hoycordobaweb.com\/wp-content\/uploads\/2024\/01\/una-ex-figura-de-river-jugara-en-su-tercer-equipo-del-futbol-chileno.jpg\"><\/p>\n<p><time class=\"createDate\" datetime=\"2024-01-23T10:21:41-03:00\">23\/01\/2024 10:21hs.<\/time><time class=\"modificatedDate\" datetime=\"2024-01-23T10:34:38-03:00\"> Actualizado al 23\/01\/2024 10:34hs.<\/time><\/p>\n<div id=\"storyBody\">\n<div class=\"custom-text \" readability=\"10.092409240924\">\n<p>El cierre del mercado de pases en Chile y el inicio de torneo siguen sin tener una fecha estipulada y los clubes aprovechan la incertidumbre para seguir reforzando a sus planteles. Con esto en mente, <strong><a href=\"https:\/\/www.ole.com.ar\/tema\/diego-buonanotte.html\" title=\"Diego Buonanotte\" alt=\"Diego Buonanotte\" class=\"slug\">Diego Buonanotte<\/a> dej\u00f3 Uni\u00f3n la Calera para vestir su tercera camiseta en este pa\u00eds: la de <a href=\"https:\/\/www.ole.com.ar\/tema\/ohiggins.html\" title=\"O'Higgins\" alt=\"O'Higgins\" class=\"slug\">O&#8217;Higgins<\/a>.<\/strong><\/p>\n<\/div>\n<div class=\"custom-text \" readability=\"13\">\n<p>El argentino ex River, que jug\u00f3 siete a\u00f1os en Universidad Cat\u00f3lica, <strong>buscaba una salida de la Calera tras estar tan s\u00f3lo un a\u00f1o en el equipo.<\/strong> Si bien en las \u00faltimas semanas sonaba con fuerza su posible llegada a Universidad de Concepci\u00f3n, el Enano finalmente se decant\u00f3 por el Capo de Provincia.<\/p>\n<\/div>\n<div class=\"custom-text \" readability=\"13\">\n<p>\u00abO\u2019Higgins FC informa a sus socios, hinchas y a la opini\u00f3n p\u00fablica en general, <strong>la contrataci\u00f3n de un nuevo jugador para enfrentar los desaf\u00edos de la temporada 2024.<\/strong> Se trata del jugador Diego Mario Buonanotte Rende, de 35 a\u00f1os de edad\u00bb, anunci\u00f3 el club este lunes en su p\u00e1gina oficial.<\/p>\n<\/div>\n<div class=\"custom-text \" readability=\"12\">\n<p>En la web se destaca su extensa trayectoria, en la que adem\u00e1s de su experiencia en el f\u00fatbol chileno pas\u00f3 por clubes como el Millonario<strong> y Quilmes en la Argentina<\/strong>, M\u00e1laga y Granada en Espa\u00f1a, Pachuca y Dorados de Sinaloa en M\u00e9xico y Sporting Cristal en Per\u00fa.<\/p>\n<\/div>\n<div class=\"custom-text \" readability=\"11\">\n<p>Con el Millonario dej\u00f3 un recuerdo agridulce. <strong>Se consagr\u00f3 campe\u00f3n del Apertura 2008, pero tres a\u00f1os despu\u00e9s fue parte del plantel que descendi\u00f3 a la B Nacional<\/strong> (fue vendido pocas semanas antes de la promoci\u00f3n con Belgrano). En el Cervecero, estuvo a pr\u00e9stamo en 2015 y marc\u00f3 un gol.<\/p>\n<\/div>\n<div class=\"sc-e7b891c4-0 jPbnQF\"><img alt=\"Diego Buonanotte ya se entrena con O'Higgins (foto: prensa del club).\" src=\"http:\/\/hoycordobaweb.com\/wp-content\/uploads\/2024\/01\/una-ex-figura-de-river-jugara-en-su-tercer-equipo-del-futbol-chileno-2.jpg\" width=\"720\" height=\"100\" decoding=\"async\" data-nimg=\"future\" loading=\"lazy\"><span class=\"epigraphe\">Diego Buonanotte ya se entrena con O&#8217;Higgins (foto: prensa del club).<\/span><\/div>\n<div class=\"custom-embedhtml\" readability=\"7.5549295774648\">\n<blockquote class=\"twitter-tweet\" readability=\"9.2338028169014\">\n<p lang=\"es\" dir=\"ltr\">\ud83d\udd30 \u00a1Bienvenido al Capo de Provincia, Diego! \u26bd\ufe0f<\/p>\n<p>\ud83d\ude4c\ud83c\udffb \u00a1El experimentado jugador, Diego Buonanotte \ud83c\udde6\ud83c\uddf7\ud83c\udde8\ud83c\uddf1 es nuestro octavo refuerzo para la temporada 2024! \u00a1Vamos con todo y que sea un gran a\u00f1o junto a la Celeste! \ud83d\udc4f\ud83c\udffb<a href=\"https:\/\/twitter.com\/hashtag\/VamosLaCeleste?src=hash&amp;ref_src=twsrc%5Etfw\">#VamosLaCeleste<\/a> \ud83c\udde7\ud83c\uddfc <a href=\"https:\/\/t.co\/kFvCasP9P0\">pic.twitter.com\/kFvCasP9P0<\/a><\/p>\n<p>\u2014 O&#8217;Higgins FC \ud83c\udde7\ud83c\uddfc (@OHigginsoficial) <a href=\"https:\/\/twitter.com\/OHigginsoficial\/status\/1749428318829437304?ref_src=twsrc%5Etfw\">January 22, 2024<\/a><\/p><\/blockquote><\/div>\n<p><h2>\u00bfCu\u00e1les fueron sus primeras palabras como jugador de O&#8217;Higgins?<\/h2>\n<\/p>\n<div class=\"custom-text \" readability=\"11\">\n<p>En sus primeros instantes como futbolista de O&#8217;Higgins, Buonanotte habl\u00f3 para las redes del club sobre sus sensaciones y aspiraciones en esta nueva etapa de su carrera. <strong>\u00abSiento una felicidad absoluta por llegar a una instituci\u00f3n seria y muy bien armada\u00bb<\/strong>, coment\u00f3 el Enano.<\/p>\n<\/div>\n<div class=\"custom-text \" readability=\"11\">\n<p>\u00abEstoy agradecido por el trato que me dieron y ahora toca dejar todo. <strong>Cuando uno viste una camiseta tiene que ser profesional y la entrega tiene que estar al 100% con el club y los compa\u00f1eros\u00bb<\/strong>, explic\u00f3 el surgido en el Millo y a\u00f1adi\u00f3: \u00abEn el f\u00fatbol uno tiene que modificar su juego y adaptarse al equipo\u00bb.<\/p>\n<\/div>\n<div class=\"custom-text \" readability=\"11\">\n<p>\u00abYo voy a tratar de aportar mi granito de arena, <strong>siempre buscando crecer como deportista y tratando de hacer crecer a mis compa\u00f1eros\u00bb<\/strong>, fue la meta que se propuso para este a\u00f1o el nacido en Santa Fe.<\/p>\n<\/div>\n<div type=\"embed\" class=\"sc-7ce6049-0 dwIKul\">\n<div class=\"sc-7ce6049-1 bdcBBS videoText\" id=\"contentTitleembedFD6xht3U\" type=\"embed\" readability=\"6\"><svg fill=\"#ffffff\"><symbol id=\"play\" viewBox=\"0 0 512 512\"><path d=\"M512 256C512 397.4 397.4 512 256 512C114.6 512 0 397.4 0 256C0 114.6 114.6 0 256 0C397.4 0 512 114.6 512 256zM176 168V344C176 352.7 180.7 360.7 188.3 364.9C195.8 369.2 205.1 369 212.5 364.5L356.5 276.5C363.6 272.1 368 264.4 368 256C368 247.6 363.6 239.9 356.5 235.5L212.5 147.5C205.1 142.1 195.8 142.8 188.3 147.1C180.7 151.3 176 159.3 176 168V168z\" \/><\/symbol><use xlink:href=\"#play\" \/><\/svg><\/p>\n<div class=\"right\" readability=\"7\">\n<p>Diego Buonanotte<!-- --> &#8211;<!-- --> <span>23-1-2024<\/span><\/p>\n<h2 class=\"title-vid\">Las primeras palabras de Diego Buonanotte como jugador de O&#8217;Higgins<\/h2>\n<\/div>\n<\/div>\n<p><span class=\"back\" id=\"spanBackembedFD6xht3U\"><\/span><\/div>\n<div class=\"sc-a7166897-0 exHLBh\" readability=\"6\">\n<section readability=\"2\"><picture><img alt=\"Oficial: Arturo Vidal vuelve a Colo Colo y lo va a dirigir Almir\u00f3n\" src=\"http:\/\/hoycordobaweb.com\/wp-content\/uploads\/2024\/01\/una-ex-figura-de-river-jugara-en-su-tercer-equipo-del-futbol-chileno-3.jpg\" width=\"290\" height=\"290\" decoding=\"async\" data-nimg=\"future\" loading=\"lazy\"><\/picture>\n<p><span>Mir\u00e1 tambi\u00e9n<\/span><\/p>\n<hr>\n<h3>Oficial: Arturo Vidal vuelve a Colo Colo y lo va a dirigir Almir\u00f3n<\/h3>\n<\/p>\n<\/section>\n<\/div>\n<div class=\"sc-a7166897-0 exHLBh\" readability=\"6\">\n<section readability=\"2\"><picture><img alt=\"El mercado de pases 2024: \u00faltimos refuerzos y bajas a horas del cierre\" src=\"http:\/\/hoycordobaweb.com\/wp-content\/uploads\/2024\/01\/una-ex-figura-de-river-jugara-en-su-tercer-equipo-del-futbol-chileno-4.jpg\" width=\"290\" height=\"290\" decoding=\"async\" data-nimg=\"future\" loading=\"lazy\"><\/picture>\n<p><span>Mir\u00e1 tambi\u00e9n<\/span><\/p>\n<hr>\n<h3>El mercado de pases 2024: \u00faltimos refuerzos y bajas a horas del cierre<\/h3>\n<\/p>\n<\/section>\n<\/div>\n<\/div>\n","protected":false},"excerpt":{"rendered":"<p>23\/01\/2024 10:21hs. Actualizado al 23\/01\/2024 10:34hs. El cierre del mercado de pases en Chile y el inicio de torneo siguen sin tener una fecha estipulada y los clubes aprovechan la incertidumbre para seguir reforzando a sus planteles. Con esto en mente, Diego Buonanotte dej\u00f3 Uni\u00f3n la Calera para vestir su tercera camiseta en este pa\u00eds: [&hellip;]<\/p>\n","protected":false},"author":1,"featured_media":73228,"comment_status":"open","ping_status":"closed","sticky":false,"template":"","format":"standard","meta":[],"categories":[16],"tags":[],"_links":{"self":[{"href":"http:\/\/hoycordobaweb.com\/index.php\/wp-json\/wp\/v2\/posts\/73227"}],"collection":[{"href":"http:\/\/hoycordobaweb.com\/index.php\/wp-json\/wp\/v2\/posts"}],"about":[{"href":"http:\/\/hoycordobaweb.com\/index.php\/wp-json\/wp\/v2\/types\/post"}],"author":[{"embeddable":true,"href":"http:\/\/hoycordobaweb.com\/index.php\/wp-json\/wp\/v2\/users\/1"}],"replies":[{"embeddable":true,"href":"http:\/\/hoycordobaweb.com\/index.php\/wp-json\/wp\/v2\/comments?post=73227"}],"version-history":[{"count":0,"href":"http:\/\/hoycordobaweb.com\/index.php\/wp-json\/wp\/v2\/posts\/73227\/revisions"}],"wp:featuredmedia":[{"embeddable":true,"href":"http:\/\/hoycordobaweb.com\/index.php\/wp-json\/wp\/v2\/media\/73228"}],"wp:attachment":[{"href":"http:\/\/hoycordobaweb.com\/index.php\/wp-json\/wp\/v2\/media?parent=73227"}],"wp:term":[{"taxonomy":"category","embeddable":true,"href":"http:\/\/hoycordobaweb.com\/index.php\/wp-json\/wp\/v2\/categories?post=73227"},{"taxonomy":"post_tag","embeddable":true,"href":"http:\/\/hoycordobaweb.com\/index.php\/wp-json\/wp\/v2\/tags?post=73227"}],"curies":[{"name":"wp","href":"https:\/\/api.w.org\/{rel}","templated":true}]}}