{"id":73223,"date":"2024-01-23T13:51:35","date_gmt":"2024-01-23T13:51:35","guid":{"rendered":"https:\/\/www.ole.com.ar\/boca-juniors\/palacios-hablo-pase-boca-dijo-presidente_0_kRmZJ7aB2z.html"},"modified":"2024-01-23T13:51:35","modified_gmt":"2024-01-23T13:51:35","slug":"palacios-sobre-su-pase-a-boca-espero-que-sea-lo-mejor-en-especial-para-mi","status":"publish","type":"post","link":"http:\/\/hoycordobaweb.com\/index.php\/2024\/01\/23\/palacios-sobre-su-pase-a-boca-espero-que-sea-lo-mejor-en-especial-para-mi\/","title":{"rendered":"Palacios sobre su pase a Boca: \u00abEspero que sea lo mejor, en especial para m\u00ed\u00bb"},"content":{"rendered":"<p><img src=\"http:\/\/hoycordobaweb.com\/wp-content\/uploads\/2024\/01\/palacios-sobre-su-pase-a-boca-espero-que-sea-lo-mejor-en-especial-para-mi.jpg\"><\/p>\n<p><time class=\"createDate\" datetime=\"2024-01-23T10:51:35-03:00\">23\/01\/2024 10:51hs.<\/time><\/p>\n<div id=\"storyBody\">\n<div class=\"custom-text \" readability=\"36.620111731844\">\n<p>De golpe, su nombre apareci\u00f3 en escena como el delantero del momento. Alcanz\u00f3 que <strong><a href=\"https:\/\/www.ole.com.ar\/tema\/boca-juniors.html\" title=\"Boca Juniors\" alt=\"Boca Juniors\" class=\"slug\">Boca<\/a><\/strong> posara sus ojos en \u00e9l para que eso suceda y que su c\u00f3moda estad\u00eda en <strong><a href=\"https:\/\/www.ole.com.ar\/tema\/colo-colo.html\" title=\"colo colo\" alt=\"colo colo\" class=\"slug\">Colo Colo<\/a><\/strong> se revolucione al punto de tener a tres clubes pujando por su ficha. <strong>Carlos Palacios, de \u00e9l se trata, lleg\u00f3 a un punto culminante en su llegada al Xeneize y ya no pudo esquivar el tema.<\/strong><\/p>\n<\/div>\n<div class=\"custom-text \" readability=\"37\">\n<p><strong>\u201cNo tengo mucho para hablar, eso lo ve mi representante con los dirigentes, parece que hay algo concreto y hay que ver que sea lo mejor para todo y en especial para m\u00ed\u201d<\/strong>, fue la frase que eligi\u00f3 el chileno para referirse a la consulta sobre el avance concreto de Boca sobre su pase.<\/p>\n<\/div>\n<div class=\"custom-text \" readability=\"39\">\n<p>Su situaci\u00f3n en Colo Colo, en donde lleva jugados 35 partidos y donde anot\u00f3 13 goles, es una traba para el Xeneize: <strong>el club compr\u00f3 el 50 por ciento de su ficha a Vasco da Gama a comienzos de 2023. Como la mitad restante es de los brasile\u00f1os, los chilenos no tienen la potestad plena para evitar el pase a Boca, que negocia con ambos clubes en paralelo.<\/strong><\/p>\n<\/div>\n<div class=\"custom-text \" readability=\"38\">\n<p><strong>Con Vasco el tema se zanjar\u00e1 con dinero, eso est\u00e1 claro.<\/strong> El caso del Colo Colo (donde adem\u00e1s del porcentaje el jugador tiene acordado un pr\u00e9stamo por seis meses m\u00e1s) tiene otra complejidad<strong>. El club lo quiere retener, y ah\u00ed entrar\u00e1 a tallar el deseo del jugador y pesar\u00e1 su frase del lunes por la noche, sobre todo el momento donde destaca que se d\u00e9 lo mejor \u00abespecialmente para m\u00ed\u00bb.<\/strong><\/p>\n<\/div>\n<div class=\"sc-e7b891c4-0 jPbnQF\"><img alt=\"AME6799. SANTIAGO (CHILE), 03\/05\/2023.- Carlos Palacios (d) de Colo Colo disputa hoy el bal\u00f3n con Valent\u00edn Barco de Boca Juniors, durante un partido por el Grupo F de la Copa Libertadores 2023 en el estadio Monumental en Santiago (Chile). EFE\/Osvaldo Villarroel\" src=\"http:\/\/hoycordobaweb.com\/wp-content\/uploads\/2024\/01\/palacios-sobre-su-pase-a-boca-espero-que-sea-lo-mejor-en-especial-para-mi-2.jpg\" width=\"720\" height=\"100\" decoding=\"async\" data-nimg=\"future\" loading=\"lazy\"><span class=\"epigraphe\">AME6799. SANTIAGO (CHILE), 03\/05\/2023.- Carlos Palacios (d) de Colo Colo disputa hoy el bal\u00f3n con Valent\u00edn Barco de Boca Juniors, durante un partido por el Grupo F de la Copa Libertadores 2023 en el estadio Monumental en Santiago (Chile). EFE\/Osvaldo Villarroel<\/span><\/div>\n<p><h2><strong>Qu\u00e9 dice Boca<\/strong><\/h2>\n<\/p>\n<div class=\"custom-text \" readability=\"34\">\n<p><strong>\u00abLo queremos\u00bb le aseguraron a Ol\u00e9 desde Boca<\/strong>, al tiempo que manifestaron la intenci\u00f3n de comprar el 100 por 100 de la ficha y que las charlas con los dos clubes due\u00f1os de su pase ya comenzaron.<\/p>\n<\/div>\n<p><h2><strong>Qu\u00e9 dijo el presidente de Colo Colo<\/strong><\/h2>\n<\/p>\n<div class=\"custom-text \" readability=\"36\">\n<p><strong>\u00abVamos a hacer todos los esfuerzos posibles para que Carlos Palacios se mantenga con nosotros\u00bb<\/strong>, expres\u00f3 tambi\u00e9n anoche (en el marco del amistoso que el equipo de <strong>Jorge Almir\u00f3n<\/strong> le gan\u00f3 4 a 3 a Liverpool de Uruguay), el presidente colocolino <strong>An\u00edbal Mosa<\/strong>. <\/p>\n<\/div>\n<div class=\"custom-text \" readability=\"38\">\n<p>Enseguida ampli\u00f3 \u00abNuestro gerente general tom\u00f3 contacto con Pablo Le Clerc que es su representante y esperamos que en las pr\u00f3ximas horas oficializar que Carlos va a continuar\u00bb. Sin embargo, ante la consulta de lo que Boca puede representar para el jugador, reconoci\u00f3 que<strong> \u00ab\u00e9l tiene ganas de continuar, le seduce la idea de Boca. \u00bfA qu\u00e9 jugador no lo seduce?\u00bb.<\/strong><\/p>\n<\/div>\n<p><h2><strong>Los plazos y el panorama<\/strong><\/h2>\n<\/p>\n<div class=\"custom-text \" readability=\"42\">\n<p>El jugador, en tanto, cont\u00f3 un poco m\u00e1s de los \u00faltimos d\u00edas respecto del pase: \u00abHe estado al tanto del tema, me han pedido mi opini\u00f3n y lo que pienso, pero lo ve representante con los dirigentes ac\u00e1. Esperamos que sea lo mejor para todos\u201d y para cerrar, respondi\u00f3 sobre los tiempos del pase: <strong>\u00abNo hay un plazo, lo est\u00e1n trabajando. Hoy prefer\u00eda estar m\u00e1s concentrado en jugar, despu\u00e9s llegar\u00e1 el momento de ver si me voy o me quedo\u00bb.<\/strong><\/p>\n<\/div>\n<div type=\"embed\" class=\"sc-7ce6049-0 dwIKul\">\n<div class=\"sc-7ce6049-1 bdcBBS videoText\" id=\"contentTitleembedIJ18Oty6\" type=\"embed\"><svg fill=\"#ffffff\"><symbol id=\"play\" viewBox=\"0 0 512 512\"><path d=\"M512 256C512 397.4 397.4 512 256 512C114.6 512 0 397.4 0 256C0 114.6 114.6 0 256 0C397.4 0 512 114.6 512 256zM176 168V344C176 352.7 180.7 360.7 188.3 364.9C195.8 369.2 205.1 369 212.5 364.5L356.5 276.5C363.6 272.1 368 264.4 368 256C368 247.6 363.6 239.9 356.5 235.5L212.5 147.5C205.1 142.1 195.8 142.8 188.3 147.1C180.7 151.3 176 159.3 176 168V168z\" \/><\/symbol><use xlink:href=\"#play\" \/><\/svg><\/p>\n<div class=\"right\">\n<p>Boca Juniors<!-- --> &#8211;<!-- --> <span>23-1-2024<\/span><\/p>\n<h2 class=\"title-vid\">La postura que tendr\u00e1 Colo Colo sobre el inter\u00e9s de Boca por Palacios<\/h2>\n<\/div>\n<\/div>\n<p><span class=\"back\" id=\"spanBackembedIJ18Oty6\"><\/span><\/div>\n<div class=\"custom-text \" readability=\"26.714975845411\">\n<p>La bomba <a href=\"https:\/\/www.ole.com.ar\/boca-juniors\/boca-busca-refuerzo-ataque-carlos-palacios-chileno-colo-colo_0_F4puCms2uI.html\" target=\"_self\" title=\"(que fue anticipo de Ol\u00e9 el viernes 19 de enero) \" alt=\"(que fue anticipo de Ol\u00e9 el viernes 19 de enero) \" rel=\"noopener noreferrer\">(que fue anticipo de Ol\u00e9 el viernes 19 de enero) <\/a>explot\u00f3 en Argentina y tambi\u00e9n en Chile. Diego Mart\u00ednez lo quiere, Boca lo busca y<strong> Palacios -por lo visto- no qued\u00f3 indiferente a la situaci\u00f3n. <\/strong><\/p>\n<\/div>\n<p><h2><strong>Qui\u00e9n es Palacios y por qu\u00e9 lo buscan<\/strong><\/h2>\n<\/p>\n<div class=\"custom-text \" readability=\"39\">\n<p><strong>Palacios jug\u00f3 la \u00faltima Copa Libertadores para Colo Colo y all\u00ed se enfrent\u00f3 con Boca en el partido jugado en Chile.<\/strong> Ese d\u00eda, tuvo un interesante desempe\u00f1o en el primer tiempo y s\u00f3lo le falt\u00f3 el gol que s\u00ed consigui\u00f3 el Xeneize. En el complemento, producto de la impotencia que se apoder\u00f3 de todos sus compa\u00f1eros, se fue expulsado tras un patad\u00f3n al Colo Barco. Por esa roja, se perdi\u00f3 el partido que el Xeneize le gan\u00f3 1 a 0 a los chilenos en la Bombonera.<\/p>\n<\/div>\n<p><h2><strong>El cupo<\/strong><\/h2>\n<\/p>\n<div class=\"custom-text \" readability=\"38\">\n<p><strong>La b\u00fasqueda de un extranjero para un puesto en el que Boca perdi\u00f3 durante el 2023 a Sebasti\u00e1n Villa le da un marco de cierta l\u00f3gica a no haber utilizado un cupo de manera temprana<\/strong>, por ejemplo cuando se dilat\u00f3 la llegada de un Arturo Vidal que hoy, casualmente, es compa\u00f1ero de Palacios en el Albo.<\/p>\n<\/div>\n<div class=\"custom-text \" readability=\"38\">\n<p>En ese sentido, <strong>el Xeneize tiene -a partir de la disoluci\u00f3n del v\u00ednculo con Villa- dos lugares para incorporar jugadores for\u00e1neos<\/strong>, ya que en el plantel est\u00e1n el paraguayo <strong>Bruno Valdez <\/strong>y los uruguayos<strong> Marcelo Saracchi, Edinson Cavani y Miguel Merentiel<\/strong>. A ellos cuatro se les sumar\u00e1 el ecuatoriano Jan Hurtado cuando regrese (si es que lo hace) de su pr\u00e9stamo en Liga de Quito a mitad de a\u00f1o. Cabe recordar que lo permitido por reglamento son seis jugadores en el plantel y cinco de ellos firmando planilla paralelamente.<\/p>\n<\/div>\n<p><h2><strong>Hasta cu\u00e1ndo hay tiempo<\/strong><\/h2>\n<\/p>\n<div class=\"custom-text \" readability=\"37\">\n<p><strong>El mercado de pases cierra el viernes 26 de enero, aunque una salida al extranjero har\u00eda extender ese plazo hasta el 9 de febrero.<\/strong> All\u00ed, la fecha en que se cierre el todav\u00eda inconcluso pase de Aaron Molinas a Olimpia (si es que se termina confirmando) se podr\u00eda convertir en la llave para una negociaci\u00f3n que supere la l\u00ednea de esta semana.<\/p>\n<\/div>\n<div class=\"sc-a7166897-0 exHLBh\" readability=\"7.5\">\n<section readability=\"5\"><picture><img alt=\"Boca EN VIVO: primera pr\u00e1ctica de Zen\u00f3n con el grupo, el pase de Palacios, la mira en Platense y toda la info\" src=\"http:\/\/hoycordobaweb.com\/wp-content\/uploads\/2024\/01\/palacios-sobre-su-pase-a-boca-espero-que-sea-lo-mejor-en-especial-para-mi-3.jpg\" width=\"290\" height=\"290\" decoding=\"async\" data-nimg=\"future\" loading=\"lazy\"><\/picture>\n<p><span>Mir\u00e1 tambi\u00e9n<\/span><\/p>\n<hr>\n<h3>Boca EN VIVO: primera pr\u00e1ctica de Zen\u00f3n con el grupo, el pase de Palacios, la mira en Platense y toda la info<\/h3>\n<\/p>\n<\/section>\n<\/div>\n<div class=\"sc-a7166897-0 exHLBh\" readability=\"6.5\">\n<section readability=\"3\"><picture><img alt=\"Saracchi vs. Fabra, y la decisi\u00f3n de Diego Mart\u00ednez para la Copa de la Liga\" src=\"http:\/\/hoycordobaweb.com\/wp-content\/uploads\/2024\/01\/palacios-sobre-su-pase-a-boca-espero-que-sea-lo-mejor-en-especial-para-mi-4.jpg\" width=\"290\" height=\"290\" decoding=\"async\" data-nimg=\"future\" loading=\"lazy\"><\/picture>\n<p><span>Mir\u00e1 tambi\u00e9n<\/span><\/p>\n<hr>\n<h3>Saracchi vs. Fabra, y la decisi\u00f3n de Diego Mart\u00ednez para la Copa de la Liga<\/h3>\n<\/p>\n<\/section>\n<\/div>\n<div class=\"sc-a7166897-0 exHLBh\" readability=\"6.5\">\n<section readability=\"3\"><picture><img alt=\"Pastore, ofrecido a Boca: qu\u00e9 chances reales hay\" src=\"http:\/\/hoycordobaweb.com\/wp-content\/uploads\/2024\/01\/palacios-sobre-su-pase-a-boca-espero-que-sea-lo-mejor-en-especial-para-mi-5.jpg\" width=\"290\" height=\"290\" decoding=\"async\" data-nimg=\"future\" loading=\"lazy\"><\/picture>\n<p><span>Mir\u00e1 tambi\u00e9n<\/span><\/p>\n<hr>\n<h3>Pastore, ofrecido a Boca: qu\u00e9 chances reales hay<\/h3>\n<\/p>\n<\/section>\n<\/div>\n<div class=\"sc-a7166897-0 exHLBh\" readability=\"7.5\">\n<section readability=\"5\"><picture><img alt=\"Adv\u00edncula, entre el no viaje a C\u00f3rdoba, sus enigm\u00e1ticos en redes y el inter\u00e9s de Botafogo\" src=\"http:\/\/hoycordobaweb.com\/wp-content\/uploads\/2024\/01\/palacios-sobre-su-pase-a-boca-espero-que-sea-lo-mejor-en-especial-para-mi-6.jpg\" width=\"290\" height=\"290\" decoding=\"async\" data-nimg=\"future\" loading=\"lazy\"><\/picture>\n<p><span>Mir\u00e1 tambi\u00e9n<\/span><\/p>\n<hr>\n<h3>Adv\u00edncula, entre el no viaje a C\u00f3rdoba, sus enigm\u00e1ticos en redes y el inter\u00e9s de Botafogo<\/h3>\n<\/p>\n<\/section>\n<\/div>\n<div class=\"sc-a7166897-0 exHLBh\" readability=\"6\">\n<section readability=\"2\"><picture><img alt=\"Exclusivo Ol\u00e9: Boca va a fondo por el chileno Palacios\" src=\"http:\/\/hoycordobaweb.com\/wp-content\/uploads\/2024\/01\/palacios-sobre-su-pase-a-boca-espero-que-sea-lo-mejor-en-especial-para-mi-7.jpg\" width=\"290\" height=\"290\" decoding=\"async\" data-nimg=\"future\" loading=\"lazy\"><\/picture>\n<p><span>Mir\u00e1 tambi\u00e9n<\/span><\/p>\n<hr>\n<h3>Exclusivo Ol\u00e9: Boca va a fondo por el chileno Palacios<\/h3>\n<\/p>\n<\/section>\n<\/div>\n<\/div>\n","protected":false},"excerpt":{"rendered":"<p>23\/01\/2024 10:51hs. De golpe, su nombre apareci\u00f3 en escena como el delantero del momento. Alcanz\u00f3 que Boca posara sus ojos en \u00e9l para que eso suceda y que su c\u00f3moda estad\u00eda en Colo Colo se revolucione al punto de tener a tres clubes pujando por su ficha. Carlos Palacios, de \u00e9l se trata, lleg\u00f3 a [&hellip;]<\/p>\n","protected":false},"author":1,"featured_media":73224,"comment_status":"open","ping_status":"closed","sticky":false,"template":"","format":"standard","meta":[],"categories":[16],"tags":[],"_links":{"self":[{"href":"http:\/\/hoycordobaweb.com\/index.php\/wp-json\/wp\/v2\/posts\/73223"}],"collection":[{"href":"http:\/\/hoycordobaweb.com\/index.php\/wp-json\/wp\/v2\/posts"}],"about":[{"href":"http:\/\/hoycordobaweb.com\/index.php\/wp-json\/wp\/v2\/types\/post"}],"author":[{"embeddable":true,"href":"http:\/\/hoycordobaweb.com\/index.php\/wp-json\/wp\/v2\/users\/1"}],"replies":[{"embeddable":true,"href":"http:\/\/hoycordobaweb.com\/index.php\/wp-json\/wp\/v2\/comments?post=73223"}],"version-history":[{"count":0,"href":"http:\/\/hoycordobaweb.com\/index.php\/wp-json\/wp\/v2\/posts\/73223\/revisions"}],"wp:featuredmedia":[{"embeddable":true,"href":"http:\/\/hoycordobaweb.com\/index.php\/wp-json\/wp\/v2\/media\/73224"}],"wp:attachment":[{"href":"http:\/\/hoycordobaweb.com\/index.php\/wp-json\/wp\/v2\/media?parent=73223"}],"wp:term":[{"taxonomy":"category","embeddable":true,"href":"http:\/\/hoycordobaweb.com\/index.php\/wp-json\/wp\/v2\/categories?post=73223"},{"taxonomy":"post_tag","embeddable":true,"href":"http:\/\/hoycordobaweb.com\/index.php\/wp-json\/wp\/v2\/tags?post=73223"}],"curies":[{"name":"wp","href":"https:\/\/api.w.org\/{rel}","templated":true}]}}