{"id":73217,"date":"2024-01-23T14:17:31","date_gmt":"2024-01-23T14:17:31","guid":{"rendered":"https:\/\/www.ole.com.ar\/river-plate\/river-plate-estadio-monumental-nueva-obra-estreno_0_TSqGRgmWms.html"},"modified":"2024-01-23T14:17:31","modified_gmt":"2024-01-23T14:17:31","slug":"fotos-la-nueva-obra-en-el-monumental-que-se-inaugurara-ante-argentinos","status":"publish","type":"post","link":"http:\/\/hoycordobaweb.com\/index.php\/2024\/01\/23\/fotos-la-nueva-obra-en-el-monumental-que-se-inaugurara-ante-argentinos\/","title":{"rendered":"Fotos: la nueva obra en el Monumental que se inaugurar\u00e1 ante Argentinos"},"content":{"rendered":"<p><img src=\"http:\/\/hoycordobaweb.com\/wp-content\/uploads\/2024\/01\/fotos-la-nueva-obra-en-el-monumental-que-se-inaugurara-ante-argentinos.jpg\"><\/p>\n<p><time class=\"createDate\" datetime=\"2024-01-23T11:17:31-03:00\">23\/01\/2024 11:17hs.<\/time><time class=\"modificatedDate\" datetime=\"2024-01-23T11:34:46-03:00\"> Actualizado al 23\/01\/2024 11:34hs.<\/time><\/p>\n<div id=\"storyBody\">\n<div class=\"custom-text \" readability=\"33.744597249509\">\n<p>Los hinchas de <strong><a href=\"https:\/\/www.ole.com.ar\/tema\/river-plate.html\" title=\"River Plate\" alt=\"River Plate\" class=\"slug\">River<\/a><\/strong> que asistan este domingo al <strong><a href=\"https:\/\/www.ole.com.ar\/tema\/estadio-monumental.html\" title=\"Estadio Monumental\" alt=\"Estadio Monumental\" class=\"slug\">Monumental<\/a><\/strong> para el arranque de la Copa de la Liga se encontrar\u00e1n con una nueva obra en un estadio que no para de renovarse y sumar nuevas comodidades. Porque adem\u00e1s de la finalizaci\u00f3n de la colocaci\u00f3n de butacas en la Centenario Alta, <strong>lo que completa el traslado de las populares a las cabeceras del anillo inferior y la transformaci\u00f3n en plateas del superior<\/strong>, y de <strong><a href=\"https:\/\/www.ole.com.ar\/river-plate\/river-estadio-monumental-estacionamiento-obras_0_KQ9g7Xs7Y0.html\" target=\"_self\" title=\"la inauguraci\u00f3n del nuevo estacionamiento\" alt=\"la inauguraci\u00f3n del nuevo estacionamiento\" rel=\"noopener noreferrer\">la inauguraci\u00f3n del nuevo estacionamiento<\/a><\/strong>, el ex Liberti suma nuevos ba\u00f1os universales.<\/p>\n<\/div>\n<div class=\"custom-text \" readability=\"36\">\n<p>Despu\u00e9s de <strong>las primeras cuatro unidades en las tribunas bajas en septiembre de 2023<\/strong>, se sum\u00f3 <strong>uno m\u00e1s en los palcos Centenario<\/strong> y frente a Argentinos <strong>estar\u00e1 habilitado otro en el sector de palcos de la S\u00edvori.<\/strong> Esto significa un avance m\u00e1s en un proyecto que apunta a que se pueda encontrar un ba\u00f1o universal en cada tribuna y en cada nivel del Monumental.<\/p>\n<\/div>\n<div class=\"custom-text \" readability=\"36\">\n<p>En los pr\u00f3ximos d\u00edas <strong>se habilitar\u00e1n nuevos ba\u00f1os y postas m\u00e9dicas en las cabeceras inferiores<\/strong> (uno en la S\u00edvori y otro en la Centenario) con el mismo estilo de los ya inaugurados. Y una vez finalizada la renovaci\u00f3n, <strong>el estadio tendr\u00e1 un aumento total de 200m2 en la superficie de ba\u00f1os construidos.<\/strong><\/p>\n<\/div>\n<div class=\"custom-text \" readability=\"40\">\n<p>\u00ab<strong>Adaptados para que un mayor pueda ingresar con un menor a cargo, sin distinci\u00f3n de g\u00e9nero<\/strong>, cada uno de estos nuevos ba\u00f1os cuenta con una mesada con cambiador de beb\u00e9, retrete y lavatorio con altura para ni\u00f1os. Est\u00e1n completamente equipados con artefactos sanitarios de primera marca, iluminaci\u00f3n 100% led e instalaci\u00f3n sanitaria termofusi\u00f3n\u00bb, inform\u00f3 el CARP.<\/p>\n<\/div>\n<p><h2><strong>Los nuevos ba\u00f1os universales del Monumental<\/strong><\/h2>\n<\/p>\n<div class=\"sc-e7b891c4-0 jPbnQF\"><img alt=\"Los nuevos ba\u00f1os universales del Monumental. Prensa River.\" src=\"http:\/\/hoycordobaweb.com\/wp-content\/uploads\/2024\/01\/fotos-la-nueva-obra-en-el-monumental-que-se-inaugurara-ante-argentinos-2.jpg\" width=\"720\" height=\"100\" decoding=\"async\" data-nimg=\"future\" loading=\"lazy\"><span class=\"epigraphe\">Los nuevos ba\u00f1os universales del Monumental. Prensa River.<\/span><\/div>\n<div class=\"sc-e7b891c4-0 jPbnQF\"><img alt=\"Los nuevos ba\u00f1os universales del Monumental. Prensa River.\" src=\"http:\/\/hoycordobaweb.com\/wp-content\/uploads\/2024\/01\/fotos-la-nueva-obra-en-el-monumental-que-se-inaugurara-ante-argentinos-3.jpg\" width=\"720\" height=\"100\" decoding=\"async\" data-nimg=\"future\" loading=\"lazy\"><span class=\"epigraphe\">Los nuevos ba\u00f1os universales del Monumental. Prensa River.<\/span><\/div>\n<div class=\"sc-e7b891c4-0 jPbnQF\"><img alt=\"Los nuevos ba\u00f1os universales del Monumental. Prensa River.\" src=\"http:\/\/hoycordobaweb.com\/wp-content\/uploads\/2024\/01\/fotos-la-nueva-obra-en-el-monumental-que-se-inaugurara-ante-argentinos-4.jpg\" width=\"720\" height=\"100\" decoding=\"async\" data-nimg=\"future\" loading=\"lazy\"><span class=\"epigraphe\">Los nuevos ba\u00f1os universales del Monumental. Prensa River.<\/span><\/div>\n<p><h2><strong>C\u00f3mo seguir\u00e1n las obras en el Monumental una vez terminada esta etapa<\/strong><\/h2>\n<\/p>\n<div class=\"custom-text \" readability=\"36\">\n<p>Una vez que est\u00e1n culminadas las tareas que tienen que ver con hacer m\u00e1s confortable al Monumental pasar\u00e1n a focalizarse e<strong>n los trabajos referidos a la energ\u00eda, la circulaci\u00f3n, la termomec\u00e1nica y el embellecimiento del interior y exterior del estadio.<\/strong><\/p>\n<\/div>\n<div class=\"custom-text \" readability=\"38\">\n<p>Respecto de esto \u00faltimo, aseguran, se tratar\u00e1 de un maquillaje para revitalizar el aspecto. Que se le ponga una piel exterior similar a la que recubre a los m\u00e1s modernos estadios del primer mundo acaso ingrese en la agenda el d\u00eda que se trabaje en el techado, algo que por el momento no est\u00e1 previsto pero <strong>que quiz\u00e1 en el futuro pueda impulsarse pensando en la firme posibilidad de ser sede del Mundial del 2030.<\/strong><\/p>\n<\/div>\n<div class=\"custom-text \" readability=\"38\">\n<p>En lo inmediato, se espera que entre los \u00faltimos d\u00edas de enero y los primeros de febrero, <strong>apenas queden por realizar la ampliaci\u00f3n de los sanitarios, el agregado de puestos gastron\u00f3micos, la uni\u00f3n de las tribunas altas <\/strong>y el<strong> <\/strong>hormigonado a los alrededores del campo de juego.<\/p>\n<\/div>\n<div class=\"sc-a7166897-0 exHLBh\" readability=\"6\">\n<section readability=\"2\"><picture><img alt=\"La inesperada respuesta de Rond\u00f3n a la fuerte cr\u00edtica de un hincha de River\" src=\"http:\/\/hoycordobaweb.com\/wp-content\/uploads\/2024\/01\/fotos-la-nueva-obra-en-el-monumental-que-se-inaugurara-ante-argentinos-5.jpg\" width=\"290\" height=\"290\" decoding=\"async\" data-nimg=\"future\" loading=\"lazy\"><\/picture>\n<p><span>Mir\u00e1 tambi\u00e9n<\/span><\/p>\n<hr>\n<h3>La inesperada respuesta de Rond\u00f3n a la fuerte cr\u00edtica de un hincha de River<\/h3>\n<\/p>\n<\/section>\n<\/div>\n<\/div>\n","protected":false},"excerpt":{"rendered":"<p>23\/01\/2024 11:17hs. Actualizado al 23\/01\/2024 11:34hs. Los hinchas de River que asistan este domingo al Monumental para el arranque de la Copa de la Liga se encontrar\u00e1n con una nueva obra en un estadio que no para de renovarse y sumar nuevas comodidades. Porque adem\u00e1s de la finalizaci\u00f3n de la colocaci\u00f3n de butacas en la [&hellip;]<\/p>\n","protected":false},"author":1,"featured_media":73218,"comment_status":"open","ping_status":"closed","sticky":false,"template":"","format":"standard","meta":[],"categories":[16],"tags":[],"_links":{"self":[{"href":"http:\/\/hoycordobaweb.com\/index.php\/wp-json\/wp\/v2\/posts\/73217"}],"collection":[{"href":"http:\/\/hoycordobaweb.com\/index.php\/wp-json\/wp\/v2\/posts"}],"about":[{"href":"http:\/\/hoycordobaweb.com\/index.php\/wp-json\/wp\/v2\/types\/post"}],"author":[{"embeddable":true,"href":"http:\/\/hoycordobaweb.com\/index.php\/wp-json\/wp\/v2\/users\/1"}],"replies":[{"embeddable":true,"href":"http:\/\/hoycordobaweb.com\/index.php\/wp-json\/wp\/v2\/comments?post=73217"}],"version-history":[{"count":0,"href":"http:\/\/hoycordobaweb.com\/index.php\/wp-json\/wp\/v2\/posts\/73217\/revisions"}],"wp:featuredmedia":[{"embeddable":true,"href":"http:\/\/hoycordobaweb.com\/index.php\/wp-json\/wp\/v2\/media\/73218"}],"wp:attachment":[{"href":"http:\/\/hoycordobaweb.com\/index.php\/wp-json\/wp\/v2\/media?parent=73217"}],"wp:term":[{"taxonomy":"category","embeddable":true,"href":"http:\/\/hoycordobaweb.com\/index.php\/wp-json\/wp\/v2\/categories?post=73217"},{"taxonomy":"post_tag","embeddable":true,"href":"http:\/\/hoycordobaweb.com\/index.php\/wp-json\/wp\/v2\/tags?post=73217"}],"curies":[{"name":"wp","href":"https:\/\/api.w.org\/{rel}","templated":true}]}}