{"id":73206,"date":"2024-01-23T05:11:12","date_gmt":"2024-01-23T05:11:12","guid":{"rendered":"http:\/\/hoycordobaweb.com\/index.php\/2024\/01\/23\/ever-banega-explico-por-que-le-dijo-que-no-a-juan-roman-riquelme-y-a-boca-tn\/"},"modified":"2024-01-23T05:11:12","modified_gmt":"2024-01-23T05:11:12","slug":"ever-banega-explico-por-que-le-dijo-que-no-a-juan-roman-riquelme-y-a-boca-tn","status":"publish","type":"post","link":"http:\/\/hoycordobaweb.com\/index.php\/2024\/01\/23\/ever-banega-explico-por-que-le-dijo-que-no-a-juan-roman-riquelme-y-a-boca-tn\/","title":{"rendered":"\u00c9ver Banega explic\u00f3 POR QU\u00c9 le dijo que NO a Juan Rom\u00e1n Riquelme y a Boca | TN"},"content":{"rendered":"<p>El volante regres\u00f3 al <b>f\u00fatbol argentino<\/b>, pero para vestir los colores de Newell&#39;s. En su presentaci\u00f3n, admiti\u00f3 que tuvo contactos para volver al&nbsp;&#8230; <\/p>\n","protected":false},"excerpt":{"rendered":"<p>El volante regres\u00f3 al f\u00fatbol argentino, pero para vestir los colores de Newell&#39;s. En su presentaci\u00f3n, admiti\u00f3 que tuvo contactos para volver al&nbsp;&#8230;<\/p>\n","protected":false},"author":1,"featured_media":0,"comment_status":"closed","ping_status":"closed","sticky":false,"template":"","format":"standard","meta":[],"categories":[22],"tags":[],"_links":{"self":[{"href":"http:\/\/hoycordobaweb.com\/index.php\/wp-json\/wp\/v2\/posts\/73206"}],"collection":[{"href":"http:\/\/hoycordobaweb.com\/index.php\/wp-json\/wp\/v2\/posts"}],"about":[{"href":"http:\/\/hoycordobaweb.com\/index.php\/wp-json\/wp\/v2\/types\/post"}],"author":[{"embeddable":true,"href":"http:\/\/hoycordobaweb.com\/index.php\/wp-json\/wp\/v2\/users\/1"}],"replies":[{"embeddable":true,"href":"http:\/\/hoycordobaweb.com\/index.php\/wp-json\/wp\/v2\/comments?post=73206"}],"version-history":[{"count":0,"href":"http:\/\/hoycordobaweb.com\/index.php\/wp-json\/wp\/v2\/posts\/73206\/revisions"}],"wp:attachment":[{"href":"http:\/\/hoycordobaweb.com\/index.php\/wp-json\/wp\/v2\/media?parent=73206"}],"wp:term":[{"taxonomy":"category","embeddable":true,"href":"http:\/\/hoycordobaweb.com\/index.php\/wp-json\/wp\/v2\/categories?post=73206"},{"taxonomy":"post_tag","embeddable":true,"href":"http:\/\/hoycordobaweb.com\/index.php\/wp-json\/wp\/v2\/tags?post=73206"}],"curies":[{"name":"wp","href":"https:\/\/api.w.org\/{rel}","templated":true}]}}