{"id":73189,"date":"2024-01-22T14:24:00","date_gmt":"2024-01-22T14:24:00","guid":{"rendered":"http:\/\/hoycordobaweb.com\/index.php\/2024\/01\/22\/adorni-ofrecera-su-habitual-conferencia-de-prensa-en-casa-de-gobierno\/"},"modified":"2024-01-22T14:24:00","modified_gmt":"2024-01-22T14:24:00","slug":"adorni-ofrecera-su-habitual-conferencia-de-prensa-en-casa-de-gobierno","status":"publish","type":"post","link":"http:\/\/hoycordobaweb.com\/index.php\/2024\/01\/22\/adorni-ofrecera-su-habitual-conferencia-de-prensa-en-casa-de-gobierno\/","title":{"rendered":"Adorni ofrecer\u00e1 su habitual conferencia de prensa en Casa de Gobierno"},"content":{"rendered":"<p><img src=\"http:\/\/hoycordobaweb.com\/wp-content\/uploads\/2024\/01\/adorni-ofrecera-su-habitual-conferencia-de-prensa-en-casa-de-gobierno.jpg\"><\/p>\n<figure class=\"mb-3\"><img loading=\"lazy\" data-src=\"http:\/\/hoycordobaweb.com\/wp-content\/uploads\/2024\/01\/adorni-ofrecera-su-habitual-conferencia-de-prensa-en-casa-de-gobierno-2.jpg\" src=\"https:\/\/www.telam.com.ar\/assets\/img\/not_image.png\" class=\" lazy \" width=\"100%\" height=\"100%\" alt=\"Foto Captura video\"><figcaption> Foto: Captura video <\/figcaption><\/figure>\n<p>El vocero presidencial, Manuel Adorni, sostuvo este lunes que el Gobierno \u00ab<strong>entendi\u00f3<\/strong>\u00bb con cada sector que <strong>\u00abalgunas de las propuestas\u00bb para la ley &#8216;Bases&#8217; constitu\u00edan \u00abmejoras\u00bb<\/strong>, y afirm\u00f3 que por eso se \u00abactu\u00f3 en consecuencia\u00bb para avanzar en el tratamiento de esa normativa.<\/p>\n<p>En conferencia de prensa en casa de Gobierno, el funcionario reiter\u00f3 que el Gobierno <strong>rechaza el \u00abmodelo de toma y daca\u00bb <\/strong>que atribuye a la pol\u00edtica tradicional y que, dijo, <strong>\u00abnunca se va a aplicar\u00bb<\/strong> en la administraci\u00f3n de Javier Milei.<\/p>\n<p>Adorni llam\u00f3 a \u00ab<strong>entender que la Argentina que queremos no pasa por el lema del paro\u00bb<\/strong> que la CGT concretar\u00e1 el mi\u00e9rcoles, y que fue convocado, dijo, para \u00abvoltear\u00bb el DNU de desregulaci\u00f3n econ\u00f3mica y la ley &#8216;Bases&#8217; que se discute en el Congreso.<\/p>\n<p>\u00abEl lema de todos los argentinos debe ser trabajar, salir adelante y terminar con tantas d\u00e9cadas de decadencia que nos han hecho mucho da\u00f1o y han generado un nivel de pobreza e indigencia hist\u00f3rica\u00bb, plante\u00f3 .<\/p>\n<p><em>Noticia en desarrollo<\/em> <\/p>\n","protected":false},"excerpt":{"rendered":"<p>Foto: Captura video El vocero presidencial, Manuel Adorni, sostuvo este lunes que el Gobierno \u00abentendi\u00f3\u00bb con cada sector que \u00abalgunas de las propuestas\u00bb para la ley &#8216;Bases&#8217; constitu\u00edan \u00abmejoras\u00bb, y afirm\u00f3 que por eso se \u00abactu\u00f3 en consecuencia\u00bb para avanzar en el tratamiento de esa normativa. En conferencia de prensa en casa de Gobierno, el [&hellip;]<\/p>\n","protected":false},"author":1,"featured_media":73190,"comment_status":"open","ping_status":"closed","sticky":false,"template":"","format":"standard","meta":[],"categories":[19],"tags":[],"_links":{"self":[{"href":"http:\/\/hoycordobaweb.com\/index.php\/wp-json\/wp\/v2\/posts\/73189"}],"collection":[{"href":"http:\/\/hoycordobaweb.com\/index.php\/wp-json\/wp\/v2\/posts"}],"about":[{"href":"http:\/\/hoycordobaweb.com\/index.php\/wp-json\/wp\/v2\/types\/post"}],"author":[{"embeddable":true,"href":"http:\/\/hoycordobaweb.com\/index.php\/wp-json\/wp\/v2\/users\/1"}],"replies":[{"embeddable":true,"href":"http:\/\/hoycordobaweb.com\/index.php\/wp-json\/wp\/v2\/comments?post=73189"}],"version-history":[{"count":0,"href":"http:\/\/hoycordobaweb.com\/index.php\/wp-json\/wp\/v2\/posts\/73189\/revisions"}],"wp:featuredmedia":[{"embeddable":true,"href":"http:\/\/hoycordobaweb.com\/index.php\/wp-json\/wp\/v2\/media\/73190"}],"wp:attachment":[{"href":"http:\/\/hoycordobaweb.com\/index.php\/wp-json\/wp\/v2\/media?parent=73189"}],"wp:term":[{"taxonomy":"category","embeddable":true,"href":"http:\/\/hoycordobaweb.com\/index.php\/wp-json\/wp\/v2\/categories?post=73189"},{"taxonomy":"post_tag","embeddable":true,"href":"http:\/\/hoycordobaweb.com\/index.php\/wp-json\/wp\/v2\/tags?post=73189"}],"curies":[{"name":"wp","href":"https:\/\/api.w.org\/{rel}","templated":true}]}}