{"id":73083,"date":"2024-01-20T11:18:13","date_gmt":"2024-01-20T11:18:13","guid":{"rendered":"https:\/\/www.ole.com.ar\/futbol-internacional\/inglaterra\/valentin-barco-presentado-brighton-premier-league-inglaterra_0_Fhc5cE0Z5f.html"},"modified":"2024-01-20T11:18:13","modified_gmt":"2024-01-20T11:18:13","slug":"valentin-barco-fue-presentado-en-el-brighton","status":"publish","type":"post","link":"http:\/\/hoycordobaweb.com\/index.php\/2024\/01\/20\/valentin-barco-fue-presentado-en-el-brighton\/","title":{"rendered":"Valent\u00edn Barco fue presentado en el Brighton"},"content":{"rendered":"<p><img src=\"http:\/\/hoycordobaweb.com\/wp-content\/uploads\/2024\/01\/valentin-barco-fue-presentado-en-el-brighton.jpg\"><\/p>\n<p><time class=\"createDate\" datetime=\"2024-01-20T08:18:13-03:00\">20\/01\/2024 08:18hs.<\/time><time class=\"modificatedDate\" datetime=\"2024-01-20T08:50:33-03:00\"> Actualizado al 20\/01\/2024 08:50hs.<\/time><\/p>\n<div id=\"storyBody\">\n<div class=\"custom-text \" readability=\"30.818584070796\">\n<p><a href=\"https:\/\/www.ole.com.ar\/tema\/valentin-barco.html\" title=\"Valent\u00edn Barco\" alt=\"Valent\u00edn Barco\" class=\"slug\">Valent\u00edn Barco<\/a> fue presentado en el <a href=\"https:\/\/www.ole.com.ar\/tema\/brighton.html\" title=\"brighton\" alt=\"brighton\" class=\"slug\">Brighton<\/a> este s\u00e1bado por la ma\u00f1ana. El club ingl\u00e9s anunci\u00f3 la incorporaci\u00f3n del joven surgido en <strong><a href=\"https:\/\/www.ole.com.ar\/tema\/boca-juniors.html\" title=\"Boca Juniors\" alt=\"Boca Juniors\" class=\"slug\">Boca<\/a>, quien firm\u00f3 un contrato con las Gaviotas por cuatro a\u00f1os y medio hasta el 2028. <\/strong><\/p>\n<\/div>\n<div class=\"custom-text \" readability=\"38\">\n<p>\u201cConocemos a Valentin desde hace mucho tiempo y estamos impresionados con el progreso que ha logrado a nivel nacional e internacional. <strong>Estamos encantados de darle la bienvenida al club y estamos deseando ver c\u00f3mo progresa y se desarrolla con Roberto (De Zerbi)\u00bb,<\/strong> anunci\u00f3 David Weir, el director deportivo del club, en su p\u00e1gina oficial.<\/p>\n<\/div>\n<div class=\"custom-text \" readability=\"41\">\n<p>\u00abHa jugado predominantemente en el lado izquierdo, como lateral o extremo, pero tambi\u00e9n demostr\u00f3 su versatilidad con Boca, jugando en el mediocampo. Es un prospecto apasionante, <strong>pero tambi\u00e9n es importante que le demos tiempo, ya que necesita adaptarse y adaptarse al nuevo entorno y a la Premier League\u00bb, <\/strong>complet\u00f3 Weir.<\/p>\n<\/div>\n<div class=\"custom-text \" readability=\"38\">\n<p>Vale recordar que Barco, m\u00e1s all\u00e1 del anuncio, se presentar\u00e1 en el Brighton una vez finalice el Preol\u00edmpico Sub-23, para el que se encuentra concentrado con la Selecci\u00f3n Argentina,<strong> que buscar\u00e1 el boleto a los Juegos Ol\u00edmpicos de Par\u00eds 2024 a trav\u00e9s de su \u00faltima v\u00eda. <\/strong><\/p>\n<\/div>\n<div type=\"embed\" class=\"sc-7ce6049-0 dwIKul\">\n<div class=\"sc-7ce6049-1 bdcBBS videoText\" id=\"contentTitleembedVDSRkLOg\" type=\"embed\"><svg fill=\"#ffffff\"><symbol id=\"play\" viewBox=\"0 0 512 512\"><path d=\"M512 256C512 397.4 397.4 512 256 512C114.6 512 0 397.4 0 256C0 114.6 114.6 0 256 0C397.4 0 512 114.6 512 256zM176 168V344C176 352.7 180.7 360.7 188.3 364.9C195.8 369.2 205.1 369 212.5 364.5L356.5 276.5C363.6 272.1 368 264.4 368 256C368 247.6 363.6 239.9 356.5 235.5L212.5 147.5C205.1 142.1 195.8 142.8 188.3 147.1C180.7 151.3 176 159.3 176 168V168z\" \/><\/symbol><use xlink:href=\"#play\" \/><\/svg><\/p>\n<div class=\"right\">\n<p>brighton<!-- --> &#8211;<!-- --> <span>20-1-2024<\/span><\/p>\n<h2 class=\"title-vid\">Brighton present\u00f3 a Valent\u00edn Barco<\/h2>\n<\/div>\n<\/div>\n<p><span class=\"back\" id=\"spanBackembedVDSRkLOg\"><\/span><\/div>\n<p><h2><strong>Con la llegada de Barco, el Brighton tendr\u00e1 18 jugadores Sub 23<\/strong><\/h2>\n<\/p>\n<div class=\"custom-text \" readability=\"38\">\n<p>A pesar de que hoy las Gaviotas tienen un gran presente y se encuentran en octavos de Europa League, en 16avos de FA Cup y octavos en la Premier League, buscar\u00e1n comenzar un nuevo proyecto <strong>en el cual el 56% de los futbolistas del primer equipo que maneja De Zerbi no supera los 23 a\u00f1os.<\/strong> Ac\u00e1, el listado uno por uno:<\/p>\n<\/div>\n<div class=\"custom-text \">\n<ul>\n<li>Jack Hinshelwood, 18 a\u00f1os (Inglaterra)<\/li>\n<li>Adrian Mazilu, 18 a\u00f1os (Rumania)<\/li>\n<li>Facundo Buonanotte, 19 a\u00f1os &#8211; 6 millones (Argentina)<\/li>\n<li>Julio Enciso, 19 a\u00f1os (Paraguay)<\/li>\n<li>Evan Ferguson, 19 a\u00f1os (Irlanda)<\/li>\n<li>Valent\u00edn Barco, 19 a\u00f1os &#8211; 10 millones (Argentina)<\/li>\n<li>Carlos Baleba, 20 a\u00f1os (Camer\u00fan)<\/li>\n<li>Yasin Ayari, 20 a\u00f1os (Suecia)<\/li>\n<li>Kacper Kozlowski, 20 a\u00f1os (Polonia)<\/li>\n<li>Bart Verbruggen, 21 a\u00f1os (Pa\u00edses Bajos)<\/li>\n<li>Jeremy Sarmiento, 21 a\u00f1os (Ecuador)<\/li>\n<li>Abdallah Sima, 22 a\u00f1os (Senegal)<\/li>\n<li>Billy Gilmour, 22 a\u00f1os (Escocia)<\/li>\n<li>Jo\u00e3o Pedro, 22 a\u00f1os (Brasil)<\/li>\n<li>Simon Adingra, 22 a\u00f1os (Costa de Marfil)<\/li>\n<li>Jan Paul van Hecke, 23 a\u00f1os (Pa\u00edses Bajos)<\/li>\n<li>Tariq Lamptey, 23 a\u00f1os (Ghana)<\/li>\n<li>Kjell Scherpen, 23 a\u00f1os (Pa\u00edses Bajos)<\/li>\n<\/ul>\n<\/div>\n<div class=\"custom-text \" readability=\"39\">\n<p>Teniendo en cuenta el total de la plantilla, <strong>la media de edad del Brighton es de 25,8 a\u00f1os. <\/strong>Adem\u00e1s el balance de los fichajes e incorporaciones de esta temporada 23\/24 tienen un valor en +95,55 millones de euros, por lo que queda evidenciado el gran trabajo que realiza el grupo de scouting del club.<\/p>\n<\/div>\n<div class=\"custom-text \" readability=\"38\">\n<p>La llegada de Barco al equipo brit\u00e1nico significa una buena noticia para el f\u00fatbol de nuestro pa\u00eds ya que en los 122 a\u00f1os de historia del club, <strong>tan solo ocho argentinos se han puesto la camiseta de las Gaviotas. <\/strong>Actualmente, el \u00fanico nacido en suelo rioplatense es Facundo Buonanotte, <strong>quien lleva convertidos dos goles en 30 presentaciones.<\/strong><\/p>\n<\/div>\n<p><h2><strong>Las \u00faltimas 7 promesas que fueron a la Premier<\/strong><\/h2>\n<\/p>\n<div class=\"custom-text \" readability=\"40\">\n<p>-Juan Foyth: Dur\u00f3 solo nueve partidos en Estudiantes de la Plata. Y es que, con solo 18 a\u00f1os, el por entonces zaguero central demostr\u00f3 una jerarqu\u00eda notable para el f\u00fatbol argentino. Tanto es as\u00ed que el Tottenham no tuvo ning\u00fan reparo en desembolsar 10.500.000 de euros para llev\u00e1rselo a Inglaterra, en agosto de 2017. Luego, en 2020, terminar\u00eda emigrando al Villarreal. Fue campe\u00f3n del mundo en Qatar 2022.<\/p>\n<\/div>\n<div class=\"custom-text \" readability=\"43\">\n<p>-Alexis Mac Allister: De Argentinos Juniors sali\u00f3 un volante ofensivo con muy buenos dotes: gran visi\u00f3n, excelente pase, juego entre l\u00edneas y una pegada excelsa. Tras dos a\u00f1os en el Bicho, el Brighton pag\u00f3 8.000.000 de euros por \u00e9l. Sin embargo, lo dej\u00f3 en el f\u00fatbol argentino un a\u00f1o m\u00e1s: seis meses en la Paternal y otros seis meses en Boca. Su buen nivel en las Gaviotas, sumado a su excelente Mundial, lo llev\u00f3 a ser vendido al Liverpool, en julio, por 42.000.000 de euros.<\/p>\n<\/div>\n<div class=\"custom-text \" readability=\"45\">\n<p>-Juli\u00e1n \u00c1lvarez: Disruptivo total. En River, en el Manchester City y en la Selecci\u00f3n. Hab\u00eda hecho su debut en el Millonario a finales del 2018, pero no fue hasta el 2021 que explot\u00f3, convirti\u00e9ndose en la figura de la Liga Profesional. Pep Guardiola le apunt\u00f3 con todos los ca\u00f1ones y se lo llev\u00f3 al Eithad Stadium, en julio de 2022, por 21.400.000 de euros. Despu\u00e9s, har\u00eda historia: Premier, FA Cup, Champions, Supercopa de Europa, Mundial de Clubes y Qatar 2022.<\/p>\n<\/div>\n<div class=\"custom-text \" readability=\"38\">\n<p>-Maxi Perrone: Fue tan significativo su paso por V\u00e9lez y la Selecci\u00f3n Sub 20 que apenas dur\u00f3 el 2022 en el f\u00fatbol argentino. Como una de las grandes promesas del f\u00fatbol argentino, se fue al Manchester City por 11.000.000 de euros. En los \u00faltimos meses de la temporada 2022\/23, apenas pudo jugar 20&#8242; en Inglaterra. Por dicho motivo, se fue a pr\u00e9stamo a Las Palmas.<\/p>\n<\/div>\n<div class=\"custom-text \" readability=\"38\">\n<p>-Carlos Alcaraz: Su rendimiento fue creciendo y creciendo en Racing hasta ser el h\u00e9roe en el Trofeo de Campeones, vs. Boca. Esa ser\u00eda su \u00faltima funci\u00f3n en Avellaneda, ya que el Southampton se lo llev\u00f3 por 13.650.000 de euros. En Inglaterra, lleva convertidos siete goles en 41 presentaciones para un equipo que descendi\u00f3 de la Premier a la Championship.<\/p>\n<\/div>\n<div class=\"custom-text \" readability=\"40\">\n<p>-Facundo Buonanotte: Otro que dur\u00f3 apenas un a\u00f1ito en su club, destac\u00e1ndose como la figura de Rosario Central en 2022. 6.000.000 de euros puso sobre la mesa el Brighton para llev\u00e1rselo a la Premier, en enero de 2023. En el sur de Inglaterra, convirti\u00f3 dos goles y brind\u00f3 dos asistencias en 23 partidos. Adem\u00e1s, hizo su debut con la Selecci\u00f3n Argentina en junio, vs. Indonesia (2-0).<\/p>\n<\/div>\n<div class=\"custom-text \" readability=\"38\">\n<p>-Alejo V\u00e9liz: Con 19 goles convertidos en Rosario Central, y luego de una buena Copa del Mundo Sub 20, Alejo V\u00e9liz se mud\u00f3 al Tottenham por una cifra cercana a los 15.000.000 de euros. A pesar de la ilusi\u00f3n que gener\u00f3 su desembarco en la Premier, lo cierto es que Ange Postecoglou le dio pocos minutos hasta ahora: apenas seis partidos en Londres.<\/p>\n<\/div>\n<div class=\"sc-a7166897-0 exHLBh\" readability=\"6\">\n<section readability=\"2\"><picture><img alt=\"La noticia sobre Salah que Liverpool quer\u00eda escuchar\" src=\"http:\/\/hoycordobaweb.com\/wp-content\/uploads\/2024\/01\/valentin-barco-fue-presentado-en-el-brighton-2.jpg\" width=\"290\" height=\"290\" decoding=\"async\" data-nimg=\"future\" loading=\"lazy\"><\/picture>\n<p><span>Mir\u00e1 tambi\u00e9n<\/span><\/p>\n<hr>\n<h3>La noticia sobre Salah que Liverpool quer\u00eda escuchar<\/h3>\n<\/p>\n<\/section>\n<\/div>\n<div class=\"sc-a7166897-0 exHLBh\" readability=\"6\">\n<section readability=\"2\"><picture><img alt=\"Video: la intimidad del plantel de Boca en el viaje a C\u00f3rdoba\" src=\"http:\/\/hoycordobaweb.com\/wp-content\/uploads\/2024\/01\/valentin-barco-fue-presentado-en-el-brighton-3.jpg\" width=\"290\" height=\"290\" decoding=\"async\" data-nimg=\"future\" loading=\"lazy\"><\/picture>\n<p><span>Mir\u00e1 tambi\u00e9n<\/span><\/p>\n<hr>\n<h3>Video: la intimidad del plantel de Boca en el viaje a C\u00f3rdoba<\/h3>\n<\/p>\n<\/section>\n<\/div>\n<div class=\"sc-a7166897-0 exHLBh\" readability=\"6.5\">\n<section readability=\"3\"><picture><img alt=\"La agenda de Messi: 38 mil kil\u00f3metros, seis partidos m\u00e1s y un cara a cara con CR7\" src=\"http:\/\/hoycordobaweb.com\/wp-content\/uploads\/2024\/01\/valentin-barco-fue-presentado-en-el-brighton-4.jpg\" width=\"290\" height=\"290\" decoding=\"async\" data-nimg=\"future\" loading=\"lazy\"><\/picture>\n<p><span>Mir\u00e1 tambi\u00e9n<\/span><\/p>\n<hr>\n<h3>La agenda de Messi: 38 mil kil\u00f3metros, seis partidos m\u00e1s y un cara a cara con CR7<\/h3>\n<\/p>\n<\/section>\n<\/div>\n<\/div>\n","protected":false},"excerpt":{"rendered":"<p>20\/01\/2024 08:18hs. Actualizado al 20\/01\/2024 08:50hs. Valent\u00edn Barco fue presentado en el Brighton este s\u00e1bado por la ma\u00f1ana. El club ingl\u00e9s anunci\u00f3 la incorporaci\u00f3n del joven surgido en Boca, quien firm\u00f3 un contrato con las Gaviotas por cuatro a\u00f1os y medio hasta el 2028. \u201cConocemos a Valentin desde hace mucho tiempo y estamos impresionados con [&hellip;]<\/p>\n","protected":false},"author":1,"featured_media":73084,"comment_status":"open","ping_status":"closed","sticky":false,"template":"","format":"standard","meta":[],"categories":[16],"tags":[],"_links":{"self":[{"href":"http:\/\/hoycordobaweb.com\/index.php\/wp-json\/wp\/v2\/posts\/73083"}],"collection":[{"href":"http:\/\/hoycordobaweb.com\/index.php\/wp-json\/wp\/v2\/posts"}],"about":[{"href":"http:\/\/hoycordobaweb.com\/index.php\/wp-json\/wp\/v2\/types\/post"}],"author":[{"embeddable":true,"href":"http:\/\/hoycordobaweb.com\/index.php\/wp-json\/wp\/v2\/users\/1"}],"replies":[{"embeddable":true,"href":"http:\/\/hoycordobaweb.com\/index.php\/wp-json\/wp\/v2\/comments?post=73083"}],"version-history":[{"count":0,"href":"http:\/\/hoycordobaweb.com\/index.php\/wp-json\/wp\/v2\/posts\/73083\/revisions"}],"wp:featuredmedia":[{"embeddable":true,"href":"http:\/\/hoycordobaweb.com\/index.php\/wp-json\/wp\/v2\/media\/73084"}],"wp:attachment":[{"href":"http:\/\/hoycordobaweb.com\/index.php\/wp-json\/wp\/v2\/media?parent=73083"}],"wp:term":[{"taxonomy":"category","embeddable":true,"href":"http:\/\/hoycordobaweb.com\/index.php\/wp-json\/wp\/v2\/categories?post=73083"},{"taxonomy":"post_tag","embeddable":true,"href":"http:\/\/hoycordobaweb.com\/index.php\/wp-json\/wp\/v2\/tags?post=73083"}],"curies":[{"name":"wp","href":"https:\/\/api.w.org\/{rel}","templated":true}]}}