{"id":73073,"date":"2024-01-20T13:59:01","date_gmt":"2024-01-20T13:59:01","guid":{"rendered":"https:\/\/www.ole.com.ar\/lanus\/marcelino-moreno-nuevo-refuerzo-lanus-incorporaciones-libro-pases_0_RpKKU0DJRz.html"},"modified":"2024-01-20T13:59:01","modified_gmt":"2024-01-20T13:59:01","slug":"volvio-marcelino-moreno-a-lanus-entre-la-magia-y-la-chicana","status":"publish","type":"post","link":"http:\/\/hoycordobaweb.com\/index.php\/2024\/01\/20\/volvio-marcelino-moreno-a-lanus-entre-la-magia-y-la-chicana\/","title":{"rendered":"Volvi\u00f3 Marcelino Moreno a Lan\u00fas, entre la magia y la chicana"},"content":{"rendered":"<p><img src=\"http:\/\/hoycordobaweb.com\/wp-content\/uploads\/2024\/01\/volvio-marcelino-moreno-a-lanus-entre-la-magia-y-la-chicana.jpg\"><\/p>\n<p><time class=\"createDate\" datetime=\"2024-01-20T10:59:01-03:00\">20\/01\/2024 10:59hs.<\/time><\/p>\n<div id=\"storyBody\">\n<div class=\"custom-text \" readability=\"32\">\n<p>Un poco de magia. Un poco de chicana.<\/p>\n<\/div>\n<div class=\"custom-text \" readability=\"33\">\n<p><strong>Lan\u00fas present\u00f3 a su quinto fichaje <\/strong>en el libro de pases estival 2024 con un ingenioso video que tuvo sus condimentos.<\/p>\n<\/div>\n<div class=\"custom-text \" readability=\"31.813953488372\">\n<p>Si bien el argumento del corto hizo hincapi\u00e9 en el regreso del mendocino <strong><a href=\"https:\/\/www.ole.com.ar\/tema\/marcelino-moreno.html\" title=\"Marcelino Moreno\" alt=\"Marcelino Moreno\" class=\"slug\">Marcelino Moreno<\/a><\/strong> tras su salida en octubre 2020, tambi\u00e9n -como quien si quiere la cosa- hubo gui\u00f1os c\u00f3mplices con la gente (principalmente con los habitantes de las redes sociales) y su pensamiento sobre <strong><a href=\"https:\/\/www.ole.com.ar\/tema\/agustin-marchesin.html\" title=\"Agustin Marchesin\" alt=\"Agustin Marchesin\" class=\"slug\">Agust\u00edn Marches\u00edn<\/a><\/strong>.<\/p>\n<\/div>\n<div class=\"custom-text \" readability=\"37.770491803279\">\n<p>El arquero, otro hijo dilecto del Grana y a quien se esperaba por la situaci\u00f3n cr\u00edtica del club con los promedios, opt\u00f3 por Gremio de Porto Alegre tras haberse desvinculado del Celta de Vigo. As\u00ed, <strong><a href=\"https:\/\/www.ole.com.ar\/tema\/ricardo-zielinski.html\" title=\"Ricardo Zielinski\" alt=\"Ricardo Zielinski\" class=\"slug\">Ricardo Zielinski<\/a><\/strong>, el entrenador, se decidi\u00f3 por quedarse en el puesto con Lucas Acosta y Alan Aguerre.<\/p>\n<\/div>\n<div class=\"custom-text \" readability=\"38\">\n<p>En las im\u00e1genes se puede ver como un mago saca la carta de una sota, del 10, pero descarta el 1 (de copa). Finalmente,<strong> el propio Moreno acaba con una frase contundente y explicativa: \u201cTen\u00eda que estar en casa\u201d. <\/strong>Tambi\u00e9n se observ\u00f3 la presencia de una bicicleta y los habituales confites de chocolate que llevan las iniciales del volante ofensivo cuyano.<\/p>\n<\/div>\n<p><h2><strong>Cinco refuerzos y van por m\u00e1s<\/strong><\/h2>\n<\/p>\n<div class=\"custom-text \" readability=\"40\">\n<p>El Grana, quien ya present\u00f3 a Abel Luciatti, Ramiro Carrera, Nery Dom\u00ednguez y Walter Bou, <strong>comenzar\u00e1 su a\u00f1o oficial el pr\u00f3ximo s\u00e1bado 27 de enero, desde las 17, ante San Lorenzo en el Nuevo Gas\u00f3metro<\/strong>.<\/p>\n<\/div>\n<div class=\"custom-text \" readability=\"38\">\n<p>En la pretemporada, los del Ruso igualaron 1-1 con la Selecci\u00f3n Preol\u00edmpica de Argentina, derrotaron 1-0 a Instituto y cayeron por el mismo resultado frente a Argentinos Juniors. Este s\u00e1bado, le ganaron 2-0 a Racing en La Fortaleza, sede de todos los partidos.<\/p>\n<\/div>\n<div class=\"custom-text \" readability=\"35\">\n<p><strong>Con un promedio de 1,134, apenas tiene por debajo en la tabla a los reci\u00e9n ascendidos Independiente Rivadavia y Deportivo Riestra.<\/strong><\/p>\n<\/div>\n<p><h2><strong>El comunicado de Lan\u00fas sobre la llegada de Marcelino Moreno<\/strong><\/h2>\n<\/p>\n<div class=\"custom-text \" readability=\"36\">\n<p>\u201cClub Lan\u00fas se complace en anunciar la contrataci\u00f3n del jugador Marcelino Moreno, nuestro quinto fichaje en este mercado de verano; proveniente de Coritiba, su v\u00ednculo ser\u00e1 hasta diciembre de 2026.<\/p>\n<\/div>\n<div class=\"custom-text \" readability=\"36\">\n<p>Poseedor de un distinguido talento, Moreno se incorpor\u00f3 como jugador juvenil de nuestra instituci\u00f3n en 2013. A nivel profesional, ha defendido nuestra camiseta en 112 oportunidades y ha marcado seis goles.<\/p>\n<\/div>\n<div class=\"custom-text \" readability=\"35\">\n<p>Por otro lado, a lo largo de su carrera deportiva tambi\u00e9n registr\u00f3 pasos por Talleres de C\u00f3rdoba, Atlanta United (Estados Unidos) y el mencionado Coritiba (Brasil).<\/p>\n<\/div>\n<div class=\"custom-text \" readability=\"36\">\n<p>A Marcelino, uno de los genuinos s\u00edmbolos del #OrgulloGranate, le deseamos el mayor de los \u00e9xitos en esta etapa en el Club Atl\u00e9tico Lan\u00fas. \u00a1Bienvenido al Grana, Lino!\u201d<\/p>\n<\/div>\n<p><h2><strong>Video: la presentaci\u00f3n de Lino<\/strong><\/h2>\n<\/p>\n<div type=\"embed\" class=\"sc-7ce6049-0 dwIKul\">\n<div class=\"sc-7ce6049-1 bdcBBS videoText\" id=\"contentTitleembeddB4nT1PJ\" type=\"embed\" readability=\"56\"><svg fill=\"#ffffff\"><symbol id=\"play\" viewBox=\"0 0 512 512\"><path d=\"M512 256C512 397.4 397.4 512 256 512C114.6 512 0 397.4 0 256C0 114.6 114.6 0 256 0C397.4 0 512 114.6 512 256zM176 168V344C176 352.7 180.7 360.7 188.3 364.9C195.8 369.2 205.1 369 212.5 364.5L356.5 276.5C363.6 272.1 368 264.4 368 256C368 247.6 363.6 239.9 356.5 235.5L212.5 147.5C205.1 142.1 195.8 142.8 188.3 147.1C180.7 151.3 176 159.3 176 168V168z\" \/><\/symbol><use xlink:href=\"#play\" \/><\/svg><\/p>\n<div class=\"right\" readability=\"7\">\n<p>Marcelino Moreno<!-- --> &#8211;<!-- --> <span>20-1-2024<\/span><\/p>\n<h2 class=\"title-vid\">El Grana present\u00f3 el regreso de Marcelino Moreno entre magia y chicanas <\/h2>\n<\/div>\n<\/div>\n<p><span class=\"back\" id=\"spanBackembeddB4nT1PJ\"><\/span><\/div>\n<div class=\"sc-a7166897-0 exHLBh\" readability=\"6\">\n<section readability=\"2\"><picture><img alt=\"El mercado de verano 2024: todos los movimientos equipo por equipo\" src=\"http:\/\/hoycordobaweb.com\/wp-content\/uploads\/2024\/01\/volvio-marcelino-moreno-a-lanus-entre-la-magia-y-la-chicana-2.jpg\" width=\"290\" height=\"290\" decoding=\"async\" data-nimg=\"future\" loading=\"lazy\"><\/picture>\n<p><span>Mir\u00e1 tambi\u00e9n<\/span><\/p>\n<hr>\n<h3>El mercado de verano 2024: todos los movimientos equipo por equipo<\/h3>\n<\/p>\n<\/section>\n<\/div>\n<div class=\"sc-a7166897-0 exHLBh\" readability=\"6\">\n<section readability=\"2\"><picture><img alt=\"Walter Bou ya es refuerzo de Lan\u00fas \" src=\"http:\/\/hoycordobaweb.com\/wp-content\/uploads\/2024\/01\/volvio-marcelino-moreno-a-lanus-entre-la-magia-y-la-chicana-3.jpg\" width=\"290\" height=\"290\" decoding=\"async\" data-nimg=\"future\" loading=\"lazy\"><\/picture>\n<p><span>Mir\u00e1 tambi\u00e9n<\/span><\/p>\n<hr>\n<h3>Walter Bou ya es refuerzo de Lan\u00fas <\/h3>\n<\/p>\n<\/section>\n<\/div>\n<div class=\"sc-a7166897-0 exHLBh\" readability=\"6\">\n<section readability=\"2\"><picture><img alt=\"D\u00edas y horarios de las primeras seis fechas de la Copa de la Liga Profesional 2024\" src=\"http:\/\/hoycordobaweb.com\/wp-content\/uploads\/2024\/01\/volvio-marcelino-moreno-a-lanus-entre-la-magia-y-la-chicana-4.jpg\" width=\"290\" height=\"290\" decoding=\"async\" data-nimg=\"future\" loading=\"lazy\"><\/picture>\n<p><span>Mir\u00e1 tambi\u00e9n<\/span><\/p>\n<hr>\n<h3>D\u00edas y horarios de las primeras seis fechas de la Copa de la Liga Profesional 2024<\/h3>\n<\/p>\n<\/section>\n<\/div>\n<\/div>\n","protected":false},"excerpt":{"rendered":"<p>20\/01\/2024 10:59hs. Un poco de magia. Un poco de chicana. Lan\u00fas present\u00f3 a su quinto fichaje en el libro de pases estival 2024 con un ingenioso video que tuvo sus condimentos. Si bien el argumento del corto hizo hincapi\u00e9 en el regreso del mendocino Marcelino Moreno tras su salida en octubre 2020, tambi\u00e9n -como quien [&hellip;]<\/p>\n","protected":false},"author":1,"featured_media":73074,"comment_status":"open","ping_status":"closed","sticky":false,"template":"","format":"standard","meta":[],"categories":[16],"tags":[],"_links":{"self":[{"href":"http:\/\/hoycordobaweb.com\/index.php\/wp-json\/wp\/v2\/posts\/73073"}],"collection":[{"href":"http:\/\/hoycordobaweb.com\/index.php\/wp-json\/wp\/v2\/posts"}],"about":[{"href":"http:\/\/hoycordobaweb.com\/index.php\/wp-json\/wp\/v2\/types\/post"}],"author":[{"embeddable":true,"href":"http:\/\/hoycordobaweb.com\/index.php\/wp-json\/wp\/v2\/users\/1"}],"replies":[{"embeddable":true,"href":"http:\/\/hoycordobaweb.com\/index.php\/wp-json\/wp\/v2\/comments?post=73073"}],"version-history":[{"count":0,"href":"http:\/\/hoycordobaweb.com\/index.php\/wp-json\/wp\/v2\/posts\/73073\/revisions"}],"wp:featuredmedia":[{"embeddable":true,"href":"http:\/\/hoycordobaweb.com\/index.php\/wp-json\/wp\/v2\/media\/73074"}],"wp:attachment":[{"href":"http:\/\/hoycordobaweb.com\/index.php\/wp-json\/wp\/v2\/media?parent=73073"}],"wp:term":[{"taxonomy":"category","embeddable":true,"href":"http:\/\/hoycordobaweb.com\/index.php\/wp-json\/wp\/v2\/categories?post=73073"},{"taxonomy":"post_tag","embeddable":true,"href":"http:\/\/hoycordobaweb.com\/index.php\/wp-json\/wp\/v2\/tags?post=73073"}],"curies":[{"name":"wp","href":"https:\/\/api.w.org\/{rel}","templated":true}]}}