{"id":73041,"date":"2024-01-19T07:50:19","date_gmt":"2024-01-19T07:50:19","guid":{"rendered":"https:\/\/www.mujerhoy.com\/vivir\/ocio\/cristobal-balenciaga-biopic-disenador-vasco-disney-plus-20240119112542-nt.html"},"modified":"2024-01-19T07:50:19","modified_gmt":"2024-01-19T07:50:19","slug":"cristobal-balenciaga-el-biopic-del-legendario-disenador-espanol-se-estrena-por-fin-en-disney","status":"publish","type":"post","link":"http:\/\/hoycordobaweb.com\/index.php\/2024\/01\/19\/cristobal-balenciaga-el-biopic-del-legendario-disenador-espanol-se-estrena-por-fin-en-disney\/","title":{"rendered":"Crist\u00f3bal Balenciaga: el biopic del legendario dise\u00f1ador espa\u00f1ol se estrena (por fin) en Disney+"},"content":{"rendered":"<p><!-- AUTHOR --> <\/p>\n<div class=\"voc-author-timesocial \"> <!-- AUTHOR --> <\/p>\n<div class=\"voc-author-timesocial__signature\"> <!-- IMAGE AUTHOR --> <picture class=\"voc-image-signature\"> <img class=\"voc-image-signature__img\" src=\"http:\/\/hoycordobaweb.com\/wp-content\/uploads\/2024\/01\/cristobal-balenciaga-el-biopic-del-legendario-disenador-espanol-se-estrena-por-fin-en-disney.jpg\" alt=\"Alo\u00f1a Fdez. Larrechi\"> <\/picture> <!-- INFO AUTHOR --> <\/div><\/div>\n<p> <!-- COMPONENTS --> <\/p>\n<p class=\"voc-paragraph\">Aunque 2024 ha comenzado sobrado de <a data-voc-vtm-id=\"in-text-traffic\" href=\"https:\/\/www.mujerhoy.com\/actualidad\/mejores-estrenos-series-enero-2024-balenciaga-los-amos-del-aire-20240101132648-nt.html\" title=\"www.mujerhoy.com\">estrenos de series<\/a> interesantes, la llegada de una de las producciones que m\u00e1s expectativas ha despertado este a\u00f1o no se ha hecho esperar y <strong>el biopic del dise\u00f1ador espa\u00f1ol<\/strong> m\u00e1s importante ya est\u00e1 disponible. Porque Disney+ ha estrenado hoy Crist\u00f3bal Balenciaga, la serie sobre el modisto vasco protagonizada por Alberto San Juan. <\/p>\n<p class=\"voc-paragraph\">Creador de dise\u00f1os ic\u00f3nicos que pasaron a la historia de la moda, <strong>Balenciaga<\/strong> es una de las figuras que m\u00e1s inter\u00e9s ha despertado en los \u00faltimos tiempos, con la publicaci\u00f3n de <a data-voc-vtm-id=\"in-text-traffic\" href=\"https:\/\/www.mujerhoy.com\/actualidad\/el-enigma-balenciaga-libro-misterio-disenador-sonsoles-icaza-influencer-20231105112840-nt.html\" title=\"www.mujerhoy.com\">El enigma Balenciaga<\/a>, que repasa los momentos m\u00e1s relevantes de su carrera, y la exposici\u00f3n que, hace unos meses, rescat\u00f3 en Par\u00eds sus <a data-voc-vtm-id=\"in-text-traffic\" href=\"https:\/\/www.mujerhoy.com\/lujo-slow\/vestido-mas-bonito-grace-kelly-exposicion-balenciaga-paris-looks-impresionantes-disenador-espanol-20230915111539-nt.html\" title=\"www.mujerhoy.com\">dise\u00f1os in\u00e9ditos<\/a>. A ella se ha unido una <a data-voc-vtm-id=\"in-text-traffic\" href=\"https:\/\/www.mujerhoy.com\/lujo-slow\/noticias-lujo-planes-diciembre-exposicion-balenciaga-museo-botanico-looks-fiesta-desfile-louis-vuitton-20231124124706-nt.html\" title=\"www.mujerhoy.com\">exposici\u00f3n en el Real Jard\u00edn Bot\u00e1nico <\/a>de Madrid con im\u00e1genes y material in\u00e9dito de la serie donde, hasta el domingo 21 de enero se podr\u00e1n ver (y admirar) varias r\u00e9plicas artesanales de los vestidos utilizados en el rodaje. Porque aunque ha pasado m\u00e1s de medio siglo desde su muerte, Balenciaga sigue siendo un nombre imprescindible en los armarios de mujeres de todo el mundo.\n<\/p>\n<p class=\"voc-paragraph\">Y ahora se convierte en protagonista de una serie firmada por una de las plataformas m\u00e1s importantes del streaming, que ha querido compartir los dise\u00f1os creados para la producci\u00f3n en una muestra que se puede ver en Madrid hasta el 21 de enero. Porque Crist\u00f3bal Balenciaga es un biopic que va a enamorar a las amantes del universo de la <strong>moda<\/strong>. <\/p>\n<p><h3 class=\"voc-detail__title\"> Balenciaga en Par\u00eds<br \/>\n<\/h3>\n<\/p>\n<p class=\"voc-paragraph\">Creada por Lourdes Iglesias y los ganadores de 12 Goyas Aitor Arregi, Jon Gara\u00f1o y Jos\u00e9 Mari Goenaga (La trinchera infinita), Crist\u00f3bal Balenciaga arranca en 1937. Tras el estallido de la Guerra Civil espa\u00f1ola, el dise\u00f1ador se estableci\u00f3 en Par\u00eds y fue entonces cuando present\u00f3 su <strong>primera colecci\u00f3n de alta costura<\/strong> en la capital francesa. A pesar de su exitosa trayectoria en sus talleres de Madrid y San Sebasti\u00e1n vistiendo a la \u00e9lite y la aristocracia espa\u00f1ola, sus dise\u00f1os no terminan de funcionar en el sofisticado imperio de la moda. <\/p>\n<div class=\"voc-detail__cmp\">\n<div class=\"voc-article-container\">\n<article class=\"voc-article voc-article--cmp-photo-text\" readability=\"26.5\">\n<div class=\"voc-img-container\" readability=\"8\"> <picture>\n<div class=\"voc-horizontal voc-img-icon-link\"> <img class=\"lazy adsviu_analyse\" loading=\"lazy\" data-original=\"\/\/static1.mujerhoy.com\/www\/multimedia\/202401\/15\/media\/cortadas\/Balenciaga-serie-atelier-kffD--624x624@MujerHoy.jpg\" alt=\"Alberto San Juan como Crist\u00f3bal Balenciaga en una imagen del biopic sobre el modisto vasco.\" width=\"624\" height=\"624\"> <\/div>\n<\/picture>\n<p class=\"figure-caption \"> Alberto San Juan como Crist\u00f3bal Balenciaga en una imagen del biopic sobre el modisto vasco. \/ <span class=\"voc-photo-author\"> disney+ <\/span> <\/p>\n<\/p><\/div>\n<\/article><\/div>\n<\/div>\n<p class=\"voc-paragraph\">Y es que las parisinas m\u00e1s adineradas apuestan por las creaciones de Chanel, Dior y Givenchy y no reciben con entusiasmo al modisto vasco. Pero \u00e9l, obsesionado por el control en todos los aspectos de su vida y su trabajo, definir\u00e1 su estilo y se convertir\u00e1 en uno de los dise\u00f1adores m\u00e1s importantes de todos los tiempos. Un ascenso que la serie narra <strong>a trav\u00e9s de algunos de sus dise\u00f1os m\u00e1s conocidos<\/strong>, creaciones que han sido posibles gracias a la reconocida dise\u00f1adora de vestuario Dina Daigeler y el figurinista Pepo Ruiz Dorado.\n<\/p>\n<p class=\"voc-paragraph\">Enigm\u00e1tico y con un talento extraordinario, Crist\u00f3bal Balenciaga fue considerado por sus colegas un maestro, gracias a su manejo de la t\u00e9cnica y su perfeccionismo. Pero adem\u00e1s, sus inquietudes le llevaron a desafiar las <strong>convenciones estil\u00edsticas de la \u00e9poca<\/strong>, para investigar, experimentar e introducir innovaciones que conquistaron a los amantes del mundo de la moda. Cualidades que Alberto San Juan llevar\u00e1 a la pantalla con una interpretaci\u00f3n que ya ha recibido excelentes cr\u00edticas. <\/p>\n<p><h3 class=\"voc-detail__title\"> Grandes nombres de laq moda y el audiovisual<br \/>\n<\/h3>\n<\/p>\n<p class=\"voc-paragraph\">Entre las personalidades del mundo de la moda que podremos ver en la producci\u00f3n, compuesta por seis episodios, estar\u00e1n la m\u00edtica Coco Chanel, interpretada por Anouk Grinberg, la inolvidable <strong>Audrey Hepburn<\/strong>, a la que dar\u00e1 vida Anna-Victorie Olivier, y el inigualable Christian Dior, al que interpretar\u00e1 Patrice Thibaud. La espa\u00f1ola Bel\u00e9n Cuesta (Paquita Salas), ser\u00e1 Fabiola de Mora y Arag\u00f3n, m\u00e1s conocida como Fabiola de B\u00e9lgica, para la que Balenciaga dise\u00f1\u00f3 su vestido de boda. <\/p>\n<div class=\"voc-detail__cmp\">\n<div class=\"voc-article-container\">\n<article class=\"voc-article voc-article--cmp-photo-text\" readability=\"26.5\">\n<div class=\"voc-img-container\" readability=\"8\"> <picture>\n<div class=\"voc-horizontal voc-img-icon-link\"> <img class=\"lazy adsviu_analyse\" loading=\"lazy\" data-original=\"\/\/static2.mujerhoy.com\/www\/multimedia\/202401\/15\/media\/cortadas\/Balenciaga-serie-fabiola-kffD--624x624@MujerHoy.jpg\" alt=\"Bel\u00e9n Cuesta como Fabiola de Mora y Arag\u00f3n en una imagen del biopic de Crist\u00f3bal Balenciaga.\" width=\"624\" height=\"624\"> <\/div>\n<\/picture>\n<p class=\"figure-caption \"> Bel\u00e9n Cuesta como Fabiola de Mora y Arag\u00f3n en una imagen del biopic de Crist\u00f3bal Balenciaga. \/ <span class=\"voc-photo-author\"> disney+ <\/span> <\/p>\n<\/p><\/div>\n<\/article><\/div>\n<\/div>\n<p class=\"voc-paragraph\">Al igual que la vida del modisto, la producci\u00f3n estar\u00e1 repleta de momentos ic\u00f3nicos que har\u00e1n las delicias de los amantes de la moda, y de las buenas series. Y para completar su brillante propuesta narrativa, el biopic cuenta con un equipo de renombre a la hora de ponerle m\u00fasica. Compuesta y producida por el reconocido <strong>compositor Alberto Iglesias<\/strong>, la banda sonora grabada entre Londres y Madrid cuenta con la participaci\u00f3n de 40 m\u00fasicos, cuarteto de cuerda, el virtuoso Juan P\u00e9rez Florist\u00e1n al piano y coros dirigidos por Carlos Mena. <\/p>\n<p class=\"voc-paragraph\">Tras m\u00e1s de dos a\u00f1os de trabajo, la <strong>primera producci\u00f3n original espa\u00f1ola<\/strong> de Disney+ ya est\u00e1 disponible para que podamos deleitarnos con cada vestido, cada detalle y cada momento. Su impresionante elenco detr\u00e1s y delante de las c\u00e1maras es una buena muestra del cari\u00f1o y el trabajo que la plataforma ha puesto en esta producci\u00f3n que seguro que da de qu\u00e9 hablar las pr\u00f3ximas semanas. <\/p>\n<p> <!-- TOPICS --> <\/p>\n","protected":false},"excerpt":{"rendered":"<p>Aunque 2024 ha comenzado sobrado de estrenos de series interesantes, la llegada de una de las producciones que m\u00e1s expectativas ha despertado este a\u00f1o no se ha hecho esperar y el biopic del dise\u00f1ador espa\u00f1ol m\u00e1s importante ya est\u00e1 disponible. Porque Disney+ ha estrenado hoy Crist\u00f3bal Balenciaga, la serie sobre el modisto vasco protagonizada por [&hellip;]<\/p>\n","protected":false},"author":1,"featured_media":73042,"comment_status":"closed","ping_status":"closed","sticky":false,"template":"","format":"standard","meta":[],"categories":[1],"tags":[],"_links":{"self":[{"href":"http:\/\/hoycordobaweb.com\/index.php\/wp-json\/wp\/v2\/posts\/73041"}],"collection":[{"href":"http:\/\/hoycordobaweb.com\/index.php\/wp-json\/wp\/v2\/posts"}],"about":[{"href":"http:\/\/hoycordobaweb.com\/index.php\/wp-json\/wp\/v2\/types\/post"}],"author":[{"embeddable":true,"href":"http:\/\/hoycordobaweb.com\/index.php\/wp-json\/wp\/v2\/users\/1"}],"replies":[{"embeddable":true,"href":"http:\/\/hoycordobaweb.com\/index.php\/wp-json\/wp\/v2\/comments?post=73041"}],"version-history":[{"count":0,"href":"http:\/\/hoycordobaweb.com\/index.php\/wp-json\/wp\/v2\/posts\/73041\/revisions"}],"wp:featuredmedia":[{"embeddable":true,"href":"http:\/\/hoycordobaweb.com\/index.php\/wp-json\/wp\/v2\/media\/73042"}],"wp:attachment":[{"href":"http:\/\/hoycordobaweb.com\/index.php\/wp-json\/wp\/v2\/media?parent=73041"}],"wp:term":[{"taxonomy":"category","embeddable":true,"href":"http:\/\/hoycordobaweb.com\/index.php\/wp-json\/wp\/v2\/categories?post=73041"},{"taxonomy":"post_tag","embeddable":true,"href":"http:\/\/hoycordobaweb.com\/index.php\/wp-json\/wp\/v2\/tags?post=73041"}],"curies":[{"name":"wp","href":"https:\/\/api.w.org\/{rel}","templated":true}]}}