{"id":73039,"date":"2024-01-19T13:43:53","date_gmt":"2024-01-19T13:43:53","guid":{"rendered":"https:\/\/www.mujerhoy.com\/moda\/no-te-pierdas\/vestidos-rebajas-sfera-baratos-ponibles-merecen-la-pena-20240119144345-nt.html"},"modified":"2024-01-19T13:43:53","modified_gmt":"2024-01-19T13:43:53","slug":"vestidos-de-las-rebajas-de-sfera-que-merecen-la-pena-cuestan-menos-de-20-euros-y-quedan-de-maravilla","status":"publish","type":"post","link":"http:\/\/hoycordobaweb.com\/index.php\/2024\/01\/19\/vestidos-de-las-rebajas-de-sfera-que-merecen-la-pena-cuestan-menos-de-20-euros-y-quedan-de-maravilla\/","title":{"rendered":"Vestidos de las rebajas de Sfera que merecen la pena: cuestan menos de 20 euros y quedan de maravilla"},"content":{"rendered":"<p><!-- AUTHOR --> <\/p>\n<div class=\"voc-author-timesocial \"> <!-- AUTHOR --> <\/p>\n<div class=\"voc-author-timesocial__signature\"> <!-- IMAGE AUTHOR --> <picture class=\"voc-image-signature\"> <img class=\"voc-image-signature__img\" src=\"http:\/\/hoycordobaweb.com\/wp-content\/uploads\/2024\/01\/vestidos-de-las-rebajas-de-sfera-que-merecen-la-pena-cuestan-menos-de-20-euros-y-quedan-de-maravilla.jpg\" alt=\"Raquel Rodr\u00edguez\"> <\/picture> <!-- INFO AUTHOR --> <\/div><\/div>\n<p> <!-- COMPONENTS --> <\/p>\n<p class=\"voc-paragraph\">Aunque no hemos podido evitar fichar <a data-voc-vtm-id=\"in-text-traffic\" href=\"https:\/\/www.mujerhoy.com\/moda\/no-te-pierdas\/novedades-sfera-vestidos-baratos-basicos-invierno-2024-20240117004710-nt.html\" title=\"www.mujerhoy.com\">lo mejor de las novedades<\/a> porque tienen cosas preciosas que lucir en lo que queda de invierno, lo cierto es que las <strong>rebajas de Sfera<\/strong> tienen prendas que merecen la pena. Hay que aprovechar las rebajas y en la secci\u00f3n de descuentos de la firma hemos encontrado unos vestidos ideales que lo tienen todo.\n<\/p>\n<p class=\"voc-paragraph\">Si t\u00fa tambi\u00e9n buscas en rebajas prendas que puedas ponerte much\u00edsimo, que cuestan poco y que, adem\u00e1s, sean atemporales, bienvenida, estas opciones te van a encantar. Aqu\u00ed va una selecci\u00f3n de <strong>vestidos <\/strong>por<br \/>\n<strong> menos de 20 euros <\/strong>que estmaos seguras de que te van a hacer arrasar.\n<\/p>\n<div class=\"voc-detail-photo-zoom\"> <picture data-toggle=\"modal\" data-target=\"#photoZoomModal-960\" target=\"modal\">\n<div class=\"voc-img-icon-link\"> <img loading=\"lazy\" data-original=\"\/\/static.mujerhoy.com\/www\/multimedia\/202401\/18\/media\/cortadas\/vestido-cuero-kwPD--650x900@MujerHoy.jpg\" width=\"650\" height=\"900\" class=\"lazy adsviu_analyse\"> <noscript> <img src=\"http:\/\/hoycordobaweb.com\/wp-content\/uploads\/2024\/01\/vestidos-de-las-rebajas-de-sfera-que-merecen-la-pena-cuestan-menos-de-20-euros-y-quedan-de-maravilla.webp\"> <\/noscript> <i class=\"voc-icons zoom voc-multimedia-box voc-ico-l\"><\/i> <\/div><figcaption class=\"figure-caption\"><\/figcaption><\/picture>\n<\/div>\n<div id=\"photoZoomModal-960\" class=\"voc-lightbox modal fade voc-lightbox--photo-zoom\" role=\"dialog\" data-voc-photozoom-lightbox>\n<div class=\"voc-lightbox__dialog\" role=\"document\">\n<div class=\"voc-lightbox__content\"> <!-- Modal header --> <!-- Modal content --> <\/p>\n<div class=\"voc-lightbox__photo-container\"> <picture class> <img loading=\"lazy\" data-original=\"\/\/static.mujerhoy.com\/www\/multimedia\/202401\/18\/media\/cortadas\/vestido-cuero-kwPD--650x900@MujerHoy.jpg\" class=\"lazy\"> <noscript> <img src=\"http:\/\/hoycordobaweb.com\/wp-content\/uploads\/2024\/01\/vestidos-de-las-rebajas-de-sfera-que-merecen-la-pena-cuestan-menos-de-20-euros-y-quedan-de-maravilla.webp\"> <\/noscript> <\/picture> <\/div><\/div><\/div>\n<\/div>\n<p><h3 class=\"voc-detail__title\"> Efecto piel<br \/>\n<\/h3>\n<\/p>\n<p class=\"voc-paragraph\">Vestido mini efecto piel deserpiente, sin mangas y ajustado a la cintura. Rebajado a 19,99 euros.\n<\/p>\n<div class=\"voc-detail-photo-zoom\"> <picture data-toggle=\"modal\" data-target=\"#photoZoomModal-230\" target=\"modal\">\n<div class=\"voc-img-icon-link\"> <img loading=\"lazy\" data-original=\"\/\/static3.mujerhoy.com\/www\/multimedia\/202401\/18\/media\/cortadas\/vestido-lunares-kwPD--650x900@MujerHoy.jpg\" width=\"650\" height=\"900\" class=\"lazy adsviu_analyse\"> <noscript> <img src=\"http:\/\/hoycordobaweb.com\/wp-content\/uploads\/2024\/01\/vestidos-de-las-rebajas-de-sfera-que-merecen-la-pena-cuestan-menos-de-20-euros-y-quedan-de-maravilla-1.webp\"> <\/noscript> <i class=\"voc-icons zoom voc-multimedia-box voc-ico-l\"><\/i> <\/div><figcaption class=\"figure-caption\"><\/figcaption><\/picture>\n<\/div>\n<div id=\"photoZoomModal-230\" class=\"voc-lightbox modal fade voc-lightbox--photo-zoom\" role=\"dialog\" data-voc-photozoom-lightbox>\n<div class=\"voc-lightbox__dialog\" role=\"document\">\n<div class=\"voc-lightbox__content\"> <!-- Modal header --> <!-- Modal content --> <\/p>\n<div class=\"voc-lightbox__photo-container\"> <picture class> <img loading=\"lazy\" data-original=\"\/\/static3.mujerhoy.com\/www\/multimedia\/202401\/18\/media\/cortadas\/vestido-lunares-kwPD--650x900@MujerHoy.jpg\" class=\"lazy\"> <noscript> <img src=\"http:\/\/hoycordobaweb.com\/wp-content\/uploads\/2024\/01\/vestidos-de-las-rebajas-de-sfera-que-merecen-la-pena-cuestan-menos-de-20-euros-y-quedan-de-maravilla-1.webp\"> <\/noscript> <\/picture> <\/div><\/div><\/div>\n<\/div>\n<p><h3 class=\"voc-detail__title\"> Lunares<br \/>\n<\/h3>\n<\/p>\n<p class=\"voc-paragraph\">Nos encanta esta opci\u00f3n rom\u00e1ntica en color negro y peque\u00f1os lunares blanco con manga larga, falda mini y un fit fluido. Rebajado a 19,99 euros.\n<\/p>\n<div class=\"voc-detail-photo-zoom\"> <picture data-toggle=\"modal\" data-target=\"#photoZoomModal-863\" target=\"modal\">\n<div class=\"voc-img-icon-link\"> <img loading=\"lazy\" data-original=\"\/\/static2.mujerhoy.com\/www\/multimedia\/202401\/18\/media\/cortadas\/vestido-lazo-kwPD--650x900@MujerHoy.jpg\" width=\"650\" height=\"900\" class=\"lazy adsviu_analyse\"> <noscript> <img src=\"http:\/\/hoycordobaweb.com\/wp-content\/uploads\/2024\/01\/vestidos-de-las-rebajas-de-sfera-que-merecen-la-pena-cuestan-menos-de-20-euros-y-quedan-de-maravilla-2.webp\"> <\/noscript> <i class=\"voc-icons zoom voc-multimedia-box voc-ico-l\"><\/i> <\/div><figcaption class=\"figure-caption\"><\/figcaption><\/picture>\n<\/div>\n<div id=\"photoZoomModal-863\" class=\"voc-lightbox modal fade voc-lightbox--photo-zoom\" role=\"dialog\" data-voc-photozoom-lightbox>\n<div class=\"voc-lightbox__dialog\" role=\"document\">\n<div class=\"voc-lightbox__content\"> <!-- Modal header --> <!-- Modal content --> <\/p>\n<div class=\"voc-lightbox__photo-container\"> <picture class> <img loading=\"lazy\" data-original=\"\/\/static2.mujerhoy.com\/www\/multimedia\/202401\/18\/media\/cortadas\/vestido-lazo-kwPD--650x900@MujerHoy.jpg\" class=\"lazy\"> <noscript> <img src=\"http:\/\/hoycordobaweb.com\/wp-content\/uploads\/2024\/01\/vestidos-de-las-rebajas-de-sfera-que-merecen-la-pena-cuestan-menos-de-20-euros-y-quedan-de-maravilla-2.webp\"> <\/noscript> <\/picture> <\/div><\/div><\/div>\n<\/div>\n<p><h3 class=\"voc-detail__title\"> Con nudo<br \/>\n<\/h3>\n<\/p>\n<p class=\"voc-paragraph\">Este vestido se ha colado en la lista por su dise\u00f1o con un nudo que ajusta la prenda a la figura por lo que sienta de maravilla. Y su color fresa favorece mucho. Rebajado a 15,99 euros.\n<\/p>\n<div class=\"voc-detail-photo-zoom\"> <picture data-toggle=\"modal\" data-target=\"#photoZoomModal-692\" target=\"modal\">\n<div class=\"voc-img-icon-link\"> <img loading=\"lazy\" data-original=\"\/\/static1.mujerhoy.com\/www\/multimedia\/202401\/18\/media\/cortadas\/vestido-comodo-kwPD--650x900@MujerHoy.jpg\" width=\"650\" height=\"900\" class=\"lazy adsviu_analyse\"> <noscript> <img src=\"http:\/\/hoycordobaweb.com\/wp-content\/uploads\/2024\/01\/vestidos-de-las-rebajas-de-sfera-que-merecen-la-pena-cuestan-menos-de-20-euros-y-quedan-de-maravilla-3.webp\"> <\/noscript> <i class=\"voc-icons zoom voc-multimedia-box voc-ico-l\"><\/i> <\/div><figcaption class=\"figure-caption\"><\/figcaption><\/picture>\n<\/div>\n<div id=\"photoZoomModal-692\" class=\"voc-lightbox modal fade voc-lightbox--photo-zoom\" role=\"dialog\" data-voc-photozoom-lightbox>\n<div class=\"voc-lightbox__dialog\" role=\"document\">\n<div class=\"voc-lightbox__content\"> <!-- Modal header --> <!-- Modal content --> <\/p>\n<div class=\"voc-lightbox__photo-container\"> <picture class> <img loading=\"lazy\" data-original=\"\/\/static1.mujerhoy.com\/www\/multimedia\/202401\/18\/media\/cortadas\/vestido-comodo-kwPD--650x900@MujerHoy.jpg\" class=\"lazy\"> <noscript> <img src=\"http:\/\/hoycordobaweb.com\/wp-content\/uploads\/2024\/01\/vestidos-de-las-rebajas-de-sfera-que-merecen-la-pena-cuestan-menos-de-20-euros-y-quedan-de-maravilla-3.webp\"> <\/noscript> <\/picture> <\/div><\/div><\/div>\n<\/div>\n<p><h3 class=\"voc-detail__title\"> De punto c\u00f3modo<br \/>\n<\/h3>\n<\/p>\n<p class=\"voc-paragraph\">Si buscas algo c\u00f3modo para el d\u00eda a d\u00eda que puedas ponerte con botas, zapatillas o bailarinas, este modelo es perfecto. de tejido suave y con cuello tipo polo. Rebajado a 15,99 euros.\n<\/p>\n<div class=\"voc-detail-photo-zoom\"> <picture data-toggle=\"modal\" data-target=\"#photoZoomModal-297\" target=\"modal\">\n<div class=\"voc-img-icon-link\"> <img loading=\"lazy\" data-original=\"\/\/static3.mujerhoy.com\/www\/multimedia\/202401\/18\/media\/cortadas\/vestido-estampado-kwPD--650x900@MujerHoy.jpg\" width=\"650\" height=\"900\" class=\"lazy adsviu_analyse\"> <noscript> <img src=\"http:\/\/hoycordobaweb.com\/wp-content\/uploads\/2024\/01\/vestidos-de-las-rebajas-de-sfera-que-merecen-la-pena-cuestan-menos-de-20-euros-y-quedan-de-maravilla-4.webp\"> <\/noscript> <i class=\"voc-icons zoom voc-multimedia-box voc-ico-l\"><\/i> <\/div><figcaption class=\"figure-caption\"><\/figcaption><\/picture>\n<\/div>\n<div id=\"photoZoomModal-297\" class=\"voc-lightbox modal fade voc-lightbox--photo-zoom\" role=\"dialog\" data-voc-photozoom-lightbox>\n<div class=\"voc-lightbox__dialog\" role=\"document\">\n<div class=\"voc-lightbox__content\"> <!-- Modal header --> <!-- Modal content --> <\/p>\n<div class=\"voc-lightbox__photo-container\"> <picture class> <img loading=\"lazy\" data-original=\"\/\/static3.mujerhoy.com\/www\/multimedia\/202401\/18\/media\/cortadas\/vestido-estampado-kwPD--650x900@MujerHoy.jpg\" class=\"lazy\"> <noscript> <img src=\"http:\/\/hoycordobaweb.com\/wp-content\/uploads\/2024\/01\/vestidos-de-las-rebajas-de-sfera-que-merecen-la-pena-cuestan-menos-de-20-euros-y-quedan-de-maravilla-4.webp\"> <\/noscript> <\/picture> <\/div><\/div><\/div>\n<\/div>\n<p><h3 class=\"voc-detail__title\"> De flores<br \/>\n<\/h3>\n<\/p>\n<p class=\"voc-paragraph\">Un modelo c\u00f3modo, fresquito y favorecedor para el verano. Es un vestido de lfores sin mangas que est\u00e1 rebajado a 13,99 euros.\n<\/p>\n<div class=\"voc-detail-photo-zoom\"> <picture data-toggle=\"modal\" data-target=\"#photoZoomModal-630\" target=\"modal\">\n<div class=\"voc-img-icon-link\"> <img loading=\"lazy\" data-original=\"\/\/static2.mujerhoy.com\/www\/multimedia\/202401\/18\/media\/cortadas\/vestido-cut-out-kwPD--650x900@MujerHoy.jpg\" width=\"650\" height=\"900\" class=\"lazy adsviu_analyse\"> <noscript> <img src=\"http:\/\/hoycordobaweb.com\/wp-content\/uploads\/2024\/01\/vestidos-de-las-rebajas-de-sfera-que-merecen-la-pena-cuestan-menos-de-20-euros-y-quedan-de-maravilla-5.webp\"> <\/noscript> <i class=\"voc-icons zoom voc-multimedia-box voc-ico-l\"><\/i> <\/div><figcaption class=\"figure-caption\"><\/figcaption><\/picture>\n<\/div>\n<div id=\"photoZoomModal-630\" class=\"voc-lightbox modal fade voc-lightbox--photo-zoom\" role=\"dialog\" data-voc-photozoom-lightbox>\n<div class=\"voc-lightbox__dialog\" role=\"document\">\n<div class=\"voc-lightbox__content\"> <!-- Modal header --> <!-- Modal content --> <\/p>\n<div class=\"voc-lightbox__photo-container\"> <picture class> <img loading=\"lazy\" data-original=\"\/\/static2.mujerhoy.com\/www\/multimedia\/202401\/18\/media\/cortadas\/vestido-cut-out-kwPD--650x900@MujerHoy.jpg\" class=\"lazy\"> <noscript> <img src=\"http:\/\/hoycordobaweb.com\/wp-content\/uploads\/2024\/01\/vestidos-de-las-rebajas-de-sfera-que-merecen-la-pena-cuestan-menos-de-20-euros-y-quedan-de-maravilla-5.webp\"> <\/noscript> <\/picture> <\/div><\/div><\/div>\n<\/div>\n<p><h3 class=\"voc-detail__title\"> Cut-out<br \/>\n<\/h3>\n<\/p>\n<p class=\"voc-paragraph\">Si quieres marcar la diferencia en tu look de oficina, ficha este vestido cut-out que quedar\u00e1 de lujo con botas altas negras. Rebajado a 19,99 euros.\n<\/p>\n<div class=\"voc-detail-photo-zoom\"> <picture data-toggle=\"modal\" data-target=\"#photoZoomModal-159\" target=\"modal\">\n<div class=\"voc-img-icon-link\"> <img loading=\"lazy\" data-original=\"\/\/static.mujerhoy.com\/www\/multimedia\/202401\/18\/media\/cortadas\/vestido-invitada-kwPD--650x900@MujerHoy.jpg\" width=\"650\" height=\"900\" class=\"lazy adsviu_analyse\"> <noscript> <img src=\"http:\/\/hoycordobaweb.com\/wp-content\/uploads\/2024\/01\/vestidos-de-las-rebajas-de-sfera-que-merecen-la-pena-cuestan-menos-de-20-euros-y-quedan-de-maravilla-6.webp\"> <\/noscript> <i class=\"voc-icons zoom voc-multimedia-box voc-ico-l\"><\/i> <\/div><figcaption class=\"figure-caption\"><\/figcaption><\/picture>\n<\/div>\n<div id=\"photoZoomModal-159\" class=\"voc-lightbox modal fade voc-lightbox--photo-zoom\" role=\"dialog\" data-voc-photozoom-lightbox>\n<div class=\"voc-lightbox__dialog\" role=\"document\">\n<div class=\"voc-lightbox__content\"> <!-- Modal header --> <!-- Modal content --> <\/p>\n<div class=\"voc-lightbox__photo-container\"> <picture class> <img loading=\"lazy\" data-original=\"\/\/static.mujerhoy.com\/www\/multimedia\/202401\/18\/media\/cortadas\/vestido-invitada-kwPD--650x900@MujerHoy.jpg\" class=\"lazy\"> <noscript> <img src=\"http:\/\/hoycordobaweb.com\/wp-content\/uploads\/2024\/01\/vestidos-de-las-rebajas-de-sfera-que-merecen-la-pena-cuestan-menos-de-20-euros-y-quedan-de-maravilla-6.webp\"> <\/noscript> <\/picture> <\/div><\/div><\/div>\n<\/div>\n<p><h3 class=\"voc-detail__title\"> De invitada<br \/>\n<\/h3>\n<\/p>\n<p class=\"voc-paragraph\">Por \u00faltimo, si buscas algo con lo que ser la invitada perfecta, nos encanta este modelo de color morado con cuello fluido. A\u00f1ade complementos en dorado y estar\u00e1s ideal. Rebajado a 19,99 euros.\n<\/p>\n<p> <!-- TOPICS --> <\/p>\n","protected":false},"excerpt":{"rendered":"<p>Aunque no hemos podido evitar fichar lo mejor de las novedades porque tienen cosas preciosas que lucir en lo que queda de invierno, lo cierto es que las rebajas de Sfera tienen prendas que merecen la pena. Hay que aprovechar las rebajas y en la secci\u00f3n de descuentos de la firma hemos encontrado unos vestidos [&hellip;]<\/p>\n","protected":false},"author":1,"featured_media":73040,"comment_status":"closed","ping_status":"closed","sticky":false,"template":"","format":"standard","meta":[],"categories":[1],"tags":[],"_links":{"self":[{"href":"http:\/\/hoycordobaweb.com\/index.php\/wp-json\/wp\/v2\/posts\/73039"}],"collection":[{"href":"http:\/\/hoycordobaweb.com\/index.php\/wp-json\/wp\/v2\/posts"}],"about":[{"href":"http:\/\/hoycordobaweb.com\/index.php\/wp-json\/wp\/v2\/types\/post"}],"author":[{"embeddable":true,"href":"http:\/\/hoycordobaweb.com\/index.php\/wp-json\/wp\/v2\/users\/1"}],"replies":[{"embeddable":true,"href":"http:\/\/hoycordobaweb.com\/index.php\/wp-json\/wp\/v2\/comments?post=73039"}],"version-history":[{"count":0,"href":"http:\/\/hoycordobaweb.com\/index.php\/wp-json\/wp\/v2\/posts\/73039\/revisions"}],"wp:featuredmedia":[{"embeddable":true,"href":"http:\/\/hoycordobaweb.com\/index.php\/wp-json\/wp\/v2\/media\/73040"}],"wp:attachment":[{"href":"http:\/\/hoycordobaweb.com\/index.php\/wp-json\/wp\/v2\/media?parent=73039"}],"wp:term":[{"taxonomy":"category","embeddable":true,"href":"http:\/\/hoycordobaweb.com\/index.php\/wp-json\/wp\/v2\/categories?post=73039"},{"taxonomy":"post_tag","embeddable":true,"href":"http:\/\/hoycordobaweb.com\/index.php\/wp-json\/wp\/v2\/tags?post=73039"}],"curies":[{"name":"wp","href":"https:\/\/api.w.org\/{rel}","templated":true}]}}