{"id":73027,"date":"2024-01-19T13:36:57","date_gmt":"2024-01-19T13:36:57","guid":{"rendered":"https:\/\/www.ole.com.ar\/futbol-internacional\/internacional-turquia-israel-palestina-eden-karzev-escandalo_0_aQmr1y0A5C.html"},"modified":"2024-01-19T13:36:57","modified_gmt":"2024-01-19T13:36:57","slug":"otro-escandalo-en-el-futbol-turco-por-el-conflicto-entre-israel-y-palestina","status":"publish","type":"post","link":"http:\/\/hoycordobaweb.com\/index.php\/2024\/01\/19\/otro-escandalo-en-el-futbol-turco-por-el-conflicto-entre-israel-y-palestina\/","title":{"rendered":"Otro esc\u00e1ndalo en el f\u00fatbol turco por el conflicto entre Israel y Palestina"},"content":{"rendered":"<p><img src=\"http:\/\/hoycordobaweb.com\/wp-content\/uploads\/2024\/01\/otro-escandalo-en-el-futbol-turco-por-el-conflicto-entre-israel-y-palestina.jpg\"><\/p>\n<p><time class=\"createDate\" datetime=\"2024-01-19T10:36:57-03:00\">19\/01\/2024 10:36hs.<\/time><\/p>\n<div id=\"storyBody\">\n<div class=\"custom-text \" readability=\"37\">\n<p>La guerra entre Israel y Palestina se sigue extendiendo al deporte y, esta vez, el conflicto b\u00e9lico lleg\u00f3 a Turqu\u00eda. El Istanbul Basaksehir tom\u00f3 la dr\u00e1stica decisi\u00f3n de<strong> despedir a un jugador despu\u00e9s de que tomase una postura a favor de la liberaci\u00f3n de los rehenes que mantiene cautivos el grupo Ham\u00e1s.<\/strong><\/p>\n<\/div>\n<p><h2><strong>El nuevo conflicto que lleg\u00f3 a las canchas<\/strong><\/h2>\n<\/p>\n<div class=\"custom-text \" readability=\"37\">\n<p><strong>El israel\u00ed Eden Karzev fue investigado despu\u00e9s de una publicaci\u00f3n que hizo en sus redes sociales en la que us\u00f3 el lema #BringThemHomeNow (Tr\u00e1iganlos a casa ya) <\/strong>despu\u00e9s de 100 d\u00edas de secuestro. En relaci\u00f3n al hecho, el club fue contundente con su decisi\u00f3n y comunic\u00f3: \u201cDe acuerdo con las instrucciones disciplinarias a los clubes, el futbolista fue sancionado y se consider\u00f3 apropiado que contin\u00fae su carrera en el extranjero\u201d.<\/p>\n<\/div>\n<div class=\"sc-e7b891c4-0 jPbnQF\"><img alt=\"Eden Karzev fue despedido de su club. (AP)\" src=\"http:\/\/hoycordobaweb.com\/wp-content\/uploads\/2024\/01\/otro-escandalo-en-el-futbol-turco-por-el-conflicto-entre-israel-y-palestina-2.jpg\" width=\"720\" height=\"100\" decoding=\"async\" data-nimg=\"future\" loading=\"lazy\"><span class=\"epigraphe\">Eden Karzev fue despedido de su club. (AP)<\/span><\/div>\n<p><h2><strong>La postura de Turqu\u00eda sobre la guerra<\/strong><\/h2>\n<\/p>\n<div class=\"custom-text \" readability=\"37\">\n<p>El mayor problema erradica en que <strong>Turqu\u00eda apoya deliberadamente a Palestina en la guerra y cualquier manifestaci\u00f3n contraria es intolerable. <\/strong>Por eso, Karzev no fue el \u00fanico que sufri\u00f3 las consecuencias de las medidas implementadas por el f\u00fatbol turco. Su compatriota Sagiv Jehezkel, fue detenido en los \u00faltimos d\u00edas e interrogado despu\u00e9s de un festejo de gol en el que manifest\u00f3 su apoyo hacia Israel.<\/p>\n<\/div>\n<div class=\"custom-text \" readability=\"38\">\n<p>Para poner en contexto, el presidente turco, Recep Tayyip Erdogan, acus\u00f3 a Israel de cometer actos de genocidio, mientras que se refiri\u00f3 al grupo Ham\u00e1s como una organizaci\u00f3n que se encuentra luchando por la liberaci\u00f3n.<\/p>\n<\/div>\n<div class=\"sc-e7b891c4-0 jPbnQF\"><img alt=\"Jehezkel tuvo que retornar a Israel. (AP)\" src=\"http:\/\/hoycordobaweb.com\/wp-content\/uploads\/2024\/01\/otro-escandalo-en-el-futbol-turco-por-el-conflicto-entre-israel-y-palestina-3.jpg\" width=\"720\" height=\"100\" decoding=\"async\" data-nimg=\"future\" loading=\"lazy\"><span class=\"epigraphe\">Jehezkel tuvo que retornar a Israel. (AP)<\/span><\/div>\n<p><h2><strong>El destino de los jugadores<\/strong><\/h2>\n<\/p>\n<div class=\"custom-text \" readability=\"36\">\n<p>Jehezkel regres\u00f3 a sus tierras natales y fue recibido como un h\u00e9roe despu\u00e9s de dejar Antalya, la ciudad turca en la que se estaba desempe\u00f1ando, mientras que sobre el futuro de Karzev se pudo confirmar que seguir\u00e1 los pasos de su colega y compatriota para sumarse al Maccabi Tel Aviv de Israel.<\/p>\n<\/div>\n<div class=\"sc-a7166897-0 exHLBh\" readability=\"6\">\n<section readability=\"2\"><picture><img alt=\"Video: el ego de Vin\u00edcius del que habla toda Espa\u00f1a\" src=\"http:\/\/hoycordobaweb.com\/wp-content\/uploads\/2024\/01\/otro-escandalo-en-el-futbol-turco-por-el-conflicto-entre-israel-y-palestina-4.jpg\" width=\"290\" height=\"290\" decoding=\"async\" data-nimg=\"future\" loading=\"lazy\"><\/picture>\n<p><span>Mir\u00e1 tambi\u00e9n<\/span><\/p>\n<hr>\n<h3>Video: el ego de Vin\u00edcius del que habla toda Espa\u00f1a<\/h3>\n<\/p>\n<\/section>\n<\/div>\n<div class=\"sc-a7166897-0 exHLBh\" readability=\"6.5\">\n<section readability=\"3\"><picture><img alt=\"M\u00e1s de 35.000 kil\u00f3metros en tres semanas: as\u00ed ser\u00e1 la tremenda gira que ya inici\u00f3 el Inter Miami\" src=\"http:\/\/hoycordobaweb.com\/wp-content\/uploads\/2024\/01\/otro-escandalo-en-el-futbol-turco-por-el-conflicto-entre-israel-y-palestina-5.jpg\" width=\"290\" height=\"290\" decoding=\"async\" data-nimg=\"future\" loading=\"lazy\"><\/picture>\n<p><span>Mir\u00e1 tambi\u00e9n<\/span><\/p>\n<hr>\n<h3>M\u00e1s de 35.000 kil\u00f3metros en tres semanas: as\u00ed ser\u00e1 la tremenda gira que ya inici\u00f3 el Inter Miami<\/h3>\n<\/p>\n<\/section>\n<\/div>\n<div class=\"sc-a7166897-0 exHLBh\" readability=\"7.5\">\n<section readability=\"5\"><picture><img alt=\"John Kennedy, el verdugo de Boca, vio el debut oficial de Fluminense en 2024 de una manera muy especial...\" src=\"http:\/\/hoycordobaweb.com\/wp-content\/uploads\/2024\/01\/otro-escandalo-en-el-futbol-turco-por-el-conflicto-entre-israel-y-palestina-6.jpg\" width=\"290\" height=\"290\" decoding=\"async\" data-nimg=\"future\" loading=\"lazy\"><\/picture>\n<p><span>Mir\u00e1 tambi\u00e9n<\/span><\/p>\n<hr>\n<h3>John Kennedy, el verdugo de Boca, vio el debut oficial de Fluminense en 2024 de una manera muy especial&#8230;<\/h3>\n<\/p>\n<\/section>\n<\/div>\n<\/div>\n","protected":false},"excerpt":{"rendered":"<p>19\/01\/2024 10:36hs. La guerra entre Israel y Palestina se sigue extendiendo al deporte y, esta vez, el conflicto b\u00e9lico lleg\u00f3 a Turqu\u00eda. El Istanbul Basaksehir tom\u00f3 la dr\u00e1stica decisi\u00f3n de despedir a un jugador despu\u00e9s de que tomase una postura a favor de la liberaci\u00f3n de los rehenes que mantiene cautivos el grupo Ham\u00e1s. El [&hellip;]<\/p>\n","protected":false},"author":1,"featured_media":73028,"comment_status":"open","ping_status":"closed","sticky":false,"template":"","format":"standard","meta":[],"categories":[16],"tags":[],"_links":{"self":[{"href":"http:\/\/hoycordobaweb.com\/index.php\/wp-json\/wp\/v2\/posts\/73027"}],"collection":[{"href":"http:\/\/hoycordobaweb.com\/index.php\/wp-json\/wp\/v2\/posts"}],"about":[{"href":"http:\/\/hoycordobaweb.com\/index.php\/wp-json\/wp\/v2\/types\/post"}],"author":[{"embeddable":true,"href":"http:\/\/hoycordobaweb.com\/index.php\/wp-json\/wp\/v2\/users\/1"}],"replies":[{"embeddable":true,"href":"http:\/\/hoycordobaweb.com\/index.php\/wp-json\/wp\/v2\/comments?post=73027"}],"version-history":[{"count":0,"href":"http:\/\/hoycordobaweb.com\/index.php\/wp-json\/wp\/v2\/posts\/73027\/revisions"}],"wp:featuredmedia":[{"embeddable":true,"href":"http:\/\/hoycordobaweb.com\/index.php\/wp-json\/wp\/v2\/media\/73028"}],"wp:attachment":[{"href":"http:\/\/hoycordobaweb.com\/index.php\/wp-json\/wp\/v2\/media?parent=73027"}],"wp:term":[{"taxonomy":"category","embeddable":true,"href":"http:\/\/hoycordobaweb.com\/index.php\/wp-json\/wp\/v2\/categories?post=73027"},{"taxonomy":"post_tag","embeddable":true,"href":"http:\/\/hoycordobaweb.com\/index.php\/wp-json\/wp\/v2\/tags?post=73027"}],"curies":[{"name":"wp","href":"https:\/\/api.w.org\/{rel}","templated":true}]}}