{"id":73025,"date":"2024-01-19T13:47:51","date_gmt":"2024-01-19T13:47:51","guid":{"rendered":"https:\/\/www.ole.com.ar\/poli\/muerte-atletismo-campeon-mundo-german-chiaraviglio-shawn-barber_0_WH7cMociEX.html"},"modified":"2024-01-19T13:47:51","modified_gmt":"2024-01-19T13:47:51","slug":"murio-shawn-barber-campeon-mundial-de-salto-con-garrocha","status":"publish","type":"post","link":"http:\/\/hoycordobaweb.com\/index.php\/2024\/01\/19\/murio-shawn-barber-campeon-mundial-de-salto-con-garrocha\/","title":{"rendered":"Muri\u00f3 Shawn Barber, campe\u00f3n mundial de salto con garrocha"},"content":{"rendered":"<p><img src=\"http:\/\/hoycordobaweb.com\/wp-content\/uploads\/2024\/01\/murio-shawn-barber-campeon-mundial-de-salto-con-garrocha.jpg\"><\/p>\n<p><time class=\"createDate\" datetime=\"2024-01-19T10:47:51-03:00\">19\/01\/2024 10:47hs.<\/time><\/p>\n<div id=\"storyBody\">\n<div class=\"custom-text \" readability=\"37\">\n<p><strong>El mundo del atletismo est\u00e1 de luto<\/strong>. El garrochista campe\u00f3n del mundo <strong>Shawn Barber<\/strong> fue encontrado sin vida en su residencia ubicada en <strong>Kingwood, Texas<\/strong>, por<strong> razones<\/strong> que a\u00fan son <strong>desconocidas<\/strong>. Y a pesar de haber abandonado la disciplina en el 2020, dej\u00f3 una huella imborrable en el deporte.<\/p>\n<\/div>\n<div class=\"custom-text \" readability=\"34.021276595745\">\n<p>Barber rompi\u00f3 con todos los paradigmas de los saltos en el atletismo y reivindic\u00f3 las figuras hist\u00f3ricas de <strong><a href=\"https:\/\/www.ole.com.ar\/tema\/armand-duplantis.html\" title=\"Armand Duplantis\" alt=\"Armand Duplantis\" class=\"slug\">Armand Duplantis<\/a><\/strong> y <strong><a href=\"https:\/\/www.ole.com.ar\/tema\/sergei-bubka.html\" title=\"Sergei Bubka\" alt=\"Sergei Bubka\" class=\"slug\">Sergei Bubka<\/a><\/strong>. El canadiense fue campe\u00f3n mundial a sus 21 a\u00f1os en <strong>Pek\u00edn 2015<\/strong>, donde logr\u00f3 una marca de <strong>5,90 metros<\/strong>, y el mismo a\u00f1o se consagr\u00f3 en los Juegos Panamericanos de <strong>Toronto<\/strong>, donde fue escoltado por el argentino<strong><a href=\"https:\/\/www.ole.com.ar\/tema\/german-chiaraviglio.html\" title=\"Germ\u00e1n Chiaraviglio\" alt=\"Germ\u00e1n Chiaraviglio\" class=\"slug\"> Germ\u00e1n Chiaraviglio<\/a><\/strong>.<\/p>\n<\/div>\n<div type=\"embed\" class=\"sc-7ce6049-0 dwIKul\">\n<div class=\"sc-7ce6049-1 bdcBBS videoText\" id=\"contentTitleembedei1wOtwh\" type=\"embed\" readability=\"56\"><svg fill=\"#ffffff\"><symbol id=\"play\" viewBox=\"0 0 512 512\"><path d=\"M512 256C512 397.4 397.4 512 256 512C114.6 512 0 397.4 0 256C0 114.6 114.6 0 256 0C397.4 0 512 114.6 512 256zM176 168V344C176 352.7 180.7 360.7 188.3 364.9C195.8 369.2 205.1 369 212.5 364.5L356.5 276.5C363.6 272.1 368 264.4 368 256C368 247.6 363.6 239.9 356.5 235.5L212.5 147.5C205.1 142.1 195.8 142.8 188.3 147.1C180.7 151.3 176 159.3 176 168V168z\" \/><\/symbol><use xlink:href=\"#play\" \/><\/svg><\/p>\n<div class=\"right\" readability=\"7\">\n<p>Juegos Olimpicos<!-- --> &#8211;<!-- --> <span>19-1-2024<\/span><\/p>\n<h2 class=\"title-vid\">Shawn Barber salta 5.90 en salto con p\u00e9rtiga <\/h2>\n<\/div>\n<\/div>\n<p><span class=\"back\" id=\"spanBackembedei1wOtwh\"><\/span><\/div>\n<div class=\"custom-text \" readability=\"37\">\n<p>Pero su buen nivel sigui\u00f3 y en los Juegos Ol\u00edmpicos de <strong>R\u00edo 2016<\/strong> consigui\u00f3 el d\u00e9cimo lugar con un salto de <strong>5.50 metros<\/strong>. Sin embargo, el peri\u00f3dico canadiense Toronto Star, antes de los JJOO en Brasil, dio a conocer que Barber hab\u00eda dado positivo por restos de coca\u00edna en un control antidoping.<\/p>\n<\/div>\n<div class=\"custom-text \" readability=\"42\">\n<p><strong>El Centro Canadiense para la \u00c9tica en el Deporte<\/strong>, ante eso, propuso suspender al atleta por cuatro a\u00f1os, pero<strong> no fue inhabilitado <\/strong>y a cambio, le quitaron el t\u00edtulo nacional conseguido en el 2016. \u201c<strong>Esta ha sido una experiencia de aprendizaje para Shawn<\/strong>, es un joven atleta que est\u00e1 aprendiendo a competir en el terreno de juego, y a prepararse lejos de \u00e9l\u201d, comunic\u00f3 Athletics Canad\u00e1 bajo un aviso en aquel momento.<\/p>\n<\/div>\n<div class=\"custom-text \" readability=\"38\">\n<p>No obstante, su carrera fue en descenso y el \u00faltimo adi\u00f3s deportivo en las grandes ligas fue cuando alcanz\u00f3 los seis metros durante una competici\u00f3n en Reno. No obstante, en su palmar\u00e9s tambi\u00e9n se encuentran los <strong>cinco campeonatos nacionales<\/strong> de la <strong>NCAA <\/strong>(La Asociaci\u00f3n Nacional de Atletas Colegiados) entre los a\u00f1os 2013 y 2018, y la <strong>Liga de Diamante<\/strong> en Zurich.<\/p>\n<\/div>\n<p><h2>El doloroso adi\u00f3s a Shawn Barber <\/h2>\n<\/p>\n<div class=\"custom-text \" readability=\"37\">\n<p>La <strong>Associated Press <\/strong>fue la agencia que dio a conocer el fallecimiento del garrochista por medio de su representante, quien manifest\u00f3: \u201cM\u00e1s que un atleta incre\u00edble, <strong>Shawn era una persona de tan buen coraz\u00f3n<\/strong> que siempre antepon\u00eda a los dem\u00e1s a s\u00ed mismo. Es tr\u00e1gico perder a una persona tan buena a una edad tan temprana\u201d.<\/p>\n<\/div>\n<div class=\"custom-text \" readability=\"38\">\n<p>Adem\u00e1s, AP dio a conocer que <strong>Barber pose\u00eda problemas de salud y complicaciones m\u00e9dicas desconocidas<\/strong>. Su equipo de representaci\u00f3n public\u00f3 en Instagram un mensaje expresando su dolor, acompa\u00f1ado de fotos de Shawn: \u201c<strong>Un amigo que nunca ser\u00e1 olvidado<\/strong>. Falleci\u00f3 el saltador con p\u00e9rtiga ol\u00edmpico canadiense Shawn Barber. Actualmente es poseedor del r\u00e9cord canadiense con su mejor marca personal de 6,00 my fue campe\u00f3n del mundo de salto con p\u00e9rtiga en 2015. Shawn tambi\u00e9n fue finalista ol\u00edmpico en los Juegos Ol\u00edmpicos de 2016 en R\u00edo de Janeiro.<strong> Lo extra\u00f1aremos mucho<\/strong>\u201d.<\/p>\n<\/div>\n<div class=\"sc-e7b891c4-0 jPbnQF\"><img alt=\"El \u00faltimo adi\u00f3s a Shawn Barber (Foto: X)\" src=\"http:\/\/hoycordobaweb.com\/wp-content\/uploads\/2024\/01\/murio-shawn-barber-campeon-mundial-de-salto-con-garrocha-2.jpg\" width=\"720\" height=\"100\" decoding=\"async\" data-nimg=\"future\" loading=\"lazy\"><span class=\"epigraphe\">El \u00faltimo adi\u00f3s a Shawn Barber (Foto: X)<\/span><\/div>\n<div class=\"custom-text \" readability=\"39\">\n<p>Cuando la noticia se conoci\u00f3, el reconocimiento de los distintos departamentos de atletismo, no tardaron en llegar. La Universidad de Akron, lo describi\u00f3 como \u201cun querido compa\u00f1ero de equipo y competidor\u201d, seguido del mensaje: \u00ab<strong>Barber se hab\u00eda enfermado y padec\u00eda problemas de salud desde hac\u00eda alg\u00fan tiempo<\/strong>\u201d.<\/p>\n<\/div>\n<div class=\"custom-text \" readability=\"38\">\n<p>\u201cNuestros pensamientos y oraciones para la familia y amigos de Shawn Barber, saltador con p\u00e9rtiga canadiense, campe\u00f3n mundial de 2015, atleta ol\u00edmpico de R\u00edo 2016 y poseedor del r\u00e9cord canadiense\u201d, expres\u00f3 Athletics Canad\u00e1 en su cuenta de X.<\/p>\n<\/div>\n<div class=\"sc-a7166897-0 exHLBh\" readability=\"6.5\">\n<section readability=\"3\"><picture><img alt=\"El mercado de River: el delantero por afuera, la inc\u00f3gnita Borja y \u00bfhay sorpresa?\" src=\"http:\/\/hoycordobaweb.com\/wp-content\/uploads\/2024\/01\/murio-shawn-barber-campeon-mundial-de-salto-con-garrocha-3.jpg\" width=\"290\" height=\"290\" decoding=\"async\" data-nimg=\"future\" loading=\"lazy\"><\/picture>\n<p><span>Mir\u00e1 tambi\u00e9n<\/span><\/p>\n<hr>\n<h3>El mercado de River: el delantero por afuera, la inc\u00f3gnita Borja y \u00bfhay sorpresa?<\/h3>\n<\/p>\n<\/section>\n<\/div>\n<div class=\"sc-a7166897-0 exHLBh\" readability=\"6\">\n<section readability=\"2\"><picture><img alt=\"Bombonarena: el mal estado del c\u00e9sped a dos semanas del debut de Boca como local\" src=\"http:\/\/hoycordobaweb.com\/wp-content\/uploads\/2024\/01\/murio-shawn-barber-campeon-mundial-de-salto-con-garrocha-4.jpg\" width=\"290\" height=\"290\" decoding=\"async\" data-nimg=\"future\" loading=\"lazy\"><\/picture>\n<p><span>Mir\u00e1 tambi\u00e9n<\/span><\/p>\n<hr>\n<h3>Bombonarena: el mal estado del c\u00e9sped a dos semanas del debut de Boca como local<\/h3>\n<\/p>\n<\/section>\n<\/div>\n<div class=\"sc-a7166897-0 exHLBh\" readability=\"6\">\n<section readability=\"2\"><picture><img alt=\"Video: el ego de Vin\u00edcius del que habla toda Espa\u00f1a\" src=\"http:\/\/hoycordobaweb.com\/wp-content\/uploads\/2024\/01\/murio-shawn-barber-campeon-mundial-de-salto-con-garrocha-5.jpg\" width=\"290\" height=\"290\" decoding=\"async\" data-nimg=\"future\" loading=\"lazy\"><\/picture>\n<p><span>Mir\u00e1 tambi\u00e9n<\/span><\/p>\n<hr>\n<h3>Video: el ego de Vin\u00edcius del que habla toda Espa\u00f1a<\/h3>\n<\/p>\n<\/section>\n<\/div>\n<div class=\"sc-a7166897-0 exHLBh\" readability=\"8\">\n<section readability=\"6\"><picture><img alt=\"Boca EN VIVO: viaje a C\u00f3rdoba, posible equipo, llegada de Zen\u00f3n, definici\u00f3n por Luka Romero y m\u00e1s...\" src=\"http:\/\/hoycordobaweb.com\/wp-content\/uploads\/2024\/01\/murio-shawn-barber-campeon-mundial-de-salto-con-garrocha-6.jpg\" width=\"290\" height=\"290\" decoding=\"async\" data-nimg=\"future\" loading=\"lazy\"><\/picture>\n<p><span>Mir\u00e1 tambi\u00e9n<\/span><\/p>\n<hr>\n<h3>Boca EN VIVO: viaje a C\u00f3rdoba, posible equipo, llegada de Zen\u00f3n, definici\u00f3n por Luka Romero y m\u00e1s&#8230;<\/h3>\n<\/p>\n<\/section>\n<\/div>\n<div class=\"sc-a7166897-0 exHLBh\" readability=\"6.5\">\n<section readability=\"3\"><picture><img alt=\"Abierto de Australia: Etcheverry no pudo dar el batacazo y cay\u00f3 ante un Djokovic imparable\" src=\"http:\/\/hoycordobaweb.com\/wp-content\/uploads\/2024\/01\/murio-shawn-barber-campeon-mundial-de-salto-con-garrocha-7.jpg\" width=\"290\" height=\"290\" decoding=\"async\" data-nimg=\"future\" loading=\"lazy\"><\/picture>\n<p><span>Mir\u00e1 tambi\u00e9n<\/span><\/p>\n<hr>\n<h3>Abierto de Australia: Etcheverry no pudo dar el batacazo y cay\u00f3 ante un Djokovic imparable<\/h3>\n<\/p>\n<\/section>\n<\/div>\n<\/div>\n","protected":false},"excerpt":{"rendered":"<p>19\/01\/2024 10:47hs. El mundo del atletismo est\u00e1 de luto. El garrochista campe\u00f3n del mundo Shawn Barber fue encontrado sin vida en su residencia ubicada en Kingwood, Texas, por razones que a\u00fan son desconocidas. Y a pesar de haber abandonado la disciplina en el 2020, dej\u00f3 una huella imborrable en el deporte. Barber rompi\u00f3 con todos [&hellip;]<\/p>\n","protected":false},"author":1,"featured_media":73026,"comment_status":"open","ping_status":"closed","sticky":false,"template":"","format":"standard","meta":[],"categories":[16],"tags":[],"_links":{"self":[{"href":"http:\/\/hoycordobaweb.com\/index.php\/wp-json\/wp\/v2\/posts\/73025"}],"collection":[{"href":"http:\/\/hoycordobaweb.com\/index.php\/wp-json\/wp\/v2\/posts"}],"about":[{"href":"http:\/\/hoycordobaweb.com\/index.php\/wp-json\/wp\/v2\/types\/post"}],"author":[{"embeddable":true,"href":"http:\/\/hoycordobaweb.com\/index.php\/wp-json\/wp\/v2\/users\/1"}],"replies":[{"embeddable":true,"href":"http:\/\/hoycordobaweb.com\/index.php\/wp-json\/wp\/v2\/comments?post=73025"}],"version-history":[{"count":0,"href":"http:\/\/hoycordobaweb.com\/index.php\/wp-json\/wp\/v2\/posts\/73025\/revisions"}],"wp:featuredmedia":[{"embeddable":true,"href":"http:\/\/hoycordobaweb.com\/index.php\/wp-json\/wp\/v2\/media\/73026"}],"wp:attachment":[{"href":"http:\/\/hoycordobaweb.com\/index.php\/wp-json\/wp\/v2\/media?parent=73025"}],"wp:term":[{"taxonomy":"category","embeddable":true,"href":"http:\/\/hoycordobaweb.com\/index.php\/wp-json\/wp\/v2\/categories?post=73025"},{"taxonomy":"post_tag","embeddable":true,"href":"http:\/\/hoycordobaweb.com\/index.php\/wp-json\/wp\/v2\/tags?post=73025"}],"curies":[{"name":"wp","href":"https:\/\/api.w.org\/{rel}","templated":true}]}}