{"id":73006,"date":"2024-01-18T16:01:57","date_gmt":"2024-01-18T16:01:57","guid":{"rendered":"https:\/\/www.espinof.com\/series-de-ficcion\/terremoto-mentes-criminales-uno-actores-veteranos-serie-abandona-sorpresa-exitoso-drama-criminal"},"modified":"2024-01-18T16:01:57","modified_gmt":"2024-01-18T16:01:57","slug":"terremoto-en-mentes-criminales-uno-de-los-actores-veteranos-de-la-serie-abandona-por-sorpresa-el-exitoso-drama-criminal","status":"publish","type":"post","link":"http:\/\/hoycordobaweb.com\/index.php\/2024\/01\/18\/terremoto-en-mentes-criminales-uno-de-los-actores-veteranos-de-la-serie-abandona-por-sorpresa-el-exitoso-drama-criminal\/","title":{"rendered":"Terremoto en &#8216;Mentes Criminales&#8217;. Uno de los actores veteranos de la serie abandona por sorpresa el exitoso drama criminal"},"content":{"rendered":"<p>A los fans de <a href=\"https:\/\/www.espinof.com\/tag\/mentes-criminales\">&#8216;Mentes criminales&#8217;<\/a> no les va a gustar enterarse de que <strong>Josh Stewart<\/strong>, uno de los actores veteranos de esta famosa serie de televisi\u00f3n, ha abandonado su reboot &#8216;Evolution&#8217;. El propio actor ha confirmado su salida en Twitter con el siguiente mensaje: \u00ab<em>Mis d\u00edas interpretando a Will LaMontagne Jr. se han acabado<\/em>\u00ab.<\/p>\n<p><!-- BREAK 1 --> <\/p>\n<h2>Inesperado<\/h2>\n<p>Stewart apareci\u00f3 por primera vez en &#8216;Mentes criminales&#8217; en el episodio 18 de su temporada 2, y desde entonces ha sido una presencia recurrente en la misma. Eso s\u00ed, no fue hasta la reciente temporada 16 cuando pas\u00f3 a tener una presencia regular en la misma, pero, desgraciadamente, <strong>su etapa en la misma ha llegado a su final.<\/strong><\/p>\n<p><!-- BREAK 2 --><\/p>\n<div class=\"article-asset-image article-asset-large article-asset-center\">\n<div class=\"asset-content\"> <img class height=\"828\" width=\"1200\" loading=\"lazy\" decoding=\"async\" sizes=\"100vw\" fetchpriority=\"high\" srcset=\"http:\/\/hoycordobaweb.com\/wp-content\/uploads\/2024\/01\/terremoto-en-mentes-criminales-uno-de-los-actores-veteranos-de-la-serie-abandona-por-sorpresa-el-exitoso-drama-criminal.jpg 450w, http:\/\/hoycordobaweb.com\/wp-content\/uploads\/2024\/01\/terremoto-en-mentes-criminales-uno-de-los-actores-veteranos-de-la-serie-abandona-por-sorpresa-el-exitoso-drama-criminal-3.jpg 681w, http:\/\/hoycordobaweb.com\/wp-content\/uploads\/2024\/01\/terremoto-en-mentes-criminales-uno-de-los-actores-veteranos-de-la-serie-abandona-por-sorpresa-el-exitoso-drama-criminal-4.jpg 1024w, http:\/\/hoycordobaweb.com\/wp-content\/uploads\/2024\/01\/terremoto-en-mentes-criminales-uno-de-los-actores-veteranos-de-la-serie-abandona-por-sorpresa-el-exitoso-drama-criminal-5.jpg 1366w\" src=\"http:\/\/hoycordobaweb.com\/wp-content\/uploads\/2024\/01\/terremoto-en-mentes-criminales-uno-de-los-actores-veteranos-de-la-serie-abandona-por-sorpresa-el-exitoso-drama-criminal.jpg\" alt=\"Josh Stewart\"> <noscript><img alt=\"Josh Stewart\" class src=\"http:\/\/hoycordobaweb.com\/wp-content\/uploads\/2024\/01\/terremoto-en-mentes-criminales-uno-de-los-actores-veteranos-de-la-serie-abandona-por-sorpresa-el-exitoso-drama-criminal.jpg\"><\/noscript> <\/div>\n<\/div>\n<p>Se desconocen los motivos exactos de la marcha de Stewart, actor al que los fans del terror recordar\u00e1n por su participaci\u00f3n en <a href=\"https:\/\/www.espinof.com\/criticas\/the-collector-ocurrio-dentro-de-tu-casa\">&#8216;The Collector&#8217;<\/a> y <a href=\"https:\/\/www.espinof.com\/criticas\/the-collection-mas-sangre\">&#8216;The Collection&#8217;<\/a>, ya que es cierto que<strong> la serie hab\u00eda plantado las semillas para su posible salida<\/strong>, pero tambi\u00e9n que todo hab\u00eda quedado en un susto que se prestaba a seguir contando Will LaMontagne Jr.<\/p>\n<p><!-- BREAK 3 --> <\/p>\n<p><strong>Erica Messer<\/strong>, showrunner de la serie, coment\u00f3 recientemente a <a rel=\"noopener, noreferrer\" href=\"https:\/\/tvline.com\/casting-news\/josh-stewart-leaving-criminal-minds-season-17-will-jj-husband-1235114237\/\">TV Line<\/a> que la trama por la que Will ten\u00eda miedo de sufrir c\u00e1ncer y que en realidad solamente ten\u00eda la tiroides inflamada estaba inspirada en algo que sucedi\u00f3 en la vida real al marido de <strong>A.J. Cook<\/strong>, la actriz que interpreta a Jennifer Jareau en &#8216;Mentes criminales&#8217;, pero que el plan no era prescindir de Stewart:<\/p>\n<p><!-- BREAK 4 --><\/p>\n<div class=\"article-asset article-asset-normal article-asset-center\">\n<div class=\"desvio-container\">\n<div class=\"desvio\">\n<div class=\"desvio-figure js-desvio-figure\"> <a href=\"https:\/\/www.espinof.com\/listas\/29-mejores-series-intriga-suspense-netflix-hbo-amazon-movistar\"> <img alt=\"Las 29 mejores series de intriga y suspense en Netflix, HBO Max, Amazon Prime Video, Disney+ y Movistar\" src=\"http:\/\/hoycordobaweb.com\/wp-content\/uploads\/2024\/01\/terremoto-en-mentes-criminales-uno-de-los-actores-veteranos-de-la-serie-abandona-por-sorpresa-el-exitoso-drama-criminal-1.jpg\"> <\/a> <\/div><\/div><\/div>\n<\/div>\n<blockquote><p>La pr\u00f3xima temporada, con suerte, va a estar bien, pero no est\u00e1 necesariamente fuera de peligro para siempre.<\/p><\/blockquote>\n<p>Si realmente la etapa de Stewart en la serie ha llegado a su final para siempre, algo me dice que habr\u00e1 un inicio de temporada dram\u00e1tico marcado por la muerte de Will. No tardaremos en descubrirlo, que <strong>el estreno de la pr\u00f3xima tanda de episodios est\u00e1 prevista para este 2024.<\/strong><\/p>\n<p><!-- BREAK 5 --><\/p>\n<p>En Espinof:<\/p>\n","protected":false},"excerpt":{"rendered":"<p>A los fans de &#8216;Mentes criminales&#8217; no les va a gustar enterarse de que Josh Stewart, uno de los actores veteranos de esta famosa serie de televisi\u00f3n, ha abandonado su reboot &#8216;Evolution&#8217;. El propio actor ha confirmado su salida en Twitter con el siguiente mensaje: \u00abMis d\u00edas interpretando a Will LaMontagne Jr. se han acabado\u00ab. [&hellip;]<\/p>\n","protected":false},"author":1,"featured_media":73007,"comment_status":"open","ping_status":"closed","sticky":false,"template":"","format":"standard","meta":[],"categories":[10],"tags":[],"_links":{"self":[{"href":"http:\/\/hoycordobaweb.com\/index.php\/wp-json\/wp\/v2\/posts\/73006"}],"collection":[{"href":"http:\/\/hoycordobaweb.com\/index.php\/wp-json\/wp\/v2\/posts"}],"about":[{"href":"http:\/\/hoycordobaweb.com\/index.php\/wp-json\/wp\/v2\/types\/post"}],"author":[{"embeddable":true,"href":"http:\/\/hoycordobaweb.com\/index.php\/wp-json\/wp\/v2\/users\/1"}],"replies":[{"embeddable":true,"href":"http:\/\/hoycordobaweb.com\/index.php\/wp-json\/wp\/v2\/comments?post=73006"}],"version-history":[{"count":0,"href":"http:\/\/hoycordobaweb.com\/index.php\/wp-json\/wp\/v2\/posts\/73006\/revisions"}],"wp:featuredmedia":[{"embeddable":true,"href":"http:\/\/hoycordobaweb.com\/index.php\/wp-json\/wp\/v2\/media\/73007"}],"wp:attachment":[{"href":"http:\/\/hoycordobaweb.com\/index.php\/wp-json\/wp\/v2\/media?parent=73006"}],"wp:term":[{"taxonomy":"category","embeddable":true,"href":"http:\/\/hoycordobaweb.com\/index.php\/wp-json\/wp\/v2\/categories?post=73006"},{"taxonomy":"post_tag","embeddable":true,"href":"http:\/\/hoycordobaweb.com\/index.php\/wp-json\/wp\/v2\/tags?post=73006"}],"curies":[{"name":"wp","href":"https:\/\/api.w.org\/{rel}","templated":true}]}}