{"id":72955,"date":"2024-01-17T15:32:00","date_gmt":"2024-01-17T15:32:00","guid":{"rendered":"http:\/\/hoycordobaweb.com\/index.php\/2024\/01\/17\/mbappe-admitio-que-le-gustaria-participar-en-los-jjoo-de-paris-2024\/"},"modified":"2024-01-17T15:32:00","modified_gmt":"2024-01-17T15:32:00","slug":"mbappe-admitio-que-le-gustaria-participar-en-los-jjoo-de-paris-2024","status":"publish","type":"post","link":"http:\/\/hoycordobaweb.com\/index.php\/2024\/01\/17\/mbappe-admitio-que-le-gustaria-participar-en-los-jjoo-de-paris-2024\/","title":{"rendered":"Mbapp\u00e9 admiti\u00f3 que le gustar\u00eda participar en los JJOO de Par\u00eds 2024"},"content":{"rendered":"<p><img src=\"http:\/\/hoycordobaweb.com\/wp-content\/uploads\/2024\/01\/mbappe-admitio-que-le-gustaria-participar-en-los-jjoo-de-paris-2024.jpg\"><\/p>\n<figure class=\"mb-3\"><img loading=\"lazy\" data-src=\"http:\/\/hoycordobaweb.com\/wp-content\/uploads\/2024\/01\/mbappe-admitio-que-le-gustaria-participar-en-los-jjoo-de-paris-2024-2.jpg\" src=\"https:\/\/www.telam.com.ar\/assets\/img\/not_image.png\" class=\" lazy \" width=\"100%\" height=\"100%\" alt=\"Kylian Mbapp con la camiseta de Francia \"><figcaption> Kylian Mbapp\u00e9 con la camiseta de Francia. <\/figcaption><\/figure>\n<p>El franc\u00e9s Kylian Mbapp\u00e9, delantero del Paris Saint-Germain (PSG), admiti\u00f3 que le \u00abgustar\u00eda\u00bb participar de los Juegos Ol\u00edmpicos Par\u00eds 2024, aunque reconoci\u00f3 que esa posibilidad no es una decisi\u00f3n que dependa de \u00e9l y agreg\u00f3 que \u00abno quiero forzar las cosas en esta etapa de mi carrera\u00bb.<\/p>\n<p>\u00ab<strong>Estoy en una etapa de mi vida y de mi carrera en la que ya no quiero forzar las cosas, pero si me lo permiten estar\u00e9 encantado de representar a mi pa\u00eds en los Juegos Ol\u00edmpicos de Par\u00eds <\/strong>(del 26 de julio al 11 de agosto)\u00bb, declar\u00f3 Mbapp\u00e9 a la revista GQ, en la que su imagen es la portada de ese medio.<\/p>\n<p>La estrella y capit\u00e1n del PSG, campe\u00f3n del mundo con Francia en Rusia 2018, subray\u00f3 que \u00abpara cualquier deportista, los Juegos Ol\u00edmpicos ocupan un lugar especial, y yo ya quise ir a Tokio, porque quiero ganarlo todo y escribir mi nombre en la historia de la selecci\u00f3n francesa en una oportunidad como una cita ol\u00edmpica; pero si no se da, lo entender\u00e9\u00bb.<\/p>\n<p><strong>Consultado sobre la cantidad de partidos que disputan los clubes europeos al a\u00f1o, Mbapp\u00e9 opin\u00f3 que \u00abparece que nos acercamos al modelo de la NBA, con temporadas de setenta partidos.<\/strong> Personalmente, no estoy en contra de jugar tantos partidos, pero no podremos ser buenos siempre y dar al p\u00fablico el espect\u00e1culo que espera\u00bb.<\/p>\n<p>\u00ab<strong>Si hoy decidiera decir &#8216;estoy cansado, no voy a jugar el s\u00e1bado&#8217;, no saldr\u00eda bien parado\u00bb, expres\u00f3 el delantero<\/strong> de 25 a\u00f1os. Y a\u00f1adi\u00f3: \u00abNo quiero dar lecciones a nadie, pero tenemos que pensar juntos para ofrecer el mejor espect\u00e1culo posible, de modo que jugadores, espectadores y autoridades puedan respaldarlo\u00bb.<\/p>\n<p>Por \u00faltimo, sobre los cambios en su equipo, <strong>el atacante sostuvo que \u00abmuchos grandes jugadores que marcaron la historia del f\u00fatbol se fueron de Europa y creo que estamos entrando en una nueva era\u00bb.<\/strong><\/p>\n<p>\u00abEsto es parte del ciclo de este deporte y en alg\u00fan momento a m\u00ed tambi\u00e9n me tocar\u00e1 marcharme. No me preocupan esos cambios. Simplemente pienso en continuar con mi carrera y seguir mi propio camino\u00bb, apunt\u00f3, dejando abierta la posibilidad de una pr\u00f3xima salida del PSG. <\/p>\n","protected":false},"excerpt":{"rendered":"<p>Kylian Mbapp\u00e9 con la camiseta de Francia. El franc\u00e9s Kylian Mbapp\u00e9, delantero del Paris Saint-Germain (PSG), admiti\u00f3 que le \u00abgustar\u00eda\u00bb participar de los Juegos Ol\u00edmpicos Par\u00eds 2024, aunque reconoci\u00f3 que esa posibilidad no es una decisi\u00f3n que dependa de \u00e9l y agreg\u00f3 que \u00abno quiero forzar las cosas en esta etapa de mi carrera\u00bb. \u00abEstoy [&hellip;]<\/p>\n","protected":false},"author":1,"featured_media":72956,"comment_status":"open","ping_status":"closed","sticky":false,"template":"","format":"standard","meta":[],"categories":[16],"tags":[],"_links":{"self":[{"href":"http:\/\/hoycordobaweb.com\/index.php\/wp-json\/wp\/v2\/posts\/72955"}],"collection":[{"href":"http:\/\/hoycordobaweb.com\/index.php\/wp-json\/wp\/v2\/posts"}],"about":[{"href":"http:\/\/hoycordobaweb.com\/index.php\/wp-json\/wp\/v2\/types\/post"}],"author":[{"embeddable":true,"href":"http:\/\/hoycordobaweb.com\/index.php\/wp-json\/wp\/v2\/users\/1"}],"replies":[{"embeddable":true,"href":"http:\/\/hoycordobaweb.com\/index.php\/wp-json\/wp\/v2\/comments?post=72955"}],"version-history":[{"count":0,"href":"http:\/\/hoycordobaweb.com\/index.php\/wp-json\/wp\/v2\/posts\/72955\/revisions"}],"wp:featuredmedia":[{"embeddable":true,"href":"http:\/\/hoycordobaweb.com\/index.php\/wp-json\/wp\/v2\/media\/72956"}],"wp:attachment":[{"href":"http:\/\/hoycordobaweb.com\/index.php\/wp-json\/wp\/v2\/media?parent=72955"}],"wp:term":[{"taxonomy":"category","embeddable":true,"href":"http:\/\/hoycordobaweb.com\/index.php\/wp-json\/wp\/v2\/categories?post=72955"},{"taxonomy":"post_tag","embeddable":true,"href":"http:\/\/hoycordobaweb.com\/index.php\/wp-json\/wp\/v2\/tags?post=72955"}],"curies":[{"name":"wp","href":"https:\/\/api.w.org\/{rel}","templated":true}]}}