{"id":72949,"date":"2024-01-17T13:57:00","date_gmt":"2024-01-17T13:57:00","guid":{"rendered":"http:\/\/hoycordobaweb.com\/index.php\/2024\/01\/17\/vidal-se-mostro-esperanzada-en-lograr-un-dictamen-de-mayoria-sobre-la-ley-de-bases\/"},"modified":"2024-01-17T13:57:00","modified_gmt":"2024-01-17T13:57:00","slug":"vidal-se-mostro-esperanzada-en-lograr-un-dictamen-de-mayoria-sobre-la-ley-de-bases","status":"publish","type":"post","link":"http:\/\/hoycordobaweb.com\/index.php\/2024\/01\/17\/vidal-se-mostro-esperanzada-en-lograr-un-dictamen-de-mayoria-sobre-la-ley-de-bases\/","title":{"rendered":"Vidal se mostr\u00f3 esperanzada en \u00ablograr un dictamen de mayor\u00eda\u00bb sobre la ley de \u00abBases\u00bb"},"content":{"rendered":"<p><img src=\"http:\/\/hoycordobaweb.com\/wp-content\/uploads\/2024\/01\/vidal-se-mostro-esperanzada-en-lograr-un-dictamen-de-mayoria-sobre-la-ley-de-bases.jpg\"><\/p>\n<figure class=\"mb-3\"><img loading=\"lazy\" data-src=\"http:\/\/hoycordobaweb.com\/wp-content\/uploads\/2024\/01\/vidal-se-mostro-esperanzada-en-lograr-un-dictamen-de-mayoria-sobre-la-ley-de-bases-2.jpg\" src=\"https:\/\/www.telam.com.ar\/assets\/img\/not_image.png\" class=\" lazy \" width=\"100%\" height=\"100%\" alt=\"Foto Ral Ferrari\"><figcaption> Foto: Ra\u00fal Ferrari. <\/figcaption><\/figure>\n<p>La diputada nacional del PRO por la Ciudad de Buenos Aires, Mar\u00eda Eugenia Vidal, se mostr\u00f3 este mi\u00e9rcoles esperanzada en \u00abpoder conseguir pronto un dictamen de mayor\u00eda\u00bb en el plenario de comisiones de la C\u00e1mara de Diputados que analiza el proyecto de Ley de \u00abBases y Puntos de Partida para la Libertad de los Argentinos\u00bb, y <strong>consider\u00f3 que \u00abtodos los temas\u00bb que se plantean en esa iniciativa \u00abson importantes\u00bb, aunque \u00abno todos\u00bb tienen un car\u00e1cter \u00aburgente\u00bb.<\/strong><\/p>\n<p>\u00abVenimos trabajando muy bien y esperamos conseguir un dictamen de mayor\u00eda. Creemos que, si bien todos los temas son importantes, no todos son urgentes\u00bb, afirm\u00f3 Vidal en declaraciones a Radio La Red.<\/p>\n<p>Indic\u00f3 adem\u00e1s que <strong>quienes fueron parte de Juntos por el Cambio (JxC) \u00abmantienen un buen di\u00e1logo\u00bb<\/strong> y est\u00e1n dispuestos a alcanzar acuerdos \u00abcon el bloque oficialista de La Libertad Avanza (LLA) para lograr un dictamen de mayor\u00eda en el plenario de comisiones de Diputados.<\/p>\n<p>\u00abHoy estamos haciendo lo que hay que hacer, reuniones con distintos bloques y con el oficialismo. Tenemos que impedir que haya un dictamen de mayor\u00eda del kirchnerismo o de la izquierda\u00bb, remarc\u00f3.<\/p>\n<p>Para Vidal, <strong>\u00abhay que definir prioridades\u00bb y entre ellas se encuentra \u00abla cuesti\u00f3n fiscal para reducir el d\u00e9ficit\u00bb<\/strong>, y se mostr\u00f3 en favor de darle \u00abfacultades especialidades\u00bb al Presidente pero \u00abs\u00f3lo por un a\u00f1o\u00bb en vez de por todo el mandato como se establece en el proyecto de la Ley de \u00abBases\u00bb<\/p>\n<p>La exgobernadora de la provincia de Buenos Aires afirm\u00f3 que <strong>\u00abse debe hacer algo con los jubilados ahora\u00bb <\/strong>en relaci\u00f3n a la actualizaci\u00f3n de los haberes de los pensionados, y estim\u00f3 que \u00abla reforma electoral es algo que puede esperar, pero no as\u00ed el tema de la boleta \u00fanica que deber\u00eda ser aprobada por el Senado\u00bb.<\/p>\n<p>\u00abOtras reformas como las del C\u00f3digo Civil y Comercial llevan m\u00e1s tiempo, no son urgentes y no definen si va a haber inflaci\u00f3n o no en los pr\u00f3ximos meses. Hay que centrarse en lo que define un programa econ\u00f3mico\u00bb, insisti\u00f3 la legisladora. <\/p>\n","protected":false},"excerpt":{"rendered":"<p>Foto: Ra\u00fal Ferrari. La diputada nacional del PRO por la Ciudad de Buenos Aires, Mar\u00eda Eugenia Vidal, se mostr\u00f3 este mi\u00e9rcoles esperanzada en \u00abpoder conseguir pronto un dictamen de mayor\u00eda\u00bb en el plenario de comisiones de la C\u00e1mara de Diputados que analiza el proyecto de Ley de \u00abBases y Puntos de Partida para la Libertad [&hellip;]<\/p>\n","protected":false},"author":1,"featured_media":72950,"comment_status":"open","ping_status":"closed","sticky":false,"template":"","format":"standard","meta":[],"categories":[19],"tags":[],"_links":{"self":[{"href":"http:\/\/hoycordobaweb.com\/index.php\/wp-json\/wp\/v2\/posts\/72949"}],"collection":[{"href":"http:\/\/hoycordobaweb.com\/index.php\/wp-json\/wp\/v2\/posts"}],"about":[{"href":"http:\/\/hoycordobaweb.com\/index.php\/wp-json\/wp\/v2\/types\/post"}],"author":[{"embeddable":true,"href":"http:\/\/hoycordobaweb.com\/index.php\/wp-json\/wp\/v2\/users\/1"}],"replies":[{"embeddable":true,"href":"http:\/\/hoycordobaweb.com\/index.php\/wp-json\/wp\/v2\/comments?post=72949"}],"version-history":[{"count":0,"href":"http:\/\/hoycordobaweb.com\/index.php\/wp-json\/wp\/v2\/posts\/72949\/revisions"}],"wp:featuredmedia":[{"embeddable":true,"href":"http:\/\/hoycordobaweb.com\/index.php\/wp-json\/wp\/v2\/media\/72950"}],"wp:attachment":[{"href":"http:\/\/hoycordobaweb.com\/index.php\/wp-json\/wp\/v2\/media?parent=72949"}],"wp:term":[{"taxonomy":"category","embeddable":true,"href":"http:\/\/hoycordobaweb.com\/index.php\/wp-json\/wp\/v2\/categories?post=72949"},{"taxonomy":"post_tag","embeddable":true,"href":"http:\/\/hoycordobaweb.com\/index.php\/wp-json\/wp\/v2\/tags?post=72949"}],"curies":[{"name":"wp","href":"https:\/\/api.w.org\/{rel}","templated":true}]}}