{"id":72935,"date":"2024-01-17T13:36:53","date_gmt":"2024-01-17T13:36:53","guid":{"rendered":"https:\/\/www.ole.com.ar\/futbol-internacional\/espana\/xavi-hernandez-continua-barcelona-dt_0_3mg0Seromb.html"},"modified":"2024-01-17T13:36:53","modified_gmt":"2024-01-17T13:36:53","slug":"xavi-optimista-con-el-barcelona-estamos-mas-cerca-del-exito-pese-a-perder-la-supercopa","status":"publish","type":"post","link":"http:\/\/hoycordobaweb.com\/index.php\/2024\/01\/17\/xavi-optimista-con-el-barcelona-estamos-mas-cerca-del-exito-pese-a-perder-la-supercopa\/","title":{"rendered":"Xavi, optimista con el Barcelona: \u00abEstamos m\u00e1s cerca del \u00e9xito pese a perder la Supercopa\u00bb"},"content":{"rendered":"<p><img src=\"http:\/\/hoycordobaweb.com\/wp-content\/uploads\/2024\/01\/xavi-optimista-con-el-barcelona-estamos-mas-cerca-del-exito-pese-a-perder-la-supercopa.jpg\"><\/p>\n<p><time class=\"createDate\" datetime=\"2024-01-17T10:36:53-03:00\">17\/01\/2024 10:36hs.<\/time><time class=\"modificatedDate\" datetime=\"2024-01-17T10:38:19-03:00\"> Actualizado al 17\/01\/2024 10:38hs.<\/time><\/p>\n<div id=\"storyBody\">\n<div class=\"custom-text \" readability=\"36.983842010772\">\n<p>El <a href=\"https:\/\/www.ole.com.ar\/tema\/fc-barcelona.html\" title=\"FC Barcelona\" alt=\"FC Barcelona\" class=\"slug\">Barcelona<\/a> de <a href=\"https:\/\/www.ole.com.ar\/tema\/xavi-hernandez.html\" title=\"Xavi Hern\u00e1ndez\" alt=\"Xavi Hern\u00e1ndez\" class=\"slug\">Xavi<\/a> qued\u00f3 golpeado tras caer<strong> por 4-1 frente al <a href=\"https:\/\/www.ole.com.ar\/tema\/real-madrid.html\" title=\"Real Madrid\" alt=\"Real Madrid\" class=\"slug\">Real Madrid<\/a> en la final de la Supercopa de Espa\u00f1a. <\/strong>Y en el elenco catal\u00e1n saben que deben recuperar el \u00e1nimo r\u00e1pido para no desequilibrarse en<a href=\"https:\/\/www.ole.com.ar\/tema\/la-liga.html\" title=\"La Liga\" alt=\"La Liga\" class=\"slug\"> LaLiga<\/a>, <strong>donde se encuentran cuartos con 41 puntos (a ocho unidades del Girona). <\/strong>Es por eso que, en medio de ese contexto, el entrenador dio un mensaje de tranquilidad en rueda de prensa luego de una charla con <a href=\"https:\/\/www.ole.com.ar\/tema\/joan-laporta.html\" title=\"Joan Laporta\" alt=\"Joan Laporta\" class=\"slug\">Joan Laporta<\/a> y, adem\u00e1s de volver a asegurar su continuidad, dijo estar \u00abm\u00e1s cerca del \u00e9xito\u00bb a pesar de la derrota ante el Merengue.<\/p>\n<\/div>\n<div class=\"custom-text \" readability=\"39\">\n<p>\u00abYa tuve el otro d\u00eda una charla en el avi\u00f3n con Laporta. Tranquilidad: &#8216;Tots units fem for\u00e7a&#8217; (todos unidos hacemos fuerza). <strong>El presidente est\u00e1 contento, con \u00e1nimos y la realidad por delante, quedan tres t\u00edtulos y todo por jugarse.<\/strong> Tiene fe en el staff y los jugadores\u00bb, expres\u00f3 el t\u00e9cnico este mi\u00e9rcoles, en conferencia de prensa.<\/p>\n<\/div>\n<div class=\"custom-text \" readability=\"41\">\n<p>A su vez, habl\u00f3 de lo que signific\u00f3 perder la final frente al Madrid el pasado domingo: <strong>\u00abLas derrotas en una final, y m\u00e1s contra el Madrid, duelen y pesan. <\/strong>El equipo est\u00e1 fuerte, creen en el proyecto. Es cierto que lo hicimos muy mal el otro d\u00eda, pero queremos hacerlo bien, repetir el \u00e9xito de la temporada pasada\u00bb.<\/p>\n<\/div>\n<div class=\"custom-text \" readability=\"39\">\n<p><strong>Luego, el t\u00e9cnico dej\u00f3 bien en claro que a\u00f1o a a\u00f1o los objetivos del plantel vienen cumpli\u00e9ndose, y este 2024 no es la excepci\u00f3n a la regla:<\/strong> \u00abEl objetivo del primer a\u00f1o era ser cuartos, somos segundos y contin\u00fao. El a\u00f1o pasado el objetivo era LaLiga y se gana la Supercopa, por encima de las expectativas. <strong>Esta temporada el objetivo son los t\u00edtulos. Estamos en octavos de Champions. Queremos ganar los t\u00edtulos grandes\u00bb.<\/strong><\/p>\n<\/div>\n<div class=\"custom-text \" readability=\"36\">\n<p>\u00ab<strong>Si no se cubren los objetivos ser\u00e9 el primero en decir hasta aqu\u00ed hemos llegado<\/strong>. Estamos m\u00e1s cerca del \u00e9xito pese a perder la Supercopa. Esta es mi realidad y lo de fuera no lo controlo\u00bb, cerr\u00f3 Xavi, sobre su continuidad en el puesto.<\/p>\n<\/div>\n<div class=\"sc-e7b891c4-0 jPbnQF\"><img alt=\"El Barsa cay\u00f3 4-1 en la final (EFE). \" src=\"http:\/\/hoycordobaweb.com\/wp-content\/uploads\/2024\/01\/xavi-optimista-con-el-barcelona-estamos-mas-cerca-del-exito-pese-a-perder-la-supercopa-2.jpg\" width=\"720\" height=\"100\" decoding=\"async\" data-nimg=\"future\" loading=\"lazy\"><span class=\"epigraphe\">El Barsa cay\u00f3 4-1 en la final (EFE). <\/span><\/div>\n<p><h2><strong>Una buena para el Barsa: avances el Camp Nou<\/strong><\/h2>\n<\/p>\n<div class=\"custom-text \" readability=\"37\">\n<p>La demolici\u00f3n de las viejas partes del estadio del Barcelona finalizaron en octubre del 2023, y <strong>poco a poco comienzan a avanzar con la construcci\u00f3n de nuevos sectores<\/strong>. El club tiene pensado poder volver a jugar partidos en su cancha para noviembre de este a\u00f1o, y tener el estadio finalizado aproximadamente para el 2026.<\/p>\n<\/div>\n<div class=\"sc-e7b891c4-0 jPbnQF\"><img alt=\"Remodelaciones de Camp Nou (Prensa del club)\" src=\"http:\/\/hoycordobaweb.com\/wp-content\/uploads\/2024\/01\/xavi-optimista-con-el-barcelona-estamos-mas-cerca-del-exito-pese-a-perder-la-supercopa-3.jpg\" width=\"720\" height=\"100\" decoding=\"async\" data-nimg=\"future\" loading=\"lazy\"><span class=\"epigraphe\">Remodelaciones de Camp Nou (Prensa del club)<\/span><\/div>\n<div class=\"custom-text \" readability=\"36\">\n<p>\u00ab<strong>Con el nuevo proyecto ganamos 27 metros de per\u00edmetro. El estadio tendr\u00e1 228.000 metros cuadrados. La previsi\u00f3n de aforo la hemos situado en unos 104.000 espectadores<\/strong>\u00ab, explic\u00f3 en su momento Luis Moya, director del proyecto.<\/p>\n<\/div>\n<div class=\"custom-text \" readability=\"35\">\n<p>M\u00e1s precisamente, el Barcelona tiene pensado volver a jugar nuevamente en el Camp Nou el 29 de noviembre de este a\u00f1o. \u00bfPor qu\u00e9? Esa es la fecha del aniversario n\u00famero 125 del club. <strong>Quiz\u00e1s la vuelta a su estadio sea la clave para comenzar a conseguir mejores resultados. <\/strong><\/p>\n<\/div>\n<div class=\"sc-a7166897-0 exHLBh\" readability=\"6.5\">\n<section readability=\"3\"><picture><img alt=\"Mbapp\u00e9 no descarta salir de Europa: &quot;En alg\u00fan momento a m\u00ed tambi\u00e9n me tocar\u00e1 marcharme&quot;\" src=\"http:\/\/hoycordobaweb.com\/wp-content\/uploads\/2024\/01\/xavi-optimista-con-el-barcelona-estamos-mas-cerca-del-exito-pese-a-perder-la-supercopa-4.jpg\" width=\"290\" height=\"290\" decoding=\"async\" data-nimg=\"future\" loading=\"lazy\"><\/picture>\n<p><span>Mir\u00e1 tambi\u00e9n<\/span><\/p>\n<hr>\n<h3>Mbapp\u00e9 no descarta salir de Europa: \u00abEn alg\u00fan momento a m\u00ed tambi\u00e9n me tocar\u00e1 marcharme\u00bb<\/h3>\n<\/p>\n<\/section>\n<\/div>\n<div class=\"sc-a7166897-0 exHLBh\" readability=\"6\">\n<section readability=\"2\"><picture><img alt=\"El particular posteo de Jos\u00e9 Mourinho tras ser despedido de la Roma\" src=\"http:\/\/hoycordobaweb.com\/wp-content\/uploads\/2024\/01\/xavi-optimista-con-el-barcelona-estamos-mas-cerca-del-exito-pese-a-perder-la-supercopa-5.jpg\" width=\"290\" height=\"290\" decoding=\"async\" data-nimg=\"future\" loading=\"lazy\"><\/picture>\n<p><span>Mir\u00e1 tambi\u00e9n<\/span><\/p>\n<hr>\n<h3>El particular posteo de Jos\u00e9 Mourinho tras ser despedido de la Roma<\/h3>\n<\/p>\n<\/section>\n<\/div>\n<div class=\"sc-a7166897-0 exHLBh\" readability=\"6\">\n<section readability=\"2\"><picture><img alt=\"El jugador del Manchester City al que pusieron a la altura de Messi y Cristiano\" src=\"http:\/\/hoycordobaweb.com\/wp-content\/uploads\/2024\/01\/xavi-optimista-con-el-barcelona-estamos-mas-cerca-del-exito-pese-a-perder-la-supercopa-6.jpg\" width=\"290\" height=\"290\" decoding=\"async\" data-nimg=\"future\" loading=\"lazy\"><\/picture>\n<p><span>Mir\u00e1 tambi\u00e9n<\/span><\/p>\n<hr>\n<h3>El jugador del Manchester City al que pusieron a la altura de Messi y Cristiano<\/h3>\n<\/p>\n<\/section>\n<\/div>\n<\/div>\n","protected":false},"excerpt":{"rendered":"<p>17\/01\/2024 10:36hs. Actualizado al 17\/01\/2024 10:38hs. El Barcelona de Xavi qued\u00f3 golpeado tras caer por 4-1 frente al Real Madrid en la final de la Supercopa de Espa\u00f1a. Y en el elenco catal\u00e1n saben que deben recuperar el \u00e1nimo r\u00e1pido para no desequilibrarse en LaLiga, donde se encuentran cuartos con 41 puntos (a ocho unidades [&hellip;]<\/p>\n","protected":false},"author":1,"featured_media":72936,"comment_status":"open","ping_status":"closed","sticky":false,"template":"","format":"standard","meta":[],"categories":[16],"tags":[],"_links":{"self":[{"href":"http:\/\/hoycordobaweb.com\/index.php\/wp-json\/wp\/v2\/posts\/72935"}],"collection":[{"href":"http:\/\/hoycordobaweb.com\/index.php\/wp-json\/wp\/v2\/posts"}],"about":[{"href":"http:\/\/hoycordobaweb.com\/index.php\/wp-json\/wp\/v2\/types\/post"}],"author":[{"embeddable":true,"href":"http:\/\/hoycordobaweb.com\/index.php\/wp-json\/wp\/v2\/users\/1"}],"replies":[{"embeddable":true,"href":"http:\/\/hoycordobaweb.com\/index.php\/wp-json\/wp\/v2\/comments?post=72935"}],"version-history":[{"count":0,"href":"http:\/\/hoycordobaweb.com\/index.php\/wp-json\/wp\/v2\/posts\/72935\/revisions"}],"wp:featuredmedia":[{"embeddable":true,"href":"http:\/\/hoycordobaweb.com\/index.php\/wp-json\/wp\/v2\/media\/72936"}],"wp:attachment":[{"href":"http:\/\/hoycordobaweb.com\/index.php\/wp-json\/wp\/v2\/media?parent=72935"}],"wp:term":[{"taxonomy":"category","embeddable":true,"href":"http:\/\/hoycordobaweb.com\/index.php\/wp-json\/wp\/v2\/categories?post=72935"},{"taxonomy":"post_tag","embeddable":true,"href":"http:\/\/hoycordobaweb.com\/index.php\/wp-json\/wp\/v2\/tags?post=72935"}],"curies":[{"name":"wp","href":"https:\/\/api.w.org\/{rel}","templated":true}]}}