{"id":72880,"date":"2024-01-16T13:06:32","date_gmt":"2024-01-16T13:06:32","guid":{"rendered":"https:\/\/www.ole.com.ar\/futbol-internacional\/espana\/manchester-united-interesado-vinicius-permitiria-llegada-kylian-mbappe-real-madrid_0_9K9MYg7SDF.html"},"modified":"2024-01-16T13:06:32","modified_gmt":"2024-01-16T13:06:32","slug":"rumor-bomba-en-el-mercado-vinicius-al-manchester-united-y-mbappe-al-real-madrid","status":"publish","type":"post","link":"http:\/\/hoycordobaweb.com\/index.php\/2024\/01\/16\/rumor-bomba-en-el-mercado-vinicius-al-manchester-united-y-mbappe-al-real-madrid\/","title":{"rendered":"Rumor bomba en el mercado: \u00bfVinicius al Manchester United y Mbapp\u00e9 al Real Madrid?"},"content":{"rendered":"<p><img src=\"http:\/\/hoycordobaweb.com\/wp-content\/uploads\/2024\/01\/rumor-bomba-en-el-mercado-vinicius-al-manchester-united-y-mbappe-al-real-madrid.jpg\"><\/p>\n<p><time class=\"createDate\" datetime=\"2024-01-16T10:06:32-03:00\">16\/01\/2024 10:06hs.<\/time><\/p>\n<div id=\"storyBody\">\n<div class=\"custom-text \" readability=\"29.785714285714\">\n<p>En una temporada donde las lesiones lo marginaron en varios partidos y en la que la figura de Jude Bellingham lo opac\u00f3 un poco,<strong> <a href=\"https:\/\/www.ole.com.ar\/tema\/vinicius.html\" title=\"Vinicius\" alt=\"Vinicius\" class=\"slug\">Vinicius<\/a> volvi\u00f3 a ponerse bajo los reflectores <a href=\"https:\/\/www.ole.com.ar\/futbol-internacional\/espana\/real-madrid-vs-barcelona-hoy-vivo-final-supercopa-espana-hora-ver-tv-online-alineacion_0_RPEVDPX7xh.html\" target=\"_blank\" title=\"gracias a un hat trick en el Real Madrid - Barcelona\" alt=\"gracias a un hat trick en el Real Madrid - Barcelona\" rel=\"noopener noreferrer\">gracias a un hat-trick en el Real Madrid-Barcelona<\/a>.<\/strong> Esta gran actuaci\u00f3n en la final de la Supercopa encendi\u00f3 un rumor que hace unos meses parec\u00eda imposible.<\/p>\n<\/div>\n<div class=\"custom-text \" readability=\"34.024475524476\">\n<p>Seg\u00fan informaron diversos medios espa\u00f1oles e ingleses, el <a href=\"https:\/\/www.ole.com.ar\/tema\/manchester-united.html\" title=\"Manchester United\" alt=\"Manchester United\" class=\"slug\">Manchester United<\/a> estar\u00eda dispuesto a ir por todo en busca del joven extremo del <a href=\"https:\/\/www.ole.com.ar\/tema\/real-madrid.html\" title=\"Real Madrid\" alt=\"Real Madrid\" class=\"slug\">Madrid<\/a> y <strong>podr\u00eda ofrecer hasta 150 millones para llevarlo a Old Trafford. <\/strong>Florentino P\u00e9rez, presidente Merengue, no ver\u00eda mal esta operaci\u00f3n.<\/p>\n<\/div>\n<div class=\"custom-text \" readability=\"33.286713286713\">\n<p>Si bien en varias ocasiones Carlo Ancelotti o el propio Florentino declararon que Vini es fundamental en el plantel, el inter\u00e9s del gigante brit\u00e1nico permitir\u00eda cumplir el sue\u00f1o m\u00e1s grande del elenco Blanco en los \u00faltimos tiempos:<strong> incorporar de una vez por todas a <a href=\"https:\/\/www.ole.com.ar\/tema\/kylian-mbappe.html\" title=\"Kylian Mbapp\u00e9\" alt=\"Kylian Mbapp\u00e9\" class=\"slug\">Kylian Mbapp\u00e9<\/a>.<\/strong><\/p>\n<\/div>\n<div class=\"custom-text \" readability=\"38\">\n<p>En cada mercado de pases en a\u00f1os recientes, el talentoso delantero franc\u00e9s es siempre vinculado al cuadro de la capital espa\u00f1ola, <strong>pero de momento esos rumores nunca acabaron por concretarse. <\/strong>Un hipot\u00e9tico e inesperado ingreso de 150 millones a las arcas del club, podr\u00edan ser determinantes para que esto ocurra.<\/p>\n<\/div>\n<div class=\"custom-text \" readability=\"39\">\n<p>En el pasado, el Madrid lleg\u00f3 a ofrecer alrededor de 200 millones por la Tortuga, pero el Paris Saint Germain la consider\u00f3 insuficiente. Sin embargo, esta vez ser\u00eda Florentino quien tiene las de ganar, debido a que <strong>el contrato del delantero acabar\u00e1 en junio y no parece haber intenciones de su parte de renovar.<\/strong><\/p>\n<\/div>\n<div class=\"custom-text \" readability=\"36\">\n<p>El costado izquierdo es el sector de la cancha en el que m\u00e1s le gusta jugar a la estrella francesa y que hoy por hoy ocupa Vini en el club Gal\u00e1ctico. De esta forma, adem\u00e1s de lo econ\u00f3mico, la posible marcha del ex Flamengo <strong>podr\u00eda tener un beneficio extra a la hora de atraer a Mbapp\u00e9.<\/strong><\/p>\n<\/div>\n<div class=\"sc-e7b891c4-0 jPbnQF\"><img alt=\"Mbapp\u00e9, el principal objetivo del Real Madrid (REUTERS).\" src=\"http:\/\/hoycordobaweb.com\/wp-content\/uploads\/2024\/01\/rumor-bomba-en-el-mercado-vinicius-al-manchester-united-y-mbappe-al-real-madrid-2.jpg\" width=\"720\" height=\"100\" decoding=\"async\" data-nimg=\"future\" loading=\"lazy\"><span class=\"epigraphe\">Mbapp\u00e9, el principal objetivo del Real Madrid (REUTERS).<\/span><\/div>\n<p><h2>El inter\u00e9s del United por Vinicius<\/h2>\n<\/p>\n<div class=\"custom-text \" readability=\"34\">\n<p>El Manchester United atraviesa una \u00e9poca demasiado convulsa. Erik Ten Hag y la familia Glazer (due\u00f1os del club) son muy cuestionados por los hinchas y <strong>los resultados deportivos est\u00e1n lejos de ser los que marca la historia del club.<\/strong><\/p>\n<\/div>\n<div class=\"custom-text \" readability=\"37\">\n<p>En un intento de enderezar el camino,<strong> los Glazer vendieron un 25% de las acciones de los Red Devils al millonario brit\u00e1nico Jim Ratcliffe,<\/strong> con la idea de que \u00e9l se encargue del apartado deportivo. A pocas semanas de tomar el cargo, el empresario apunt\u00f3 hacia Vinicius.<\/p>\n<\/div>\n<div class=\"custom-text \" readability=\"37\">\n<p><strong>El brasile\u00f1o lleva convertidos nueve goles y cuatro asistencias en 16 partidos esta temporada en Madrid <\/strong>y el United lo buscar\u00eda con la intenci\u00f3n de dar un golpe de efecto para poder plantarle cara en la Premier a equipos como Liverpool, Arsenal y, especialmente, Manchester City.<\/p>\n<\/div>\n<div class=\"custom-text \" readability=\"37\">\n<p>En el pasado, el conjunto mancuniano ya hab\u00eda mostrado inter\u00e9s en Vini.<strong> Primero, lo tuvieron en carpeta cuando todav\u00eda se encontraba en el Flamengo<\/strong>, poco antes de que partiera a Espa\u00f1a; y luego hubo un sondeo por \u00e9l a mediados del a\u00f1o pasado.<\/p>\n<\/div>\n<div class=\"sc-e7b891c4-0 jPbnQF\"><img alt=\"Vinicius con la Supercopa de Espa\u00f1a. (REUTERS).\" src=\"http:\/\/hoycordobaweb.com\/wp-content\/uploads\/2024\/01\/rumor-bomba-en-el-mercado-vinicius-al-manchester-united-y-mbappe-al-real-madrid-3.jpg\" width=\"720\" height=\"100\" decoding=\"async\" data-nimg=\"future\" loading=\"lazy\"><span class=\"epigraphe\">Vinicius con la Supercopa de Espa\u00f1a. (REUTERS).<\/span><\/div>\n<p><h3>Los tres goles de Vinicius ante Barcelona<\/h3>\n<\/p>\n<div type=\"embed\" class=\"sc-7ce6049-0 dwIKul\">\n<div class=\"sc-7ce6049-1 bdcBBS videoText\" id=\"contentTitleembedqfzwwKPv\" type=\"embed\"><svg fill=\"#ffffff\"><symbol id=\"play\" viewBox=\"0 0 512 512\"><path d=\"M512 256C512 397.4 397.4 512 256 512C114.6 512 0 397.4 0 256C0 114.6 114.6 0 256 0C397.4 0 512 114.6 512 256zM176 168V344C176 352.7 180.7 360.7 188.3 364.9C195.8 369.2 205.1 369 212.5 364.5L356.5 276.5C363.6 272.1 368 264.4 368 256C368 247.6 363.6 239.9 356.5 235.5L212.5 147.5C205.1 142.1 195.8 142.8 188.3 147.1C180.7 151.3 176 159.3 176 168V168z\" \/><\/symbol><use xlink:href=\"#play\" \/><\/svg><\/p>\n<div class=\"right\">\n<p>Real Madrid<!-- --> &#8211;<!-- --> <span>16-1-2024<\/span><\/p>\n<h2 class=\"title-vid\">Vinicius marc\u00f3 el 1-0 para el Real Madrid ante Barcelona<\/h2>\n<\/div>\n<\/div>\n<p><span class=\"back\" id=\"spanBackembedqfzwwKPv\"><\/span><\/div>\n<div type=\"embed\" class=\"sc-7ce6049-0 dwIKul\">\n<div class=\"sc-7ce6049-1 bdcBBS videoText\" id=\"contentTitleembedHnekQRjm\" type=\"embed\"><svg fill=\"#ffffff\"><symbol id=\"play\" viewBox=\"0 0 512 512\"><path d=\"M512 256C512 397.4 397.4 512 256 512C114.6 512 0 397.4 0 256C0 114.6 114.6 0 256 0C397.4 0 512 114.6 512 256zM176 168V344C176 352.7 180.7 360.7 188.3 364.9C195.8 369.2 205.1 369 212.5 364.5L356.5 276.5C363.6 272.1 368 264.4 368 256C368 247.6 363.6 239.9 356.5 235.5L212.5 147.5C205.1 142.1 195.8 142.8 188.3 147.1C180.7 151.3 176 159.3 176 168V168z\" \/><\/symbol><use xlink:href=\"#play\" \/><\/svg><\/p>\n<div class=\"right\">\n<p>Vinicius<!-- --> &#8211;<!-- --> <span>16-1-2024<\/span><\/p>\n<h2 class=\"title-vid\">Doblete de Vinicius para el 2-0 del Real Madrid<\/h2>\n<\/div>\n<\/div>\n<p><span class=\"back\" id=\"spanBackembedHnekQRjm\"><\/span><\/div>\n<div type=\"embed\" class=\"sc-7ce6049-0 dwIKul\">\n<div class=\"sc-7ce6049-1 bdcBBS videoText\" id=\"contentTitleembedrnfOieWg\" type=\"embed\"><svg fill=\"#ffffff\"><symbol id=\"play\" viewBox=\"0 0 512 512\"><path d=\"M512 256C512 397.4 397.4 512 256 512C114.6 512 0 397.4 0 256C0 114.6 114.6 0 256 0C397.4 0 512 114.6 512 256zM176 168V344C176 352.7 180.7 360.7 188.3 364.9C195.8 369.2 205.1 369 212.5 364.5L356.5 276.5C363.6 272.1 368 264.4 368 256C368 247.6 363.6 239.9 356.5 235.5L212.5 147.5C205.1 142.1 195.8 142.8 188.3 147.1C180.7 151.3 176 159.3 176 168V168z\" \/><\/symbol><use xlink:href=\"#play\" \/><\/svg><\/p>\n<div class=\"right\">\n<p>Vinicius<!-- --> &#8211;<!-- --> <span>16-1-2024<\/span><\/p>\n<h2 class=\"title-vid\">Vinicius puso de penal el 3-1 del Real Madrid ante Barcelona<\/h2>\n<\/div>\n<\/div>\n<p><span class=\"back\" id=\"spanBackembedrnfOieWg\"><\/span><\/div>\n<div class=\"sc-a7166897-0 exHLBh\" readability=\"6.5\">\n<section readability=\"3\"><picture><img alt=\"La pol\u00e9mica frase de Vinicius tras la goleada del Real Madrid al Barcelona: &quot;Todos quieren pelear conmigo&quot;\" src=\"http:\/\/hoycordobaweb.com\/wp-content\/uploads\/2024\/01\/rumor-bomba-en-el-mercado-vinicius-al-manchester-united-y-mbappe-al-real-madrid-4.jpg\" width=\"290\" height=\"290\" decoding=\"async\" data-nimg=\"future\" loading=\"lazy\"><\/picture>\n<p><span>Mir\u00e1 tambi\u00e9n<\/span><\/p>\n<hr>\n<h3>La pol\u00e9mica frase de Vinicius tras la goleada del Real Madrid al Barcelona: \u00abTodos quieren pelear conmigo\u00bb<\/h3>\n<\/p>\n<\/section>\n<\/div>\n<div class=\"sc-a7166897-0 exHLBh\" readability=\"7\">\n<section readability=\"4\"><picture><img alt=\"Vinicius: hat-trick, r\u00e9cord, festejo a lo CR7 y cargada al Barsa\" src=\"http:\/\/hoycordobaweb.com\/wp-content\/uploads\/2024\/01\/rumor-bomba-en-el-mercado-vinicius-al-manchester-united-y-mbappe-al-real-madrid-5.jpg\" width=\"290\" height=\"290\" decoding=\"async\" data-nimg=\"future\" loading=\"lazy\"><\/picture>\n<p><span>Mir\u00e1 tambi\u00e9n<\/span><\/p>\n<hr>\n<h3>Vinicius: hat-trick, r\u00e9cord, festejo a lo CR7 y cargada al Barsa<\/h3>\n<\/p>\n<\/section>\n<\/div>\n<div class=\"sc-a7166897-0 exHLBh\" readability=\"6\">\n<section readability=\"2\"><picture><img alt=\"Video: el ca\u00f1o de luxe de Lisandro Mart\u00ednez en su regreso a las canchas\" src=\"http:\/\/hoycordobaweb.com\/wp-content\/uploads\/2024\/01\/rumor-bomba-en-el-mercado-vinicius-al-manchester-united-y-mbappe-al-real-madrid-6.jpg\" width=\"290\" height=\"290\" decoding=\"async\" data-nimg=\"future\" loading=\"lazy\"><\/picture>\n<p><span>Mir\u00e1 tambi\u00e9n<\/span><\/p>\n<hr>\n<h3>Video: el ca\u00f1o de luxe de Lisandro Mart\u00ednez en su regreso a las canchas<\/h3>\n<\/p>\n<\/section>\n<\/div>\n<\/div>\n","protected":false},"excerpt":{"rendered":"<p>16\/01\/2024 10:06hs. En una temporada donde las lesiones lo marginaron en varios partidos y en la que la figura de Jude Bellingham lo opac\u00f3 un poco, Vinicius volvi\u00f3 a ponerse bajo los reflectores gracias a un hat-trick en el Real Madrid-Barcelona. Esta gran actuaci\u00f3n en la final de la Supercopa encendi\u00f3 un rumor que hace [&hellip;]<\/p>\n","protected":false},"author":1,"featured_media":72881,"comment_status":"open","ping_status":"closed","sticky":false,"template":"","format":"standard","meta":[],"categories":[16],"tags":[],"_links":{"self":[{"href":"http:\/\/hoycordobaweb.com\/index.php\/wp-json\/wp\/v2\/posts\/72880"}],"collection":[{"href":"http:\/\/hoycordobaweb.com\/index.php\/wp-json\/wp\/v2\/posts"}],"about":[{"href":"http:\/\/hoycordobaweb.com\/index.php\/wp-json\/wp\/v2\/types\/post"}],"author":[{"embeddable":true,"href":"http:\/\/hoycordobaweb.com\/index.php\/wp-json\/wp\/v2\/users\/1"}],"replies":[{"embeddable":true,"href":"http:\/\/hoycordobaweb.com\/index.php\/wp-json\/wp\/v2\/comments?post=72880"}],"version-history":[{"count":0,"href":"http:\/\/hoycordobaweb.com\/index.php\/wp-json\/wp\/v2\/posts\/72880\/revisions"}],"wp:featuredmedia":[{"embeddable":true,"href":"http:\/\/hoycordobaweb.com\/index.php\/wp-json\/wp\/v2\/media\/72881"}],"wp:attachment":[{"href":"http:\/\/hoycordobaweb.com\/index.php\/wp-json\/wp\/v2\/media?parent=72880"}],"wp:term":[{"taxonomy":"category","embeddable":true,"href":"http:\/\/hoycordobaweb.com\/index.php\/wp-json\/wp\/v2\/categories?post=72880"},{"taxonomy":"post_tag","embeddable":true,"href":"http:\/\/hoycordobaweb.com\/index.php\/wp-json\/wp\/v2\/tags?post=72880"}],"curies":[{"name":"wp","href":"https:\/\/api.w.org\/{rel}","templated":true}]}}