{"id":72876,"date":"2024-01-16T13:26:56","date_gmt":"2024-01-16T13:26:56","guid":{"rendered":"https:\/\/www.ole.com.ar\/gimnasia-j\/pulga-rodriguez-gimnasiadejujuy-ascenso_0_zjOtSSzXhf.html"},"modified":"2024-01-16T13:26:56","modified_gmt":"2024-01-16T13:26:56","slug":"pulga-rodriguez-revelo-por-que-eligio-continuar-su-carrera-en-gimnasia-y-esgrima-de-jujuy","status":"publish","type":"post","link":"http:\/\/hoycordobaweb.com\/index.php\/2024\/01\/16\/pulga-rodriguez-revelo-por-que-eligio-continuar-su-carrera-en-gimnasia-y-esgrima-de-jujuy\/","title":{"rendered":"Pulga Rodr\u00edguez revel\u00f3 por qu\u00e9 eligi\u00f3 continuar su carrera en Gimnasia y Esgrima de Jujuy"},"content":{"rendered":"<p><img src=\"http:\/\/hoycordobaweb.com\/wp-content\/uploads\/2024\/01\/pulga-rodriguez-revelo-por-que-eligio-continuar-su-carrera-en-gimnasia-y-esgrima-de-jujuy.jpg\"><\/p>\n<p><time class=\"createDate\" datetime=\"2024-01-16T10:26:56-03:00\">16\/01\/2024 10:26hs.<\/time><\/p>\n<div id=\"storyBody\">\n<div class=\"custom-text \" readability=\"38\">\n<p><strong>Pulga Rodr\u00edguez<\/strong> fue presentado frente a los hinchas como nuevo refuerzo de <strong>Gimnasia y Esgrima de Jujuy<\/strong>, club que milita en la Primera Nacional. En este contexto, el delantero brind\u00f3 una conferencia de prensa donde revel\u00f3 qu\u00e9 lo llev\u00f3 a continuar su carrera en el ascenso, c\u00f3mo se siente de cara a este nuevo desaf\u00edo y cu\u00e1les son los objetivos que tiene en esta instituci\u00f3n.<\/p>\n<\/div>\n<div class=\"custom-text \" readability=\"34\">\n<p>\u00ab<strong>Hace dos semanas vine a visitar a Jujuy a un amigo y le pregunt\u00e9 c\u00f3mo estaba el club. Todo eso me alent\u00f3 a tomar la decisi\u00f3n<\/strong>\u00ab, confes\u00f3 delante de los simpatizantes. <\/p>\n<\/div>\n<div class=\"custom-text \" readability=\"34\">\n<p>Siguiendo la misma l\u00ednea, remarc\u00f3: \u00ab<strong>Eleg\u00ed Jujuy porque creo que va a pelear el campeonato<\/strong>. Es una decisi\u00f3n personal porque si hubiese sido de otra manera tal vez estar\u00eda en otro lado\u00bb.<\/p>\n<\/div>\n<div class=\"custom-text \" readability=\"36\">\n<p>A su vez, el delantero se refiri\u00f3 a su estado f\u00edsico y destac\u00f3 que est\u00e1 trabajando para estar a la altura del equipo y sus necesidades. \u00ab<strong>Quiero estar preparado para jugar al 100% cada partido<\/strong>\u00ab, reconoci\u00f3.<\/p>\n<\/div>\n<div class=\"sc-e7b891c4-0 jPbnQF\"><img alt=\"Pulga Rodr\u00edguez en Gimnasia de Jujuy. (FOTO: Prensa Gimnasia)\" src=\"http:\/\/hoycordobaweb.com\/wp-content\/uploads\/2024\/01\/pulga-rodriguez-revelo-por-que-eligio-continuar-su-carrera-en-gimnasia-y-esgrima-de-jujuy-2.jpg\" width=\"720\" height=\"100\" decoding=\"async\" data-nimg=\"future\" loading=\"lazy\"><span class=\"epigraphe\">Pulga Rodr\u00edguez en Gimnasia de Jujuy. (FOTO: Prensa Gimnasia)<\/span><\/div>\n<p><h2>Gimnasia y Esgrima de Jujuy: el optimismo del Pulga para esta temporada y los pr\u00f3ximos compromisos<\/h2>\n<\/p>\n<div class=\"custom-text \" readability=\"34\">\n<p><strong>Gimnasia y Esgrima de Jujuy<\/strong> retomar\u00e1 su actividad el 3 de febrero, momento en el que har\u00e1 su estreno ante <strong>San Mart\u00edn de Tucum\u00e1n<\/strong> por la primera fecha de la Primera Nacional.<\/p>\n<\/div>\n<div class=\"custom-text \" readability=\"38\">\n<p>Al respecto, el Pulga habl\u00f3 de las instancias que tendr\u00e1 que enfrentar el grupo para pelear el campeonato e hizo una observaci\u00f3n positiva de cara a la temporada entrante. \u00ab<strong>Hay que armarse de paciencia y ser fuerte a la hora de la derrota, tampoco confundirnos a la hora de ganar el partido<\/strong>\u00ab, destac\u00f3.<\/p>\n<\/div>\n<div class=\"custom-text \" readability=\"37\">\n<p>En este sentido, el delantero dej\u00f3 claro cu\u00e1l es su principal objetivo para el 2024. \u00ab<strong>Ojal\u00e1 en diciembre terminemos festejando todos juntos, levantando la copa de la Primera Nacional y jugando en Primera Divisi\u00f3n el a\u00f1o que viene<\/strong>\u00ab, cerr\u00f3.<\/p>\n<\/div>\n<p><h2>Los n\u00fameros del Pulga Rodr\u00edguez<\/h2>\n<\/p>\n<div class=\"custom-text \" readability=\"36\">\n<p><strong>Pulga Rodr\u00edguez<\/strong> visti\u00f3 la camiseta de <strong>Atl\u00e9tico Tucum\u00e1n<\/strong> (club en el que tuvo su paso m\u00e1s destacado con <strong>122 goles en 293 partidos<\/strong>) como as\u00ed tambi\u00e9n la de <strong>Col\u00f3n<\/strong>, <strong>Central C\u00f3rdoba<\/strong>, <strong>Newell&#8217;s <\/strong>y <strong>Gimnasia de La Plata<\/strong>.<\/p>\n<\/div>\n<div class=\"custom-text \" readability=\"37\">\n<p>A lo largo de su carrera <strong>disput\u00f3 455 encuentros<\/strong>, <strong>marc\u00f3 173 tantos<\/strong> y <strong>reparti\u00f3 40 asistencias<\/strong>. En esta nueva etapa, representar\u00e1 a <strong>Gimnasia y Esgrima de Jujuy<\/strong>, equipo que lo contrat\u00f3 como refuerzo estrella de cara al 2024.<\/p>\n<\/div>\n<div type=\"embed\" class=\"sc-7ce6049-0 dwIKul\">\n<div class=\"sc-7ce6049-1 bdcBBS videoText\" id=\"contentTitleembed6Z0fskNa\" type=\"embed\" readability=\"56\"><svg fill=\"#ffffff\"><symbol id=\"play\" viewBox=\"0 0 512 512\"><path d=\"M512 256C512 397.4 397.4 512 256 512C114.6 512 0 397.4 0 256C0 114.6 114.6 0 256 0C397.4 0 512 114.6 512 256zM176 168V344C176 352.7 180.7 360.7 188.3 364.9C195.8 369.2 205.1 369 212.5 364.5L356.5 276.5C363.6 272.1 368 264.4 368 256C368 247.6 363.6 239.9 356.5 235.5L212.5 147.5C205.1 142.1 195.8 142.8 188.3 147.1C180.7 151.3 176 159.3 176 168V168z\" \/><\/symbol><use xlink:href=\"#play\" \/><\/svg><\/p>\n<div class=\"right\" readability=\"7\">\n<p>Pulga Rodr\u00edguez<!-- --> &#8211;<!-- --> <span>16-1-2024<\/span><\/p>\n<h2 class=\"title-vid\">Doblete del Pulga Rodr\u00edguez para el 2-0 del Ferroviario<\/h2>\n<\/div>\n<\/div>\n<p><span class=\"back\" id=\"spanBackembed6Z0fskNa\"><\/span><\/div>\n<div type=\"embed\" class=\"sc-7ce6049-0 dwIKul\">\n<div class=\"sc-7ce6049-1 bdcBBS videoText\" id=\"contentTitleembedRoUXEPYG\" type=\"embed\" readability=\"56\"><svg fill=\"#ffffff\"><symbol id=\"play\" viewBox=\"0 0 512 512\"><path d=\"M512 256C512 397.4 397.4 512 256 512C114.6 512 0 397.4 0 256C0 114.6 114.6 0 256 0C397.4 0 512 114.6 512 256zM176 168V344C176 352.7 180.7 360.7 188.3 364.9C195.8 369.2 205.1 369 212.5 364.5L356.5 276.5C363.6 272.1 368 264.4 368 256C368 247.6 363.6 239.9 356.5 235.5L212.5 147.5C205.1 142.1 195.8 142.8 188.3 147.1C180.7 151.3 176 159.3 176 168V168z\" \/><\/symbol><use xlink:href=\"#play\" \/><\/svg><\/p>\n<div class=\"right\" readability=\"7\">\n<p>Central C\u00f3rdoba<!-- --> &#8211;<!-- --> <span>16-1-2024<\/span><\/p>\n<h2 class=\"title-vid\">Golazo del Pulga Rodr\u00edguez para abrir el marcador<\/h2>\n<\/div>\n<\/div>\n<p><span class=\"back\" id=\"spanBackembedRoUXEPYG\"><\/span><\/div>\n<p><h2>Agenda de Gimnasia y Esgrima de Jujuy <\/h2>\n<\/p>\n<div class=\"custom-text \">\n<ul>\n<li>San Mart\u00edn de Tucum\u00e1n vs <strong>Gimnasia de Jujuy<\/strong> (03\/02)<\/li>\n<li><strong>Gimnasia de Jujuy<\/strong> vs Arsenal (10\/02)<\/li>\n<li>San Mart\u00edn vs <strong>Gimnasia de Jujuy<\/strong> (17\/02)<\/li>\n<li><strong>Gimnasia de Jujuy<\/strong> vs Guillermo Brown (24\/02)<\/li>\n<li>Agropecuario vs <strong>Gimnasia de Jujuy<\/strong> (02\/03)<\/li>\n<\/ul>\n<\/div>\n<div class=\"sc-a7166897-0 exHLBh\" readability=\"6\">\n<section readability=\"2\"><picture><img alt=\"Atento Scaloni: Maffeo se realiz\u00f3 una artroscopia en la rodilla derecha\" src=\"http:\/\/hoycordobaweb.com\/wp-content\/uploads\/2024\/01\/pulga-rodriguez-revelo-por-que-eligio-continuar-su-carrera-en-gimnasia-y-esgrima-de-jujuy-3.jpg\" width=\"290\" height=\"290\" decoding=\"async\" data-nimg=\"future\" loading=\"lazy\"><\/picture>\n<p><span>Mir\u00e1 tambi\u00e9n<\/span><\/p>\n<hr>\n<h3>Atento Scaloni: Maffeo se realiz\u00f3 una artroscopia en la rodilla derecha<\/h3>\n<\/p>\n<\/section>\n<\/div>\n<div class=\"sc-a7166897-0 exHLBh\" readability=\"7\">\n<section readability=\"4\"><picture><img alt=\"Mercado de pases del f\u00fatbol argentino EN VIVO: refuerzos, altas y bajas de todos los equipos\" src=\"http:\/\/hoycordobaweb.com\/wp-content\/uploads\/2024\/01\/pulga-rodriguez-revelo-por-que-eligio-continuar-su-carrera-en-gimnasia-y-esgrima-de-jujuy-4.jpg\" width=\"290\" height=\"290\" decoding=\"async\" data-nimg=\"future\" loading=\"lazy\"><\/picture>\n<p><span>Mir\u00e1 tambi\u00e9n<\/span><\/p>\n<hr>\n<h3>Mercado de pases del f\u00fatbol argentino EN VIVO: refuerzos, altas y bajas de todos los equipos<\/h3>\n<\/p>\n<\/section>\n<\/div>\n<div class=\"sc-a7166897-0 exHLBh\" readability=\"6\">\n<section readability=\"2\"><picture><img alt=\"Qu\u00e9 dijo Vecchio del rumor que lo acerca a Boca\" src=\"http:\/\/hoycordobaweb.com\/wp-content\/uploads\/2024\/01\/pulga-rodriguez-revelo-por-que-eligio-continuar-su-carrera-en-gimnasia-y-esgrima-de-jujuy-5.jpg\" width=\"290\" height=\"290\" decoding=\"async\" data-nimg=\"future\" loading=\"lazy\"><\/picture>\n<p><span>Mir\u00e1 tambi\u00e9n<\/span><\/p>\n<hr>\n<h3>Qu\u00e9 dijo Vecchio del rumor que lo acerca a Boca<\/h3>\n<\/p>\n<\/section>\n<\/div>\n<\/div>\n","protected":false},"excerpt":{"rendered":"<p>16\/01\/2024 10:26hs. Pulga Rodr\u00edguez fue presentado frente a los hinchas como nuevo refuerzo de Gimnasia y Esgrima de Jujuy, club que milita en la Primera Nacional. En este contexto, el delantero brind\u00f3 una conferencia de prensa donde revel\u00f3 qu\u00e9 lo llev\u00f3 a continuar su carrera en el ascenso, c\u00f3mo se siente de cara a este [&hellip;]<\/p>\n","protected":false},"author":1,"featured_media":72877,"comment_status":"open","ping_status":"closed","sticky":false,"template":"","format":"standard","meta":[],"categories":[16],"tags":[],"_links":{"self":[{"href":"http:\/\/hoycordobaweb.com\/index.php\/wp-json\/wp\/v2\/posts\/72876"}],"collection":[{"href":"http:\/\/hoycordobaweb.com\/index.php\/wp-json\/wp\/v2\/posts"}],"about":[{"href":"http:\/\/hoycordobaweb.com\/index.php\/wp-json\/wp\/v2\/types\/post"}],"author":[{"embeddable":true,"href":"http:\/\/hoycordobaweb.com\/index.php\/wp-json\/wp\/v2\/users\/1"}],"replies":[{"embeddable":true,"href":"http:\/\/hoycordobaweb.com\/index.php\/wp-json\/wp\/v2\/comments?post=72876"}],"version-history":[{"count":0,"href":"http:\/\/hoycordobaweb.com\/index.php\/wp-json\/wp\/v2\/posts\/72876\/revisions"}],"wp:featuredmedia":[{"embeddable":true,"href":"http:\/\/hoycordobaweb.com\/index.php\/wp-json\/wp\/v2\/media\/72877"}],"wp:attachment":[{"href":"http:\/\/hoycordobaweb.com\/index.php\/wp-json\/wp\/v2\/media?parent=72876"}],"wp:term":[{"taxonomy":"category","embeddable":true,"href":"http:\/\/hoycordobaweb.com\/index.php\/wp-json\/wp\/v2\/categories?post=72876"},{"taxonomy":"post_tag","embeddable":true,"href":"http:\/\/hoycordobaweb.com\/index.php\/wp-json\/wp\/v2\/tags?post=72876"}],"curies":[{"name":"wp","href":"https:\/\/api.w.org\/{rel}","templated":true}]}}