{"id":72823,"date":"2024-01-15T13:32:34","date_gmt":"2024-01-15T13:32:34","guid":{"rendered":"https:\/\/www.ole.com.ar\/ecuador\/internacional\/luis-zubeldia-sao-paulo-entrevista-entrenador-brasil-liga-quito_0_reWi9TiTID.html"},"modified":"2024-01-15T13:32:34","modified_gmt":"2024-01-15T13:32:34","slug":"el-insolito-motivo-por-el-que-luis-zubeldia-no-fue-el-entrenador-de-sao-paulo","status":"publish","type":"post","link":"http:\/\/hoycordobaweb.com\/index.php\/2024\/01\/15\/el-insolito-motivo-por-el-que-luis-zubeldia-no-fue-el-entrenador-de-sao-paulo\/","title":{"rendered":"El ins\u00f3lito motivo por el que Luis Zubeld\u00eda no fue el entrenador de Sao Paulo"},"content":{"rendered":"<p><img src=\"http:\/\/hoycordobaweb.com\/wp-content\/uploads\/2024\/01\/el-insolito-motivo-por-el-que-luis-zubeldia-no-fue-el-entrenador-de-sao-paulo.jpg\"><\/p>\n<p><time class=\"createDate\" datetime=\"2024-01-15T08:32:34-05:00\">15\/01\/2024 08:32hs.<\/time><\/p>\n<div id=\"storyBody\">\n<div class=\"custom-text \" readability=\"35.865384615385\">\n<p><strong><a href=\"https:\/\/www.ole.com.ar\/tema\/luis-zubeldia.html\" title=\"Lu\u00eds Zubeld\u00eda\" alt=\"Lu\u00eds Zubeld\u00eda\" class=\"slug\">Luis Zubeld\u00eda<\/a><\/strong> se hab\u00eda potenciado como entrenador tras ganar la<strong><a href=\"https:\/\/www.ole.com.ar\/tema\/copa-sudamericana.html\" title=\"Copa Sudamericana\" alt=\"Copa Sudamericana\" class=\"slug\"> Copa Sudamericana<\/a><\/strong> 2023 y la LigaPro con Liga de Quito. Luego, se desvincul\u00f3 del cuadro universitario, por lo que estaba disponible. Y uno de los equipos que se interes\u00f3 en el argentino fue Sao Paulo, que disputar\u00e1 la <a href=\"https:\/\/www.ole.com.ar\/tema\/copa-libertadores.html\" title=\"Copa Libertadores\" alt=\"Copa Libertadores\" class=\"slug\">Libertadores<\/a> 2024. Finalmente, <strong>el elegido del conjunto brasile\u00f1o fue Thiago Carpini pero, \u00bfqu\u00e9 pas\u00f3 con el ex Lan\u00fas y Racing?<\/strong><\/p>\n<\/div>\n<div class=\"sc-e7b891c4-0 jPbnQF\"><img alt=\"Thiago Carpini, el nuevo DT del San Pablo.\" src=\"http:\/\/hoycordobaweb.com\/wp-content\/uploads\/2024\/01\/el-insolito-motivo-por-el-que-luis-zubeldia-no-fue-el-entrenador-de-sao-paulo-2.jpg\" width=\"720\" height=\"100\" decoding=\"async\" data-nimg=\"future\" loading=\"lazy\"><span class=\"epigraphe\">Thiago Carpini, el nuevo DT del San Pablo.<\/span><\/div>\n<div class=\"custom-text \" readability=\"39\">\n<p>El coordinador de f\u00fatbol del club paulista, el ex entrenador Muricy Ramalho, explic\u00f3 que tuvieron varias comunicaciones con el director t\u00e9cnico, pero nunca pudieron acordar una entrevista. El dirigente argument\u00f3 que se intent\u00f3 realizar una videoentrevista con Zubeld\u00eda, pero que dilataba la respuesta&#8230;<\/p>\n<\/div>\n<div class=\"custom-text \" readability=\"46\">\n<p>\u00abNo lo entrevistamos, se concert\u00f3 una cita, pero luego no quiso hablar. Fue demasiado r\u00e1pido. Muchas posturas&#8230;<strong> Nos dijo &#8216;puede ser en dos d\u00edas&#8217;, despu\u00e9s en tres d\u00edas. Y nos est\u00e1bamos volviendo locos en el mercado para traer un entrenador&#8230; <\/strong>&#8216;Te arrepentir\u00e1s, esto es San Pablo, hijo m\u00edo&#8217;, le dec\u00edamos. \u00abNo, hablar\u00e9 contigo ma\u00f1ana\u00bb, respond\u00eda. Pero al menos habla, no se trata de aceptar o no, quer\u00edamos saber c\u00f3mo es el chico. Lo hizo todos los d\u00edas\u00bb, argument\u00f3 Ramalho.<\/p>\n<\/div>\n<div class=\"custom-text \" readability=\"38\">\n<p>Para quienes siguieron la novela de Liga de Quito tras la consagraci\u00f3n, pueden llegar a comprender mejor el accionar esquivo de Zubeld\u00eda. Su salida del Albo fue traum\u00e1tica: el DT apost\u00f3 su renovaci\u00f3n a la continuidad de la Comisi\u00f3n de F\u00fatbol comandada por Esteban Paz. Sin embargo, al presidente Isaac \u00c1lvarez no le tembl\u00f3 el pulso para desvincularlos a ambos luego de una temporada muy exitosa, al grito de \u00abnadie es irremplazable\u00bb.<\/p>\n<\/div>\n<div class=\"sc-e7b891c4-0 jPbnQF\"><img alt=\"Luis Zubeld\u00eda en Liga de Quito.\" src=\"http:\/\/hoycordobaweb.com\/wp-content\/uploads\/2024\/01\/el-insolito-motivo-por-el-que-luis-zubeldia-no-fue-el-entrenador-de-sao-paulo-3.jpg\" width=\"720\" height=\"100\" decoding=\"async\" data-nimg=\"future\" loading=\"lazy\"><span class=\"epigraphe\">Luis Zubeld\u00eda en Liga de Quito.<\/span><\/div>\n<div class=\"custom-text \" readability=\"41\">\n<p>Incluso asegur\u00f3 que, de no segui en LDU, se tomar\u00eda un tiempo: \u00ab<strong>Es Liga o nada. Con todo respeto a grandes equipos que puedan estar pendientes de lo de uno, la prioridad es Liga,<\/strong> por eso quer\u00eda aclararlo. Lo repito porque la prioridad la tiene Liga, tengo un sentimiento muy fuerte, me dieron mucho y no hay dinero que pueda cambiar mi opini\u00f3n\u00bb.<\/p>\n<\/div>\n<div class=\"custom-text \" readability=\"43\">\n<p>\u00abO seguimos todos juntos y nos animamos con cualquier equipo en el campeonato que toque como hicimos este a\u00f1o o<strong> nos quedamos sin trabajo, sin especulaci\u00f3n y hasta marzo no volver\u00edamos a trabajar calculo yo.<\/strong> Es Liga o nada y, con el respeto que se merecen las otras instituciones que me est\u00e1n contactando, no es por ellos, es por nosotros.<strong> No puedo cortar algo tan emocionante y entrar de vuelta en un proyecto. No me da la cabeza, no soy as\u00ed. Cuando lo he hecho en otro momento, uno antes va haciendo el duelo<\/strong>, pero espero que aqu\u00ed se solucionen\u00bb, cerr\u00f3 por ese entonces.<\/p>\n<\/div>\n<div class=\"sc-a7166897-0 exHLBh\" readability=\"6\">\n<section readability=\"2\"><picture><img alt=\"Video: la asistencia de Jordy Caicedo no alcanz\u00f3 para Atlas\" src=\"http:\/\/hoycordobaweb.com\/wp-content\/uploads\/2024\/01\/el-insolito-motivo-por-el-que-luis-zubeldia-no-fue-el-entrenador-de-sao-paulo-4.jpg\" width=\"290\" height=\"290\" decoding=\"async\" data-nimg=\"future\" loading=\"lazy\"><\/picture>\n<p><span>Mir\u00e1 tambi\u00e9n<\/span><\/p>\n<hr>\n<h3>Video: la asistencia de Jordy Caicedo no alcanz\u00f3 para Atlas<\/h3>\n<\/p>\n<\/section>\n<\/div>\n<div class=\"sc-a7166897-0 exHLBh\" readability=\"6\">\n<section readability=\"2\"><picture><img alt=\"Amistoso: La Tri Sub 23 no pudo contra Imbabura\" src=\"http:\/\/hoycordobaweb.com\/wp-content\/uploads\/2024\/01\/el-insolito-motivo-por-el-que-luis-zubeldia-no-fue-el-entrenador-de-sao-paulo-5.jpg\" width=\"290\" height=\"290\" decoding=\"async\" data-nimg=\"future\" loading=\"lazy\"><\/picture>\n<p><span>Mir\u00e1 tambi\u00e9n<\/span><\/p>\n<hr>\n<h3>Amistoso: La Tri Sub 23 no pudo contra Imbabura<\/h3>\n<\/p>\n<\/section>\n<\/div>\n<div class=\"sc-a7166897-0 exHLBh\" readability=\"6\">\n<section readability=\"2\"><picture><img alt=\"\u00bfRacing se lleva a Agust\u00edn Garc\u00eda Basso?\" src=\"http:\/\/hoycordobaweb.com\/wp-content\/uploads\/2024\/01\/el-insolito-motivo-por-el-que-luis-zubeldia-no-fue-el-entrenador-de-sao-paulo-6.jpg\" width=\"290\" height=\"290\" decoding=\"async\" data-nimg=\"future\" loading=\"lazy\"><\/picture>\n<p><span>Mir\u00e1 tambi\u00e9n<\/span><\/p>\n<hr>\n<h3>\u00bfRacing se lleva a Agust\u00edn Garc\u00eda Basso?<\/h3>\n<\/p>\n<\/section>\n<\/div>\n<div class=\"sc-a7166897-0 exHLBh\" readability=\"6.5\">\n<section readability=\"3\"><picture><img alt=\"Encuesta Ol\u00e9: \u00bfqui\u00e9n se ha reforzado mejor, Barcelona o Emelec? \" src=\"http:\/\/hoycordobaweb.com\/wp-content\/uploads\/2024\/01\/el-insolito-motivo-por-el-que-luis-zubeldia-no-fue-el-entrenador-de-sao-paulo-7.jpg\" width=\"290\" height=\"290\" decoding=\"async\" data-nimg=\"future\" loading=\"lazy\"><\/picture>\n<p><span>Mir\u00e1 tambi\u00e9n<\/span><\/p>\n<hr>\n<h3>Encuesta Ol\u00e9: \u00bfqui\u00e9n se ha reforzado mejor, Barcelona o Emelec?<br \/>\n<\/h3>\n<\/p>\n<\/section>\n<\/div>\n<\/div>\n","protected":false},"excerpt":{"rendered":"<p>15\/01\/2024 08:32hs. Luis Zubeld\u00eda se hab\u00eda potenciado como entrenador tras ganar la Copa Sudamericana 2023 y la LigaPro con Liga de Quito. Luego, se desvincul\u00f3 del cuadro universitario, por lo que estaba disponible. Y uno de los equipos que se interes\u00f3 en el argentino fue Sao Paulo, que disputar\u00e1 la Libertadores 2024. Finalmente, el elegido [&hellip;]<\/p>\n","protected":false},"author":1,"featured_media":72824,"comment_status":"open","ping_status":"closed","sticky":false,"template":"","format":"standard","meta":[],"categories":[16],"tags":[],"_links":{"self":[{"href":"http:\/\/hoycordobaweb.com\/index.php\/wp-json\/wp\/v2\/posts\/72823"}],"collection":[{"href":"http:\/\/hoycordobaweb.com\/index.php\/wp-json\/wp\/v2\/posts"}],"about":[{"href":"http:\/\/hoycordobaweb.com\/index.php\/wp-json\/wp\/v2\/types\/post"}],"author":[{"embeddable":true,"href":"http:\/\/hoycordobaweb.com\/index.php\/wp-json\/wp\/v2\/users\/1"}],"replies":[{"embeddable":true,"href":"http:\/\/hoycordobaweb.com\/index.php\/wp-json\/wp\/v2\/comments?post=72823"}],"version-history":[{"count":0,"href":"http:\/\/hoycordobaweb.com\/index.php\/wp-json\/wp\/v2\/posts\/72823\/revisions"}],"wp:featuredmedia":[{"embeddable":true,"href":"http:\/\/hoycordobaweb.com\/index.php\/wp-json\/wp\/v2\/media\/72824"}],"wp:attachment":[{"href":"http:\/\/hoycordobaweb.com\/index.php\/wp-json\/wp\/v2\/media?parent=72823"}],"wp:term":[{"taxonomy":"category","embeddable":true,"href":"http:\/\/hoycordobaweb.com\/index.php\/wp-json\/wp\/v2\/categories?post=72823"},{"taxonomy":"post_tag","embeddable":true,"href":"http:\/\/hoycordobaweb.com\/index.php\/wp-json\/wp\/v2\/tags?post=72823"}],"curies":[{"name":"wp","href":"https:\/\/api.w.org\/{rel}","templated":true}]}}