{"id":72798,"date":"2024-01-14T13:57:00","date_gmt":"2024-01-14T13:57:00","guid":{"rendered":"http:\/\/hoycordobaweb.com\/index.php\/2024\/01\/14\/internas-republicanas-en-iowa-con-trump-a-la-cabeza-y-una-lucha-por-el-segundo-lugar\/"},"modified":"2024-01-14T13:57:00","modified_gmt":"2024-01-14T13:57:00","slug":"internas-republicanas-en-iowa-con-trump-a-la-cabeza-y-una-lucha-por-el-segundo-lugar","status":"publish","type":"post","link":"http:\/\/hoycordobaweb.com\/index.php\/2024\/01\/14\/internas-republicanas-en-iowa-con-trump-a-la-cabeza-y-una-lucha-por-el-segundo-lugar\/","title":{"rendered":"Internas republicanas en Iowa, con Trump a la cabeza y una lucha por el segundo lugar"},"content":{"rendered":"<p><img src=\"http:\/\/hoycordobaweb.com\/wp-content\/uploads\/2024\/01\/internas-republicanas-en-iowa-con-trump-a-la-cabeza-y-una-lucha-por-el-segundo-lugar.jpg\"><\/p>\n<figure class=\"mb-3\"><img loading=\"lazy\" data-src=\"http:\/\/hoycordobaweb.com\/wp-content\/uploads\/2024\/01\/internas-republicanas-en-iowa-con-trump-a-la-cabeza-y-una-lucha-por-el-segundo-lugar-2.jpg\" src=\"https:\/\/www.telam.com.ar\/assets\/img\/not_image.png\" class=\" lazy \" width=\"100%\" height=\"100%\" alt=\"Foto AFP\"><figcaption> Foto: AFP <\/figcaption><\/figure>\n<p>Los republicanos inician el lunes la carrera para elegir a su candidato presidencial con una votaci\u00f3n en Iowa considerada clave para influir en el resto de los estados y con la mirada puesta en qui\u00e9n va a ser el principal rival del expresidente Donald Trump, favorito a ganar seg\u00fan los sondeos.<\/p>\n<p>Iowa cuenta con apenas 3,2 millones de habitantes, menos del 1% de la poblaci\u00f3n de Estados Unidos, pero <strong>es desde hace 50 a\u00f1os el escenario del primer round de las primarias, lo que le otorga un peso pol\u00edtico muy especial<\/strong>.<\/p>\n<p>Ganar en el estado no garantiza nada: cuatro de los nueve \u00faltimos candidatos republicanos que vencieron all\u00ed fueron finalmente los que se impusieron en la interna y solamente uno, George W. Bush, triunf\u00f3 adem\u00e1s en las presidenciales en el 2000.<\/p>\n<p>En el caso de los dem\u00f3cratas, los \u00fanicos que festejaron en Iowa y luego llegaron a la Casa Blanca fueron Jimmy Carter, en 1976, y Barack Obama, en 2008.<\/p>\n<p>Sin embargo, esta primera prueba puede ser crucial para <strong>reducir el n\u00famero de contendientes y dar a los que queden un trampol\u00edn o un beso de la muerte para el resto de la carrera<\/strong>, que en el caso de los republicanos seguir\u00e1 el 23 de enero en New Hampshire.<\/p>\n<p>\u00abEl candidato que quede primero, o que obtenga mejores resultados de lo esperado, aunque no sea primero, recibir\u00e1 una gran atenci\u00f3n gratuita de los medios de comunicaci\u00f3n, atraer\u00e1 la atenci\u00f3n de los donantes y ganar\u00e1 impulso\u00bb, explic\u00f3 a T\u00e9lam Karen Kedrowski, profesora de Ciencias Pol\u00edticas de la Universidad Estatal de Iowa.<\/p>\n<blockquote class><p>\u00abEl candidato que quede primero, o que obtenga mejores resultados de lo esperado, aunque no sea primero, recibir\u00e1 una gran atenci\u00f3n gratuita de los medios de comunicaci\u00f3n, atraer\u00e1 la atenci\u00f3n de los donantes y ganar\u00e1 impulso\u00bb<\/p><\/blockquote>\n<p>\u00abA menudo, los candidatos que obtienen malos resultados en Iowa abandonan poco despu\u00e9s, lo que significa que los votantes en estados posteriores tienen menos candidatos entre los que elegir\u00bb, a\u00f1adi\u00f3.<\/p>\n<p>\u00abLos votantes de otros estados tendr\u00e1n otros temas que les interesen y podr\u00e1n elegir opciones diferentes, pero <strong>si no puedes terminar entre los tres primeros en Iowa, puede que no tengas lo que hace falta para ser el candidato<\/strong>\u00ab, dijo a esta agencia Tim Hagle, docente de Ciencias Pol\u00edticas de la Universidad de Iowa.<\/p>\n<p>\u00abDebido a la atenci\u00f3n medi\u00e1tica que se presta a Iowa, lo que ocurra aqu\u00ed es relevante para saber si un candidato puede continuar en los otros estados con una campa\u00f1a viable\u00bb, agreg\u00f3 y se\u00f1al\u00f3 como gran excepci\u00f3n lo ocurrido con Joe Biden en 2020, que sali\u00f3 cuarto en el estado meses antes de convertirse en presidente.<\/p>\n<figure class=\"mb-3\"><img loading=\"lazy\" data-src=\"http:\/\/hoycordobaweb.com\/wp-content\/uploads\/2024\/01\/internas-republicanas-en-iowa-con-trump-a-la-cabeza-y-una-lucha-por-el-segundo-lugar-3.jpg\" src=\"https:\/\/www.telam.com.ar\/assets\/img\/not_image.png\" class=\" lazy \" width=\"100%\" height=\"100%\" alt=\"Ron De Santis disputa el segundo lugar Foto AFP\"><figcaption> Ron De Santis disputa el segundo lugar. Foto AFP <\/figcaption><\/figure>\n<p>Todos los sondeos pronostican que Trump ganar\u00e1 y por una gran distancia, como tambi\u00e9n coinciden en que habr\u00e1 un <strong>cabeza a cabeza por el segundo puesto entre la exgobernadora de Carolina del Sur y exembajadora ante la ONU durante la presidencia del magnate, Nikki Haley, y el gobernador de Florida, Ron DeSantis<\/strong>.<\/p>\n<p>Los dos aspirantes participaron el mi\u00e9rcoles de un debate en el que parecieron m\u00e1s preocupados por competir por qui\u00e9n ser\u00e1 el escolta de Trump que en lanzarse contra \u00e9l para intentar achicar la ventaja.<\/p>\n<p>\u00abLa carrera en Iowa este a\u00f1o es realmente por ocupar el segundo puesto y por convertirse en la alternativa de consenso a Trump\u00bb, se\u00f1al\u00f3 Kedrowski, investigadora en temas vinculados a la inclusi\u00f3n de las mujeres en la pol\u00edtica estadounidense.<\/p>\n<p>M\u00e1s all\u00e1 de esta distancia inalcanzable, indic\u00f3 que el magnate tambi\u00e9n tiene cosas en juego: <strong>\u00abTrump podr\u00eda &#8216;perder&#8217; en Iowa si gana por un margen menor de lo esperado<\/strong>. Si Haley o DeSantis se acercan m\u00e1s de lo que pronosticaban las encuestas, podr\u00edan ganar impulso. As\u00ed que este a\u00f1o, el segundo lugar importa\u00bb.<\/p>\n<p>\u00abSi DeSantis o Haley se acercan a Trump m\u00e1s de lo que sugieren las encuestas, entonces pueden argumentar que son alternativas viables. Si no es as\u00ed, entonces Trump podr\u00e1 decir que \u00e9l es claramente la persona que deber\u00eda ser el candidato\u00bb, manifest\u00f3 en sinton\u00eda Hagle, especialista y autor de libros sobre cuestiones electorales y pol\u00edtica judicial.<\/p>\n<h2 class>Un sistema particular<\/h2>\n<p>Hay un factor importante que incidir\u00e1 en el resultado: <strong>Iowa vota por caucus, es decir, mediante asambleas de electores afiliados al partido<\/strong>, un sistema particular que lo diferencia de la gran mayor\u00eda de otros estados.<\/p>\n<p>A partir de las 19 hora local (22 de Argentina), los votantes republicanos se reunir\u00e1n en peque\u00f1os grupos en casi 1.600 distritos electorales para estas asambleas, que se celebran en escuelas, iglesias, teatros, estaciones de bomberos e incluso casas particulares.<\/p>\n<p>All\u00ed, los representantes de los candidatos pronunciar\u00e1n un discurso antes de que los participantes escriban su elecci\u00f3n en una hoja de papel. Para votar hay que registrarse oficialmente como republicanos, algo que se puede hacer esa misma noche.<\/p>\n<p>Este sistema dificulta que puedan participar los que trabajan de noche, los que se despiertan temprano, los que tiene que cuidar a ni\u00f1os o adultos menores o simplemente quienes no quieran o no puedan salir de sus casas ante las temperaturas bajo cero en pleno invierno.<\/p>\n<p>\u00abLos sondeos para los caucus son dif\u00edciles. El entusiasmo por un candidato significa mucho, especialmente cuando condiciones como el clima pueden dificultar la asistencia de la gente\u00bb, coment\u00f3 Hagle.<\/p>\n<figure class=\"mb-3\"><img loading=\"lazy\" data-src=\"http:\/\/hoycordobaweb.com\/wp-content\/uploads\/2024\/01\/internas-republicanas-en-iowa-con-trump-a-la-cabeza-y-una-lucha-por-el-segundo-lugar-4.jpg\" src=\"https:\/\/www.telam.com.ar\/assets\/img\/not_image.png\" class=\" lazy \" width=\"100%\" height=\"100%\" alt=\"Elizabeth Jean Carroll denunci a Donald Trump Foto AFP\"><figcaption> Elizabeth Jean Carroll denunci\u00f3 a Donald Trump. Foto: AFP <\/figcaption><\/figure>\n<p>\u00abPodr\u00eda pasar que algunas personas piensen que Trump est\u00e1 muy por delante y que no importa si asisten al caucus. Por otro lado, los que apoyan a DeSantis o Haley pueden sentir que est\u00e1n tan por detr\u00e1s que tampoco importa participar\u00bb, explic\u00f3.<\/p>\n<p>Por el contrario, un factor que parece incidir poco en la popularidad de Trump son los juicios penales y civiles que enfrenta, que seg\u00fan el exmandatario, son una \u00abcaza de brujas\u00bb impulsada por los dem\u00f3cratas para sacarlo de la carrera electoral.<\/p>\n<h2 class>Las causas judiciales de Trump<\/h2>\n<p>Al d\u00eda siguiente de la votaci\u00f3n en Iowa, el 16 de enero, el magnate afrontar\u00e1 un proceso legal por difamaci\u00f3n presentada por la escritora Elizabeth Jean Carroll, a quien ya tuvo que indemnizar por agresi\u00f3n y abuso sexual.<\/p>\n<p>En asa agenda que mezcla elecciones y casos judiciales sobresale el 4 de marzo, cuando debe comenzar un juicio penal en Washington por el intento de revertir los resultados de las elecciones de 2020.<\/p>\n<figure class=\"mb-3\"><img loading=\"lazy\" data-src=\"http:\/\/hoycordobaweb.com\/wp-content\/uploads\/2024\/01\/internas-republicanas-en-iowa-con-trump-a-la-cabeza-y-una-lucha-por-el-segundo-lugar-5.jpg\" src=\"https:\/\/www.telam.com.ar\/assets\/img\/not_image.png\" class=\" lazy \" width=\"100%\" height=\"100%\" alt=\"Foto AFP\"><figcaption> Foto: AFP <\/figcaption><\/figure>\n<p>Ser\u00e1 un d\u00eda antes de una de las fechas m\u00e1s importantes de las primarias republicanas: el \u00absupermartes\u00bb, con votaciones en una quincena de estados, incluyendo los determinantes Texas y California.<\/p>\n<p>En esa jornada tambi\u00e9n est\u00e1n pautadas las <strong>internas en Colorado y Maine, en los que Trump fue excluido por su papel en el asalto al Capitolio del 6 de enero de 2021<\/strong>, cuando sus seguidores atacaron la sede del Congreso <a href=\"https:\/\/www.telam.com.ar\/notas\/202312\/650134-biden-fallo-trump-insurreccion-colorado.html\" target=\"_blank\" rel=\"noopener noreferrer\">en un intento por impedir que se certificara la victoria de Biden en las elecciones del a\u00f1o anterior.<\/a><\/p>\n<p>As\u00ed lo determinaron tribunales de esos estados, que citaron como base legal una enmienda de la \u00e9poca de la Guerra de Secesi\u00f3n de Estados Unidos (1861-1865) que proh\u00edbe a personas que participaron en una insurrecci\u00f3n ocupar cargos electivos.<\/p>\n<p>La Corte Suprema, de mayor\u00eda conservadora, analizar\u00e1 a partir del 8 de febrero la apelaci\u00f3n de Trump, que pidi\u00f3 revocar los fallos. <\/p>\n","protected":false},"excerpt":{"rendered":"<p>Foto: AFP Los republicanos inician el lunes la carrera para elegir a su candidato presidencial con una votaci\u00f3n en Iowa considerada clave para influir en el resto de los estados y con la mirada puesta en qui\u00e9n va a ser el principal rival del expresidente Donald Trump, favorito a ganar seg\u00fan los sondeos. Iowa cuenta [&hellip;]<\/p>\n","protected":false},"author":1,"featured_media":72799,"comment_status":"open","ping_status":"closed","sticky":false,"template":"","format":"standard","meta":[],"categories":[19],"tags":[],"_links":{"self":[{"href":"http:\/\/hoycordobaweb.com\/index.php\/wp-json\/wp\/v2\/posts\/72798"}],"collection":[{"href":"http:\/\/hoycordobaweb.com\/index.php\/wp-json\/wp\/v2\/posts"}],"about":[{"href":"http:\/\/hoycordobaweb.com\/index.php\/wp-json\/wp\/v2\/types\/post"}],"author":[{"embeddable":true,"href":"http:\/\/hoycordobaweb.com\/index.php\/wp-json\/wp\/v2\/users\/1"}],"replies":[{"embeddable":true,"href":"http:\/\/hoycordobaweb.com\/index.php\/wp-json\/wp\/v2\/comments?post=72798"}],"version-history":[{"count":0,"href":"http:\/\/hoycordobaweb.com\/index.php\/wp-json\/wp\/v2\/posts\/72798\/revisions"}],"wp:featuredmedia":[{"embeddable":true,"href":"http:\/\/hoycordobaweb.com\/index.php\/wp-json\/wp\/v2\/media\/72799"}],"wp:attachment":[{"href":"http:\/\/hoycordobaweb.com\/index.php\/wp-json\/wp\/v2\/media?parent=72798"}],"wp:term":[{"taxonomy":"category","embeddable":true,"href":"http:\/\/hoycordobaweb.com\/index.php\/wp-json\/wp\/v2\/categories?post=72798"},{"taxonomy":"post_tag","embeddable":true,"href":"http:\/\/hoycordobaweb.com\/index.php\/wp-json\/wp\/v2\/tags?post=72798"}],"curies":[{"name":"wp","href":"https:\/\/api.w.org\/{rel}","templated":true}]}}