{"id":72796,"date":"2024-01-14T12:01:44","date_gmt":"2024-01-14T12:01:44","guid":{"rendered":"https:\/\/www.trendencias.com\/belleza\/cuatro-cortes-pelo-que-sanear-nuestro-cabello-apostar-tendencias-moda"},"modified":"2024-01-14T12:01:44","modified_gmt":"2024-01-14T12:01:44","slug":"cuatro-cortes-de-pelo-con-los-que-sanear-nuestro-cabello-y-apostar-por-las-tendencias-de-moda","status":"publish","type":"post","link":"http:\/\/hoycordobaweb.com\/index.php\/2024\/01\/14\/cuatro-cortes-de-pelo-con-los-que-sanear-nuestro-cabello-y-apostar-por-las-tendencias-de-moda\/","title":{"rendered":"Cuatro cortes de pelo con los que sanear nuestro cabello y apostar por las tendencias de moda"},"content":{"rendered":"<p>Cu\u00e1ntas veces pensamos que necesitamos ir a la peluquer\u00eda a <strong>sanear las puntas y el cabello en general.<\/strong> Y es que con el uso de herramientas de peinado como secadores, <a href=\"https:\/\/www.trendencias.com\/belleza\/planchas-para-alisar-pelo-cual-mejor-comprar-consejos-recomendaciones-4\">planchas <\/a>o rizadores, exponemos nuestro cabello a un da\u00f1o que, al final, repercute en el aspecto y textura. Por ello, ya que vamos a nuestro sal\u00f3n de confianza, os proponemos cuatro cortes de pelo de plena tendencia con los que renovar vuestro estilo.<\/p>\n<p><!-- BREAK 1 --> <\/p>\n<div class=\"article-asset article-asset-normal article-asset-center\">\n<div class=\"desvio-container\">\n<div class=\"desvio\">\n<div class=\"desvio-figure js-desvio-figure\"> <a href=\"https:\/\/www.trendencias.com\/belleza\/estos-cortes-pelo-efecto-lifting-recomendados-expertos\"> <img alt=\"Estos son los cortes de pelo efecto lifting m\u00e1s recomendados por los expertos\" src=\"http:\/\/hoycordobaweb.com\/wp-content\/uploads\/2024\/01\/cuatro-cortes-de-pelo-con-los-que-sanear-nuestro-cabello-y-apostar-por-las-tendencias-de-moda.jpg\"> <\/a> <\/div><\/div><\/div>\n<\/div>\n<h2>Long Layer<\/h2>\n<div class=\"article-asset-image article-asset-normal article-asset-center\">\n<div class=\"asset-content\"> <img class=\"centro_sinmarco\" height=\"1350\" width=\"900\" loading=\"lazy\" decoding=\"async\" sizes=\"100vw\" fetchpriority=\"high\" srcset=\"http:\/\/hoycordobaweb.com\/wp-content\/uploads\/2024\/01\/cuatro-cortes-de-pelo-con-los-que-sanear-nuestro-cabello-y-apostar-por-las-tendencias-de-moda-1.jpg 450w, http:\/\/hoycordobaweb.com\/wp-content\/uploads\/2024\/01\/cuatro-cortes-de-pelo-con-los-que-sanear-nuestro-cabello-y-apostar-por-las-tendencias-de-moda-3.jpg 681w, http:\/\/hoycordobaweb.com\/wp-content\/uploads\/2024\/01\/cuatro-cortes-de-pelo-con-los-que-sanear-nuestro-cabello-y-apostar-por-las-tendencias-de-moda-4.jpg 1024w, http:\/\/hoycordobaweb.com\/wp-content\/uploads\/2024\/01\/cuatro-cortes-de-pelo-con-los-que-sanear-nuestro-cabello-y-apostar-por-las-tendencias-de-moda-5.jpg 1366w\" src=\"http:\/\/hoycordobaweb.com\/wp-content\/uploads\/2024\/01\/cuatro-cortes-de-pelo-con-los-que-sanear-nuestro-cabello-y-apostar-por-las-tendencias-de-moda-1.jpg\" alt=\"Miley\"> <noscript><img alt=\"Miley\" class=\"centro_sinmarco\" src=\"http:\/\/hoycordobaweb.com\/wp-content\/uploads\/2024\/01\/cuatro-cortes-de-pelo-con-los-que-sanear-nuestro-cabello-y-apostar-por-las-tendencias-de-moda-1.jpg\"><\/noscript> <\/div>\n<\/div>\n<p>Eso s\u00ed, si lo que queremos es mantener el largo, un corte de pelo <em>long layer<\/em> es uno a tener en cuenta ya que ha ganado much\u00edsima popularidad gracias a su capacidad para realzar la belleza natural del cabello.<\/p>\n<p><!-- BREAK 2 --><\/p>\n<p>As\u00ed, <a rel=\"noopener, noreferrer\" href=\"https:\/\/www.instagram.com\/alberto.sanguino\/?hl=es\">Alberto Sanguino<\/a><strong>, <\/strong>Education Manager de <a rel=\"noopener, noreferrer\" href=\"https:\/\/www.llongueras.com\/\">Llongueras<\/a><strong>,<\/strong> lo describe como un estilo con capas desiguales que enmarcan el rostro, ofreciendo volumen y textura. <em>\u201cEsta t\u00e9cnica combina capas m\u00e1s cortas al frente para enmarcar el rostro, y capas m\u00e1s largas en el resto del cabello, logrando un efecto voluminoso y lleno de movimiento. Lo que hace que el long layer sea tan atractivo es su versatilidad. Miley, al adoptar este estilo, <\/em><em><strong>muestra una textura desenfadada y ligeramente ondulada, como si se tratara de sus rizos naturales.<\/strong><\/em><em> Este aspecto messy o desordenado deliberado que aporta un encanto despreocupado y a la vez elegante, ideal para diversas ocasiones, ya sea una alfombra roja o un d\u00eda normal\u00bb<\/em>.<\/p>\n<p><!-- BREAK 3 --> <\/p>\n<h2>MOB<\/h2>\n<p>Por su parte, <a rel=\"noopener, noreferrer\" href=\"https:\/\/www.instagram.com\/frangalan01\/\">Fran Gal\u00e1n<\/a>, colorista y estilista en nuestro <strong>sal\u00f3n The Beauty Concept Hair<\/strong>, entre los cortes que recomienda para este 2024 y que son ideales para renovar y refrescar nuestra melena tenemos el <strong>Mob <\/strong>que es un corte perfecto para edades comprendidas entre los 50 y 60 a\u00f1os, aunque las de menos lo podemos llevar perfectamente tambi\u00e9n.<\/p>\n<p><!-- BREAK 4 --><\/p>\n<p>Se trata del estilo que llamamos \u201cmelenita\u201d de toda la vida, un bob m\u00e1s \u201ccrecido\u201d a la altura de los hombros, pero sin llegar a tocarlos con capas texturizadas invisibles que nos generan movimiento sin perder densidad en la melena dando sensaci\u00f3n de un corte m\u00e1s en bloque, pero a su vez con movimiento y volumen natural.<\/p>\n<p><!-- BREAK 5 --><\/p>\n<h2>Shaggy con flequillo<\/h2>\n<p>Entre los cortes de pelo que destaca el profesional<a rel=\"noopener, noreferrer\" href=\"https:\/\/www.instagram.com\/juandiegoteo_\/\"> Juandiegoteo<\/a>, &nbsp;\u2018hair designer\u2019 y embajador de Redken Juandiegoteo, sin duda, una opci\u00f3n perfecta para sanear es un <strong>Shaggy con flequillo. <\/strong>Es un corte de pelo muy cool y una opci\u00f3n estupenda para pelo fino porque aporta much\u00edsimo volumen al cabello. Adem\u00e1s, posee un potente efecto antiedad porque es un look muy juvenil y mega favorecedor que enfatiza mucho los rasgos faciales.<\/p>\n<p><!-- BREAK 6 --> <\/p>\n<h2>French bob<\/h2>\n<p>Y puestos a meter tijera y sanear os proponemos una de las tendencias que nos aconseja <a rel=\"noopener, noreferrer\" href=\"https:\/\/www.instagram.com\/mariaroberts25\/?hl=es\">Mar\u00eda Roberts <\/a>&nbsp;que no es otro que el <em>French bob, &nbsp;<\/em>el m\u00e1s descargado de nuca y con un flequillo franc\u00e9s para un look m\u00e1s chic y elegante. Sin duda, un estilo de corte de pelo bob que no nos cansamos de ver y que podemos combinar con o sin flequillo.&nbsp;<\/p>\n<p><!-- BREAK 7 --><\/p>\n<p>Fotos |<strong> <\/strong><a rel=\"noopener, noreferrer\" href=\"https:\/\/www.instagram.com\/taylor_hill\/\">taylor_hill<\/a>&nbsp;<\/p>\n<p><!-- BREAK 8 --><\/p>\n<p>En Trendencias | <a href=\"https:\/\/www.trendencias.com\/belleza\/estos-estilos-mechas-que-llevaremos-2024-expertos\">Estos son los estilos en mechas que m\u00e1s llevaremos en 2024 seg\u00fan los expertos<\/a><\/p>\n<p><!-- BREAK 9 --> <\/p>\n","protected":false},"excerpt":{"rendered":"<p>Cu\u00e1ntas veces pensamos que necesitamos ir a la peluquer\u00eda a sanear las puntas y el cabello en general. Y es que con el uso de herramientas de peinado como secadores, planchas o rizadores, exponemos nuestro cabello a un da\u00f1o que, al final, repercute en el aspecto y textura. Por ello, ya que vamos a nuestro [&hellip;]<\/p>\n","protected":false},"author":1,"featured_media":72797,"comment_status":"closed","ping_status":"closed","sticky":false,"template":"","format":"standard","meta":[],"categories":[1],"tags":[],"_links":{"self":[{"href":"http:\/\/hoycordobaweb.com\/index.php\/wp-json\/wp\/v2\/posts\/72796"}],"collection":[{"href":"http:\/\/hoycordobaweb.com\/index.php\/wp-json\/wp\/v2\/posts"}],"about":[{"href":"http:\/\/hoycordobaweb.com\/index.php\/wp-json\/wp\/v2\/types\/post"}],"author":[{"embeddable":true,"href":"http:\/\/hoycordobaweb.com\/index.php\/wp-json\/wp\/v2\/users\/1"}],"replies":[{"embeddable":true,"href":"http:\/\/hoycordobaweb.com\/index.php\/wp-json\/wp\/v2\/comments?post=72796"}],"version-history":[{"count":0,"href":"http:\/\/hoycordobaweb.com\/index.php\/wp-json\/wp\/v2\/posts\/72796\/revisions"}],"wp:featuredmedia":[{"embeddable":true,"href":"http:\/\/hoycordobaweb.com\/index.php\/wp-json\/wp\/v2\/media\/72797"}],"wp:attachment":[{"href":"http:\/\/hoycordobaweb.com\/index.php\/wp-json\/wp\/v2\/media?parent=72796"}],"wp:term":[{"taxonomy":"category","embeddable":true,"href":"http:\/\/hoycordobaweb.com\/index.php\/wp-json\/wp\/v2\/categories?post=72796"},{"taxonomy":"post_tag","embeddable":true,"href":"http:\/\/hoycordobaweb.com\/index.php\/wp-json\/wp\/v2\/tags?post=72796"}],"curies":[{"name":"wp","href":"https:\/\/api.w.org\/{rel}","templated":true}]}}