{"id":72790,"date":"2024-01-14T12:44:42","date_gmt":"2024-01-14T12:44:42","guid":{"rendered":"https:\/\/www.mujerhoy.com\/moda\/no-te-pierdas\/abrigos-rebajas-mango-baratos-lujo-silencioso-20240114134335-nt.html"},"modified":"2024-01-14T12:44:42","modified_gmt":"2024-01-14T12:44:42","slug":"cinco-abrigos-de-las-rebajas-de-mango-que-parecen-lujo-silencioso-y-que-merecen-la-pena","status":"publish","type":"post","link":"http:\/\/hoycordobaweb.com\/index.php\/2024\/01\/14\/cinco-abrigos-de-las-rebajas-de-mango-que-parecen-lujo-silencioso-y-que-merecen-la-pena\/","title":{"rendered":"Cinco abrigos de las rebajas de Mango que parecen lujo silencioso y que merecen la pena"},"content":{"rendered":"<p><!-- AUTHOR --> <\/p>\n<div class=\"voc-author-timesocial \"> <!-- AUTHOR --> <\/p>\n<div class=\"voc-author-timesocial__signature\"> <!-- IMAGE AUTHOR --> <picture class=\"voc-image-signature\"> <img class=\"voc-image-signature__img\" src=\"http:\/\/hoycordobaweb.com\/wp-content\/uploads\/2024\/01\/cinco-abrigos-de-las-rebajas-de-mango-que-parecen-lujo-silencioso-y-que-merecen-la-pena.jpg\" alt=\"Raquel Rodr\u00edguez\"> <\/picture> <!-- INFO AUTHOR --> <\/div><\/div>\n<p> <!-- COMPONENTS --> <\/p>\n<p class=\"voc-paragraph\">Es hora de aprovechar las<br \/>\n<a data-voc-vtm-id=\"in-text-traffic\" href=\"https:\/\/www.mujerhoy.com\/moda\/no-te-pierdas\/cuando-empiezan-rebajas-enero-zara-mango-sfera-20231228094840-nt.html\" title=\"www.mujerhoy.com\"> rebajas de invierno<\/a>. Aunque con la llegada de la temporada de descuentos nos llama hacernos con nuestros favoritos a un mejor precio, lo cierto es que es un buen momento para comprar esos <a data-voc-vtm-id=\"in-text-traffic\" href=\"https:\/\/www.mujerhoy.com\/lujo-slow\/que-es-armario-capsula-basicos-imprescindibles-fondo-armario-mejores-looks-invierno-atemporales-faciles-combinar-20231207144112-nt.html\" title=\"www.mujerhoy.com\">b\u00e1sicos de fondo de armario<\/a> e <strong>invertir en piezas de calidad <\/strong>que vamos a poder usar durante much\u00edsimas temporadas.\n<\/p>\n<p class=\"voc-paragraph\">Y entre esas opciones est\u00e1 la de hacerte con<br \/>\n<strong> un buen abrigo<\/strong>. Y aunque las posibilidades son infinitas, hemos encontrado unas cuantas propuestas en las <strong>rebajas de Mango<\/strong> que no solo merecen la pena, sino que tambi\u00e9n son perfectas si quieres con seguir un look que respire lujo silencioso.\n<\/p>\n<div class=\"voc-detail-photo-zoom\"> <picture data-toggle=\"modal\" data-target=\"#photoZoomModal-22\" target=\"modal\">\n<div class=\"voc-img-icon-link\"> <img loading=\"lazy\" data-original=\"\/\/static1.mujerhoy.com\/www\/multimedia\/202401\/08\/media\/cortadas\/abrigo-rayas-kk2B--650x900@MujerHoy.jpg\" width=\"650\" height=\"900\" class=\"lazy adsviu_analyse\"> <noscript> <img src=\"http:\/\/hoycordobaweb.com\/wp-content\/uploads\/2024\/01\/cinco-abrigos-de-las-rebajas-de-mango-que-parecen-lujo-silencioso-y-que-merecen-la-pena.webp\"> <\/noscript> <i class=\"voc-icons zoom voc-multimedia-box voc-ico-l\"><\/i> <\/div><figcaption class=\"figure-caption\"><\/figcaption><\/picture>\n<\/div>\n<div id=\"photoZoomModal-22\" class=\"voc-lightbox modal fade voc-lightbox--photo-zoom\" role=\"dialog\" data-voc-photozoom-lightbox>\n<div class=\"voc-lightbox__dialog\" role=\"document\">\n<div class=\"voc-lightbox__content\"> <!-- Modal header --> <!-- Modal content --> <\/p>\n<div class=\"voc-lightbox__photo-container\"> <picture class> <img loading=\"lazy\" data-original=\"\/\/static1.mujerhoy.com\/www\/multimedia\/202401\/08\/media\/cortadas\/abrigo-rayas-kk2B--650x900@MujerHoy.jpg\" class=\"lazy\"> <noscript> <img src=\"http:\/\/hoycordobaweb.com\/wp-content\/uploads\/2024\/01\/cinco-abrigos-de-las-rebajas-de-mango-que-parecen-lujo-silencioso-y-que-merecen-la-pena.webp\"> <\/noscript> <\/picture> <\/div><\/div><\/div>\n<\/div>\n<p><h3 class=\"voc-detail__title\"> De rayas<br \/>\n<\/h3>\n<\/p>\n<p class=\"voc-paragraph\">Este abrigo pertenece a Selection, una colecci\u00f3n de prendas confeccionada con materiales de calidad para construir un fondo de armario femenino y contempor\u00e1neo para tu d\u00eda a d\u00eda. Y a pesar de que es un modelo ponible, su dise\u00f1o est\u00e1 hecho para marcar la diferencia.\n<\/p>\n<p class=\"voc-paragraph\">Se trata de un abrigo en color beige claro que tiene un sutil estampado de rayas de color blanco. Tiene un corte recto con hombreras marcadas, es largo y est\u00e1 confeccionado con un tejido de calidad premium. Costaba 149 euros y ahora puede shacerte con \u00e9l por <strong>99,99 euros<\/strong>.\n<\/p>\n<div class=\"voc-detail-photo-zoom\"> <picture data-toggle=\"modal\" data-target=\"#photoZoomModal-745\" target=\"modal\">\n<div class=\"voc-img-icon-link\"> <img loading=\"lazy\" data-original=\"\/\/static.mujerhoy.com\/www\/multimedia\/202401\/08\/media\/cortadas\/abrigo-mango-cinturon-kk2B--650x900@MujerHoy.jpg\" width=\"650\" height=\"900\" class=\"lazy adsviu_analyse\"> <noscript> <img src=\"http:\/\/hoycordobaweb.com\/wp-content\/uploads\/2024\/01\/cinco-abrigos-de-las-rebajas-de-mango-que-parecen-lujo-silencioso-y-que-merecen-la-pena-1.webp\"> <\/noscript> <i class=\"voc-icons zoom voc-multimedia-box voc-ico-l\"><\/i> <\/div><figcaption class=\"figure-caption\"><\/figcaption><\/picture>\n<\/div>\n<div id=\"photoZoomModal-745\" class=\"voc-lightbox modal fade voc-lightbox--photo-zoom\" role=\"dialog\" data-voc-photozoom-lightbox>\n<div class=\"voc-lightbox__dialog\" role=\"document\">\n<div class=\"voc-lightbox__content\"> <!-- Modal header --> <!-- Modal content --> <\/p>\n<div class=\"voc-lightbox__photo-container\"> <picture class> <img loading=\"lazy\" data-original=\"\/\/static.mujerhoy.com\/www\/multimedia\/202401\/08\/media\/cortadas\/abrigo-mango-cinturon-kk2B--650x900@MujerHoy.jpg\" class=\"lazy\"> <noscript> <img src=\"http:\/\/hoycordobaweb.com\/wp-content\/uploads\/2024\/01\/cinco-abrigos-de-las-rebajas-de-mango-que-parecen-lujo-silencioso-y-que-merecen-la-pena-1.webp\"> <\/noscript> <\/picture> <\/div><\/div><\/div>\n<\/div>\n<p><h3 class=\"voc-detail__title\"> Con cintur\u00f3n<br \/>\n<\/h3>\n<\/p>\n<p class=\"voc-paragraph\">Los abrigos con cintur\u00f3n son una buen\u00edsima idea para aquellas que les gusta lucir siempre looks con los que verse estilizada y favorecida. Este detalle permite ajustar la prenda a la cintura, marcando as\u00ed la silueta incluso con los looks multicapas m\u00e1s calentitos del invierno.\n<\/p>\n<p class=\"voc-paragraph\">Y en Mango tienen a la venta un modelo que no nos puede gustar m\u00e1s. Se trata de un dise\u00f1o cruzada en color camel con cuello solapa y que est\u00e1 hecho a mano. Est\u00e1 disponible tambi\u00e9n en otros colores como el gris y el rosa y ahora est\u00e1 rebajado a <strong>95,99 euros<\/strong>, en vez de 119,99 euros.\n<\/p>\n<div class=\"voc-detail-photo-zoom\"> <picture data-toggle=\"modal\" data-target=\"#photoZoomModal-873\" target=\"modal\">\n<div class=\"voc-img-icon-link\"> <img loading=\"lazy\" data-original=\"\/\/static2.mujerhoy.com\/www\/multimedia\/202401\/08\/media\/cortadas\/abrido-lana-mango-kk2B--650x900@MujerHoy.jpg\" width=\"650\" height=\"900\" class=\"lazy adsviu_analyse\"> <noscript> <img src=\"http:\/\/hoycordobaweb.com\/wp-content\/uploads\/2024\/01\/cinco-abrigos-de-las-rebajas-de-mango-que-parecen-lujo-silencioso-y-que-merecen-la-pena-2.webp\"> <\/noscript> <i class=\"voc-icons zoom voc-multimedia-box voc-ico-l\"><\/i> <\/div><figcaption class=\"figure-caption\"><\/figcaption><\/picture>\n<\/div>\n<div id=\"photoZoomModal-873\" class=\"voc-lightbox modal fade voc-lightbox--photo-zoom\" role=\"dialog\" data-voc-photozoom-lightbox>\n<div class=\"voc-lightbox__dialog\" role=\"document\">\n<div class=\"voc-lightbox__content\"> <!-- Modal header --> <!-- Modal content --> <\/p>\n<div class=\"voc-lightbox__photo-container\"> <picture class> <img loading=\"lazy\" data-original=\"\/\/static2.mujerhoy.com\/www\/multimedia\/202401\/08\/media\/cortadas\/abrido-lana-mango-kk2B--650x900@MujerHoy.jpg\" class=\"lazy\"> <noscript> <img src=\"http:\/\/hoycordobaweb.com\/wp-content\/uploads\/2024\/01\/cinco-abrigos-de-las-rebajas-de-mango-que-parecen-lujo-silencioso-y-que-merecen-la-pena-2.webp\"> <\/noscript> <\/picture> <\/div><\/div><\/div>\n<\/div>\n<p><h3 class=\"voc-detail__title\"> Corto<br \/>\n<\/h3>\n<\/p>\n<p class=\"voc-paragraph\">Si los dise\u00f1os largos no van contigo porque te hacen parecer m\u00e1s bajita o, simplemente, no te parecen demasiado c\u00f3modos, siempre puedes recurrir a un modelo m\u00e1s corto como este dise\u00f1o cruzado que hemos fichado en la secci\u00f3n de descuentos de Mango.\n<\/p>\n<p class=\"voc-paragraph\">Es un abrigo de pa\u00f1o confeccionado en un tejido de mezcla de lana reciclada, que llevo un cuello pico con solapa. Es recto, cruzado y est\u00e1 disponible en liso o estampado. Costaba 75,99 euros y ahora lo puedes comprar por <strong>45,99 euros<\/strong>. Corre que se est\u00e1 agotando.\n<\/p>\n<div class=\"voc-detail-photo-zoom\"> <picture data-toggle=\"modal\" data-target=\"#photoZoomModal-257\" target=\"modal\">\n<div class=\"voc-img-icon-link\"> <img loading=\"lazy\" data-original=\"\/\/static3.mujerhoy.com\/www\/multimedia\/202401\/08\/media\/cortadas\/abrigo-negro-perfecto-kk2B--650x900@MujerHoy.jpg\" width=\"650\" height=\"900\" class=\"lazy adsviu_analyse\"> <noscript> <img src=\"http:\/\/hoycordobaweb.com\/wp-content\/uploads\/2024\/01\/cinco-abrigos-de-las-rebajas-de-mango-que-parecen-lujo-silencioso-y-que-merecen-la-pena-3.webp\"> <\/noscript> <i class=\"voc-icons zoom voc-multimedia-box voc-ico-l\"><\/i> <\/div><figcaption class=\"figure-caption\"><\/figcaption><\/picture>\n<\/div>\n<div id=\"photoZoomModal-257\" class=\"voc-lightbox modal fade voc-lightbox--photo-zoom\" role=\"dialog\" data-voc-photozoom-lightbox>\n<div class=\"voc-lightbox__dialog\" role=\"document\">\n<div class=\"voc-lightbox__content\"> <!-- Modal header --> <!-- Modal content --> <\/p>\n<div class=\"voc-lightbox__photo-container\"> <picture class> <img loading=\"lazy\" data-original=\"\/\/static3.mujerhoy.com\/www\/multimedia\/202401\/08\/media\/cortadas\/abrigo-negro-perfecto-kk2B--650x900@MujerHoy.jpg\" class=\"lazy\"> <noscript> <img src=\"http:\/\/hoycordobaweb.com\/wp-content\/uploads\/2024\/01\/cinco-abrigos-de-las-rebajas-de-mango-que-parecen-lujo-silencioso-y-que-merecen-la-pena-3.webp\"> <\/noscript> <\/picture> <\/div><\/div><\/div>\n<\/div>\n<p><h3 class=\"voc-detail__title\"> El negro perfecto<br \/>\n<\/h3>\n<\/p>\n<p class=\"voc-paragraph\">No hay nada como tener un abrigo negro en el armario. Es el comod\u00edn perfecto que, temporada tras temporada, no pasa de moda y siempre est\u00e1 bien. De hecho, los modelos de este estilo valen tanto para los lokks de diario como otros m\u00e1s elegantes.\n<\/p>\n<p class=\"voc-paragraph\">Este es un dise\u00f1o confeccionado con un tejido con mezcla de lana y caracterizado por tener una estructura pesada y un dise\u00f1o largo y recto. Lleva el cuello pico con solapa y tiene un claro estilo masculino que gusta much\u00edsimo. Est\u00e1 rebajado a <strong>119,99 euros<\/strong>.\n<\/p>\n<div class=\"voc-detail-photo-zoom\"> <picture data-toggle=\"modal\" data-target=\"#photoZoomModal-494\" target=\"modal\">\n<div class=\"voc-img-icon-link\"> <img loading=\"lazy\" data-original=\"\/\/static.mujerhoy.com\/www\/multimedia\/202401\/08\/media\/cortadas\/abrigo-pelo-kk2B--650x900@MujerHoy.jpg\" width=\"650\" height=\"900\" class=\"lazy adsviu_analyse\"> <noscript> <img src=\"http:\/\/hoycordobaweb.com\/wp-content\/uploads\/2024\/01\/cinco-abrigos-de-las-rebajas-de-mango-que-parecen-lujo-silencioso-y-que-merecen-la-pena-4.webp\"> <\/noscript> <i class=\"voc-icons zoom voc-multimedia-box voc-ico-l\"><\/i> <\/div><figcaption class=\"figure-caption\"><\/figcaption><\/picture>\n<\/div>\n<div id=\"photoZoomModal-494\" class=\"voc-lightbox modal fade voc-lightbox--photo-zoom\" role=\"dialog\" data-voc-photozoom-lightbox>\n<div class=\"voc-lightbox__dialog\" role=\"document\">\n<div class=\"voc-lightbox__content\"> <!-- Modal header --> <!-- Modal content --> <\/p>\n<div class=\"voc-lightbox__photo-container\"> <picture class> <img loading=\"lazy\" data-original=\"\/\/static.mujerhoy.com\/www\/multimedia\/202401\/08\/media\/cortadas\/abrigo-pelo-kk2B--650x900@MujerHoy.jpg\" class=\"lazy\"> <noscript> <img src=\"http:\/\/hoycordobaweb.com\/wp-content\/uploads\/2024\/01\/cinco-abrigos-de-las-rebajas-de-mango-que-parecen-lujo-silencioso-y-que-merecen-la-pena-4.webp\"> <\/noscript> <\/picture> <\/div><\/div><\/div>\n<\/div>\n<p><h3 class=\"voc-detail__title\"> De pelo<br \/>\n<\/h3>\n<\/p>\n<p class=\"voc-paragraph\">Por \u00faltimo, tenemos que hablar de los abrigos de pelo. Se trata de una tendencia puntera de esta temporada que est\u00e1 triunfando entre las mujeres m\u00e1s elegantes y estilosas de Instagram y que se ha colocado incluso como una opci\u00f3n para el d\u00eda a d\u00eda que lucir con zapatillas.\n<\/p>\n<p class=\"voc-paragraph\">Y este dise\u00f1o no puede ser m\u00e1s bonito para ello. Es un abrigo que pertenece a la colecci\u00f3n creada por Jen Ceballos, la modelo y creadora de contenido que est\u00e1 detr\u00e1s de esta exclusiva colecci\u00f3n de fiesta que celebra la sensualidad y el minimalismo. Es de 100% piel ovino y est\u00e1 rebajado de 699 euros a <strong>549 euros<\/strong>.\n<\/p>\n<p> <!-- TOPICS --> <\/p>\n","protected":false},"excerpt":{"rendered":"<p>Es hora de aprovechar las rebajas de invierno. Aunque con la llegada de la temporada de descuentos nos llama hacernos con nuestros favoritos a un mejor precio, lo cierto es que es un buen momento para comprar esos b\u00e1sicos de fondo de armario e invertir en piezas de calidad que vamos a poder usar durante [&hellip;]<\/p>\n","protected":false},"author":1,"featured_media":72791,"comment_status":"closed","ping_status":"closed","sticky":false,"template":"","format":"standard","meta":[],"categories":[1],"tags":[],"_links":{"self":[{"href":"http:\/\/hoycordobaweb.com\/index.php\/wp-json\/wp\/v2\/posts\/72790"}],"collection":[{"href":"http:\/\/hoycordobaweb.com\/index.php\/wp-json\/wp\/v2\/posts"}],"about":[{"href":"http:\/\/hoycordobaweb.com\/index.php\/wp-json\/wp\/v2\/types\/post"}],"author":[{"embeddable":true,"href":"http:\/\/hoycordobaweb.com\/index.php\/wp-json\/wp\/v2\/users\/1"}],"replies":[{"embeddable":true,"href":"http:\/\/hoycordobaweb.com\/index.php\/wp-json\/wp\/v2\/comments?post=72790"}],"version-history":[{"count":0,"href":"http:\/\/hoycordobaweb.com\/index.php\/wp-json\/wp\/v2\/posts\/72790\/revisions"}],"wp:featuredmedia":[{"embeddable":true,"href":"http:\/\/hoycordobaweb.com\/index.php\/wp-json\/wp\/v2\/media\/72791"}],"wp:attachment":[{"href":"http:\/\/hoycordobaweb.com\/index.php\/wp-json\/wp\/v2\/media?parent=72790"}],"wp:term":[{"taxonomy":"category","embeddable":true,"href":"http:\/\/hoycordobaweb.com\/index.php\/wp-json\/wp\/v2\/categories?post=72790"},{"taxonomy":"post_tag","embeddable":true,"href":"http:\/\/hoycordobaweb.com\/index.php\/wp-json\/wp\/v2\/tags?post=72790"}],"curies":[{"name":"wp","href":"https:\/\/api.w.org\/{rel}","templated":true}]}}